{"id":22152,"date":"2023-04-20T02:08:00","date_gmt":"2023-04-20T05:08:00","guid":{"rendered":"https:\/\/elfederalmendoza.com\/?p=22152"},"modified":"2023-04-20T11:08:45","modified_gmt":"2023-04-20T14:08:45","slug":"wado-de-pedro-hablo-de-los-funcionarios-que-no-funcionan-y-le-contestaron-que-use-un-espejo","status":"publish","type":"post","link":"https:\/\/elfederalmendoza.com.ar\/index.php\/2023\/04\/20\/wado-de-pedro-hablo-de-los-funcionarios-que-no-funcionan-y-le-contestaron-que-use-un-espejo\/","title":{"rendered":"Wado de Pedro habl\u00f3 de \u00ablos funcionarios que no funcionan\u00bb y le contestaron que \u00abuse un espejo\u00bb"},"content":{"rendered":"\n<p><strong>El n\u00facleo duro del albertismo sali\u00f3&nbsp; al cruce del ministro del Interior de la Naci\u00f3n, Eduardo \u00abWado\u00bb de Pedro, quien volvi\u00f3 a insistir con la idea de que en el Gobierno hay \u00abalgunos funcionarios que no funcionan\u00bb.<\/strong><\/p>\n\n\n\n<p><strong>\u00ab\u00a1Que use un espejo!\u00bb<\/strong>, fue la filosa respuesta de una fuente con acceso directo al despacho presidencial ante la consulta de la agencia Noticias Argentinas respecto de c\u00f3mo tomaron en la Casa Rosada las cr\u00edticas realizadas por el ministro del Interior.<br><strong><u><br><\/u><\/strong><strong><u>Wado de Pedro: \u00abTodav\u00eda hay funcionarios que no funcionan\u00bb<\/u><\/strong><strong><u><br><\/u><\/strong>Luego de participar en el Aeropuerto Internacional de Ezeiza del lanzamiento de \u00abAerol\u00edneas Argentinas Cargo\u00bb, con la presentaci\u00f3n de un Boeing 737-800 adaptado para realizar exclusivamente operaciones de carga a\u00e9rea, De Pedro volvi\u00f3 a cuestionar a sus pares dentro del Gabinete nacional.<\/p>\n\n\n\n<p><strong>\u00abEl actual gobierno, nuestro gobierno, con la pandemia , con la guerra, con la sequ\u00eda, con algunos funcionarios que no funcionan, hay gente que no ve una actitud y que no se est\u00e1 haciendo todo lo que hay que hacer y tambi\u00e9n tiene alg\u00fan tipo de desesperanza\u00bb<\/strong>, apunt\u00f3 De Pedro en declaraciones televisivas a C5N.<\/p>\n\n\n\n<p>A menos de 24 horas de la renuncia del jefe de Asesores de la Presidencia, Antonio Aracre, el ministro del Interior reedit\u00f3 la frase que instal\u00f3 la vicepresidenta Cristina Kirchner en una carta publicada en octubre de 2020, donde habl\u00f3 de la crisis econ\u00f3mica y reconoci\u00f3 que hab\u00eda \u00abfuncionarios que no funcionan\u00bb.<\/p>\n\n\n\n<p><strong><u>\u00ab\u00bfPor qu\u00e9 \u00e9l si funciona?\u00bb, le respondieron del Gobierno a Wado de Pedro<\/u><\/strong><\/p>\n\n\n\n<p><strong>\u00ab\u00bfPor qu\u00e9 \u00e9l si funciona? Adem\u00e1s, \u00bfdesde cu\u00e1ndo trabaja de fiscal de sus compa\u00f1eros de Gabinete?\u00bb<\/strong>, dispararon desde el interior del albertismo, aunque algunos integrantes de la mesa chica del presidente Alberto Fern\u00e1ndez optaron por permanecer en silencio.<\/p>\n\n\n\n<p>En esa l\u00ednea, las fuentes consultadas destacaron:&nbsp;<strong>\u00abEs el ministro pol\u00edtico de un Gobierno que perdi\u00f3 en el 2021, que est\u00e1 desarmado y desacoplado con 19 provincias desdoblando las elecciones\u00bb.<br><\/strong><br>\u00abEstoy totalmente de acuerdo con lo que dijo Wado. Tiene una gran capacidad de autocr\u00edtica\u00bb, ironizaron desde la Casa de Gobierno, para luego considerar que \u00abno es el momento de seguir tir\u00e1ndole nafta al fuego\u00bb.<\/p>\n\n\n\n<p>Con las declaraciones de De Pedro, quien evit\u00f3 dar nombres propios a la hora de apuntar contra sus compa\u00f1eros del Gabinete nacional, un sector del albertismo afirm\u00f3 que los dichos del ministro del Interior tienen \u00abuna manera intencionalidad pol\u00edtica\u00bb.<\/p>\n\n\n\n<p>\u00abWado busca diferenciarse de la gesti\u00f3n de Alberto, de la cual \u00e9l es parte, porque quiere ser precandidato a Presidente y cree que as\u00ed suma puntos\u00bb, sentenciaron fuentes con despacho en Balcarce 50, dejando nuevamente en evidencia las turbulencias pol\u00edticas que atraviesa el Frente de Todos.<\/p>\n","protected":false},"excerpt":{"rendered":"<p>El n\u00facleo duro del albertismo sali\u00f3&nbsp; al cruce del ministro del Interior de la Naci\u00f3n, Eduardo \u00abWado\u00bb de Pedro, quien volvi\u00f3 a insistir con la idea de que en el Gobierno hay \u00abalgunos funcionarios que no funcionan\u00bb. \u00ab\u00a1Que use un espejo!\u00bb, fue la filosa respuesta de una fuente con acceso directo al despacho presidencial ante<a class=\"read-more\" href=\"https:\/\/elfederalmendoza.com.ar\/index.php\/2023\/04\/20\/wado-de-pedro-hablo-de-los-funcionarios-que-no-funcionan-y-le-contestaron-que-use-un-espejo\/\"> [&hellip;]<\/a><\/p>\n","protected":false},"author":2,"featured_media":22153,"comment_status":"open","ping_status":"open","sticky":false,"template":"","format":"standard","meta":{"footnotes":""},"categories":[5618],"tags":[],"class_list":["post-22152","post","type-post","status-publish","format-standard","has-post-thumbnail","hentry","category-arg"],"rttpg_featured_image_url":{"full":["https:\/\/elfederalmendoza.com.ar\/wp-content\/uploads\/2023\/04\/wado-de-pedro-g20230419-1550567.jpg",1280,720,false],"landscape":["https:\/\/elfederalmendoza.com.ar\/wp-content\/uploads\/2023\/04\/wado-de-pedro-g20230419-1550567.jpg",1280,720,false],"portraits":["https:\/\/elfederalmendoza.com.ar\/wp-content\/uploads\/2023\/04\/wado-de-pedro-g20230419-1550567.jpg",1280,720,false],"thumbnail":["https:\/\/elfederalmendoza.com.ar\/wp-content\/uploads\/2023\/04\/wado-de-pedro-g20230419-1550567-150x150.jpg",150,150,true],"medium":["https:\/\/elfederalmendoza.com.ar\/wp-content\/uploads\/2023\/04\/wado-de-pedro-g20230419-1550567-300x169.jpg",300,169,true],"large":["https:\/\/elfederalmendoza.com.ar\/wp-content\/uploads\/2023\/04\/wado-de-pedro-g20230419-1550567-1024x576.jpg",640,360,true],"1536x1536":["https:\/\/elfederalmendoza.com.ar\/wp-content\/uploads\/2023\/04\/wado-de-pedro-g20230419-1550567.jpg",1280,720,false],"2048x2048":["https:\/\/elfederalmendoza.com.ar\/wp-content\/uploads\/2023\/04\/wado-de-pedro-g20230419-1550567.jpg",1280,720,false],"ultp_layout_landscape_large":["https:\/\/elfederalmendoza.com.ar\/wp-content\/uploads\/2023\/04\/wado-de-pedro-g20230419-1550567-1200x720.jpg",1200,720,true],"ultp_layout_landscape":["https:\/\/elfederalmendoza.com.ar\/wp-content\/uploads\/2023\/04\/wado-de-pedro-g20230419-1550567-870x570.jpg",870,570,true],"ultp_layout_portrait":["https:\/\/elfederalmendoza.com.ar\/wp-content\/uploads\/2023\/04\/wado-de-pedro-g20230419-1550567-600x720.jpg",600,720,true],"ultp_layout_square":["https:\/\/elfederalmendoza.com.ar\/wp-content\/uploads\/2023\/04\/wado-de-pedro-g20230419-1550567-600x600.jpg",600,600,true],"rpwe-thumbnail":["https:\/\/elfederalmendoza.com.ar\/wp-content\/uploads\/2023\/04\/wado-de-pedro-g20230419-1550567-45x45.jpg",45,45,true],"advps-thumb-one":["https:\/\/elfederalmendoza.com.ar\/wp-content\/uploads\/2023\/04\/wado-de-pedro-g20230419-1550567-1200x420.jpg",1200,420,true]},"rttpg_author":{"display_name":"Redacci\u00f3n El Federal","author_link":"https:\/\/elfederalmendoza.com.ar\/index.php\/author\/angelflores\/"},"rttpg_comment":0,"rttpg_category":"<a href=\"https:\/\/elfederalmendoza.com.ar\/index.php\/category\/arg\/\" rel=\"category tag\">Argentina<\/a>","rttpg_excerpt":"El n\u00facleo duro del albertismo sali\u00f3&nbsp; al cruce del ministro del Interior de la Naci\u00f3n, Eduardo \u00abWado\u00bb de Pedro, quien volvi\u00f3 a insistir con la idea de que en el Gobierno hay \u00abalgunos funcionarios que no funcionan\u00bb. \u00ab\u00a1Que use un espejo!\u00bb, fue la filosa respuesta de una fuente con acceso directo al despacho presidencial ante&hellip;","_links":{"self":[{"href":"https:\/\/elfederalmendoza.com.ar\/index.php\/wp-json\/wp\/v2\/posts\/22152","targetHints":{"allow":["GET"]}}],"collection":[{"href":"https:\/\/elfederalmendoza.com.ar\/index.php\/wp-json\/wp\/v2\/posts"}],"about":[{"href":"https:\/\/elfederalmendoza.com.ar\/index.php\/wp-json\/wp\/v2\/types\/post"}],"author":[{"embeddable":true,"href":"https:\/\/elfederalmendoza.com.ar\/index.php\/wp-json\/wp\/v2\/users\/2"}],"replies":[{"embeddable":true,"href":"https:\/\/elfederalmendoza.com.ar\/index.php\/wp-json\/wp\/v2\/comments?post=22152"}],"version-history":[{"count":1,"href":"https:\/\/elfederalmendoza.com.ar\/index.php\/wp-json\/wp\/v2\/posts\/22152\/revisions"}],"predecessor-version":[{"id":22154,"href":"https:\/\/elfederalmendoza.com.ar\/index.php\/wp-json\/wp\/v2\/posts\/22152\/revisions\/22154"}],"wp:featuredmedia":[{"embeddable":true,"href":"https:\/\/elfederalmendoza.com.ar\/index.php\/wp-json\/wp\/v2\/media\/22153"}],"wp:attachment":[{"href":"https:\/\/elfederalmendoza.com.ar\/index.php\/wp-json\/wp\/v2\/media?parent=22152"}],"wp:term":[{"taxonomy":"category","embeddable":true,"href":"https:\/\/elfederalmendoza.com.ar\/index.php\/wp-json\/wp\/v2\/categories?post=22152"},{"taxonomy":"post_tag","embeddable":true,"href":"https:\/\/elfederalmendoza.com.ar\/index.php\/wp-json\/wp\/v2\/tags?post=22152"}],"curies":[{"name":"wp","href":"https:\/\/api.w.org\/{rel}","templated":true}]}}