{"id":22156,"date":"2023-04-20T18:18:03","date_gmt":"2023-04-20T21:18:03","guid":{"rendered":"https:\/\/elfederalmendoza.com\/?p=22156"},"modified":"2023-04-20T18:22:59","modified_gmt":"2023-04-20T21:22:59","slug":"en-medio-de-la-gran-crisis-argentina-el-gobierno-alcanzo-el-maximo-nivel-de-rechazo-hacia-una-gestion-presidencial-de-los-ultimos-17-anos","status":"publish","type":"post","link":"https:\/\/elfederalmendoza.com.ar\/index.php\/2023\/04\/20\/en-medio-de-la-gran-crisis-argentina-el-gobierno-alcanzo-el-maximo-nivel-de-rechazo-hacia-una-gestion-presidencial-de-los-ultimos-17-anos\/","title":{"rendered":"En medio de la gran crisis argentina: el Gobierno alcanz\u00f3 el m\u00e1ximo nivel de rechazo hacia una gesti\u00f3n presidencial de los \u00faltimos 17 a\u00f1os"},"content":{"rendered":"\n<p>As\u00ed lo detecto la <strong>consultora Poliarqu\u00eda<\/strong> al analizar una serie hist\u00f3rica. Se profundiza el deterioro del humor social y la imagen negativa de los principales dirigentes del Frente de Todos.<\/p>\n\n\n\n<p>Tras un primer trimestre de alta inflaci\u00f3n, volatilidad cambiaria y profundizaci\u00f3n de las contradicciones pol\u00edticas internas, el humor social y la opini\u00f3n p\u00fablica la gesti\u00f3n del Gobierno empeoraron sensiblemente. Una relevamiento de la empresa Poliarqu\u00eda registr\u00f3 que la evaluaci\u00f3n positiva del Frente de Todos y de sus principales dirigentes alcanzaron \u201cm\u00ednimos hist\u00f3ricos\u201d.<\/p>\n\n\n\n<p>\u201c<strong>Nunca la gesti\u00f3n presidencial obtuvo un rechazo superior en los \u00faltimos 17 a\u00f1os<\/strong>\u201d, sentenci\u00f3 la consultora de opini\u00f3n p\u00fablica, seg\u00fan el anticipo de un trabajo privado al que tuvo acceso\u00a0<strong>Infobae<\/strong>. Estos resultados, seg\u00fan las conclusiones del estudio, \u201cdan cuenta de un nuevo retroceso en los indicadores de humor social\u201d.<\/p>\n\n\n\n<figure class=\"wp-block-image size-full\"><img loading=\"lazy\" decoding=\"async\" width=\"957\" height=\"537\" src=\"https:\/\/elfederalmendoza.com\/wp-content\/uploads\/2023\/04\/massa-alberto1.jpg\" alt=\"\" class=\"wp-image-22160\" srcset=\"https:\/\/elfederalmendoza.com.ar\/wp-content\/uploads\/2023\/04\/massa-alberto1.jpg 957w, https:\/\/elfederalmendoza.com.ar\/wp-content\/uploads\/2023\/04\/massa-alberto1-300x168.jpg 300w, https:\/\/elfederalmendoza.com.ar\/wp-content\/uploads\/2023\/04\/massa-alberto1-768x431.jpg 768w\" sizes=\"auto, (max-width: 957px) 100vw, 957px\" \/><\/figure>\n\n\n\n<p>Foto que se sacaron en la Quinta de Olivos para calmar los mercados<\/p>\n\n\n\n<p>Concretamente, el n\u00famero de la desaprobaci\u00f3n presidencial lleg\u00f3 al<strong>&nbsp;71 por ciento<\/strong>. El presidente<strong>&nbsp;Alberto Fern\u00e1ndez<\/strong>&nbsp;tambi\u00e9n tuvo una nueva ca\u00edda en su<strong>&nbsp;imagen positiva<\/strong>, al ubicarse solo en el&nbsp;<strong>18 por ciento<\/strong>.<\/p>\n\n\n\n<p>Sin embargo, el dato m\u00e1s categ\u00f3rico es \u201cevaluaci\u00f3n positiva de la administraci\u00f3n del Frente de Todos\u201d. En esa medici\u00f3n, el desempe\u00f1o pol\u00edtico de la experiencia cae dos puntos al m\u00ednimo registro hist\u00f3rico (16%). Una de las variables que se mide es el&nbsp;<strong>\u00cdndice de Optimismo Ciudadano (IOC)<\/strong>, que lleg\u00f3 al nivel de un&nbsp;<strong>\u201cpesimismo extremo\u201d<\/strong>&nbsp;y un valor de -132 puntos, el m\u00e1s bajo de toda la serie hist\u00f3rica que arranca en 2006.<\/p>\n\n\n\n<figure class=\"wp-block-image\"><img decoding=\"async\" src=\"https:\/\/cloudfront-us-east-1.images.arcpublishing.com\/infobae\/AJ6T6BGHXNCWFBDG6AN2C6KJH4.jpg\" alt=\"infografia\"\/><\/figure>\n\n\n\n<p>La visi\u00f3n negativa sobre la eficacia de la gesti\u00f3n impacta tambi\u00e9n en los distintos liderazgos del oficialismo que pugnan en el marco de la interna sobre c\u00f3mo se conformar\u00e1n las f\u00f3rmulas presidenciales. En estos casos, la percepci\u00f3n social tampoco ofrece una buena performance. La vicepresidenta&nbsp;<strong>Cristina Kirchner \u2014<\/strong>actualmente la candidata con mayor intenci\u00f3n de voto del Frente de Todos\u2014, obtuvo este mes \u201csu evaluaci\u00f3n negativa m\u00e1s alta de su carrera con el<strong>&nbsp;60 por ciento<\/strong>\u201d.<\/p>\n\n\n\n<p>Estos s\u00edntomas sobre el clima social coinciden con la preocupaci\u00f3n por los efectos de la inestabilidad macroecon\u00f3mica, y el da\u00f1o que produce el encarecimiento del costo de vida. Durante el mes de marzo, el \u00cdndice de Precios al Consumidor (IPC) del Indec obtuvo un\u00a0<strong>alza de 7,7 por ciento<\/strong>, alcanzando un nuevo punto alto. En el marco de esa puja inflacionaria, las opiniones sobre la econom\u00eda del pa\u00eds se mantienen estables respecto al \u00faltimo mes, aunque contin\u00faan posicionadas en\u00a0<strong>niveles cr\u00edticos<\/strong>.<\/p>\n\n\n\n<p>Dos de cada tres personas eval\u00faan negativamente la situaci\u00f3n actual de la Argentina,&nbsp;<strong>solo un punto por debajo del m\u00e1ximo valor en 20 a\u00f1os<\/strong>. Es un indicador que est\u00e1 a punto de alcanzar otro nivel r\u00e9cord en lo que respecta al malestar de la poblaci\u00f3n.<\/p>\n\n\n\n<p>Seg\u00fan divulg\u00f3&nbsp;<em>Poliarqu\u00eda&nbsp;<\/em>en su resumen ejecutivo, \u201cla inflaci\u00f3n permanece al tope de las preocupaciones de la sociedad\u201d, algo que impacta en los hogares. Las calificaciones positivas sobre \u201cla situaci\u00f3n econ\u00f3mica personal se mantienen entre los niveles m\u00e1s bajos de los \u00faltimos dos a\u00f1os\u201d.&nbsp;<strong>Ocho de cada diez piensan que sus ingresos crecer\u00e1n menos que la inflaci\u00f3n durante 2023<\/strong>.<\/p>\n\n\n\n<p>Desde la vereda pol\u00edtica adversaria, la muestra expone que los dirigentes pol\u00edticos mejor ponderados son de la oposici\u00f3n. Tres de los cuatro dirigentes mejor evaluados a nivel nacional pertenecen a&nbsp;<strong>Juntos por el Cambio<\/strong>.<\/p>\n\n\n\n<p>A tono con otros relevamientos privados, de ese pelot\u00f3n de precandidatos presidenciales sobresale el diputado de La Libertad Avanza,&nbsp;<strong>Javier Milei<\/strong>, quien no solo mantiene \u201cdos meses consecutivos de mejora en su imagen personal, sino que adem\u00e1s se consolida como el dirigente pol\u00edtico favorito de los argentinos\u201d, concluye el reporte.<\/p>\n\n\n\n<p>De esta manera, la oferta electoral opositora se configura de acuerdo a este relevamiento como el polo m\u00e1s atractivo para la ciudadan\u00eda, de cara a las elecciones presidenciales de octubre. Sin nombre fuertes a la vista, salvo el operativo clamor para que se presente la vicepresidenta\u00a0<strong>Cristina Kirchner<\/strong>, el Frente de Todos tiene tiempo hasta el 24 de junio para definir qu\u00e9 precandidatos se involucrar\u00e1n en este desafiante escenario adverso y representar\u00e1n el espacio en las PASO del 13 de agosto.<\/p>\n","protected":false},"excerpt":{"rendered":"<p>As\u00ed lo detecto la consultora Poliarqu\u00eda al analizar una serie hist\u00f3rica. Se profundiza el deterioro del humor social y la imagen negativa de los principales dirigentes del Frente de Todos. Tras un primer trimestre de alta inflaci\u00f3n, volatilidad cambiaria y profundizaci\u00f3n de las contradicciones pol\u00edticas internas, el humor social y la opini\u00f3n p\u00fablica la gesti\u00f3n<a class=\"read-more\" href=\"https:\/\/elfederalmendoza.com.ar\/index.php\/2023\/04\/20\/en-medio-de-la-gran-crisis-argentina-el-gobierno-alcanzo-el-maximo-nivel-de-rechazo-hacia-una-gestion-presidencial-de-los-ultimos-17-anos\/\"> [&hellip;]<\/a><\/p>\n","protected":false},"author":2,"featured_media":22157,"comment_status":"open","ping_status":"open","sticky":false,"template":"","format":"standard","meta":{"footnotes":""},"categories":[5618],"tags":[],"class_list":["post-22156","post","type-post","status-publish","format-standard","has-post-thumbnail","hentry","category-arg"],"rttpg_featured_image_url":{"full":["https:\/\/elfederalmendoza.com.ar\/wp-content\/uploads\/2023\/04\/massa-alberto.jpg",1060,592,false],"landscape":["https:\/\/elfederalmendoza.com.ar\/wp-content\/uploads\/2023\/04\/massa-alberto.jpg",1060,592,false],"portraits":["https:\/\/elfederalmendoza.com.ar\/wp-content\/uploads\/2023\/04\/massa-alberto.jpg",1060,592,false],"thumbnail":["https:\/\/elfederalmendoza.com.ar\/wp-content\/uploads\/2023\/04\/massa-alberto-150x150.jpg",150,150,true],"medium":["https:\/\/elfederalmendoza.com.ar\/wp-content\/uploads\/2023\/04\/massa-alberto-300x168.jpg",300,168,true],"large":["https:\/\/elfederalmendoza.com.ar\/wp-content\/uploads\/2023\/04\/massa-alberto-1024x572.jpg",640,358,true],"1536x1536":["https:\/\/elfederalmendoza.com.ar\/wp-content\/uploads\/2023\/04\/massa-alberto.jpg",1060,592,false],"2048x2048":["https:\/\/elfederalmendoza.com.ar\/wp-content\/uploads\/2023\/04\/massa-alberto.jpg",1060,592,false],"ultp_layout_landscape_large":["https:\/\/elfederalmendoza.com.ar\/wp-content\/uploads\/2023\/04\/massa-alberto.jpg",1060,592,false],"ultp_layout_landscape":["https:\/\/elfederalmendoza.com.ar\/wp-content\/uploads\/2023\/04\/massa-alberto-870x570.jpg",870,570,true],"ultp_layout_portrait":["https:\/\/elfederalmendoza.com.ar\/wp-content\/uploads\/2023\/04\/massa-alberto-600x592.jpg",600,592,true],"ultp_layout_square":["https:\/\/elfederalmendoza.com.ar\/wp-content\/uploads\/2023\/04\/massa-alberto-600x592.jpg",600,592,true],"rpwe-thumbnail":["https:\/\/elfederalmendoza.com.ar\/wp-content\/uploads\/2023\/04\/massa-alberto-45x45.jpg",45,45,true],"advps-thumb-one":["https:\/\/elfederalmendoza.com.ar\/wp-content\/uploads\/2023\/04\/massa-alberto-1060x420.jpg",1060,420,true]},"rttpg_author":{"display_name":"Redacci\u00f3n El Federal","author_link":"https:\/\/elfederalmendoza.com.ar\/index.php\/author\/angelflores\/"},"rttpg_comment":0,"rttpg_category":"<a href=\"https:\/\/elfederalmendoza.com.ar\/index.php\/category\/arg\/\" rel=\"category tag\">Argentina<\/a>","rttpg_excerpt":"As\u00ed lo detecto la consultora Poliarqu\u00eda al analizar una serie hist\u00f3rica. Se profundiza el deterioro del humor social y la imagen negativa de los principales dirigentes del Frente de Todos. Tras un primer trimestre de alta inflaci\u00f3n, volatilidad cambiaria y profundizaci\u00f3n de las contradicciones pol\u00edticas internas, el humor social y la opini\u00f3n p\u00fablica la gesti\u00f3n&hellip;","_links":{"self":[{"href":"https:\/\/elfederalmendoza.com.ar\/index.php\/wp-json\/wp\/v2\/posts\/22156","targetHints":{"allow":["GET"]}}],"collection":[{"href":"https:\/\/elfederalmendoza.com.ar\/index.php\/wp-json\/wp\/v2\/posts"}],"about":[{"href":"https:\/\/elfederalmendoza.com.ar\/index.php\/wp-json\/wp\/v2\/types\/post"}],"author":[{"embeddable":true,"href":"https:\/\/elfederalmendoza.com.ar\/index.php\/wp-json\/wp\/v2\/users\/2"}],"replies":[{"embeddable":true,"href":"https:\/\/elfederalmendoza.com.ar\/index.php\/wp-json\/wp\/v2\/comments?post=22156"}],"version-history":[{"count":3,"href":"https:\/\/elfederalmendoza.com.ar\/index.php\/wp-json\/wp\/v2\/posts\/22156\/revisions"}],"predecessor-version":[{"id":22163,"href":"https:\/\/elfederalmendoza.com.ar\/index.php\/wp-json\/wp\/v2\/posts\/22156\/revisions\/22163"}],"wp:featuredmedia":[{"embeddable":true,"href":"https:\/\/elfederalmendoza.com.ar\/index.php\/wp-json\/wp\/v2\/media\/22157"}],"wp:attachment":[{"href":"https:\/\/elfederalmendoza.com.ar\/index.php\/wp-json\/wp\/v2\/media?parent=22156"}],"wp:term":[{"taxonomy":"category","embeddable":true,"href":"https:\/\/elfederalmendoza.com.ar\/index.php\/wp-json\/wp\/v2\/categories?post=22156"},{"taxonomy":"post_tag","embeddable":true,"href":"https:\/\/elfederalmendoza.com.ar\/index.php\/wp-json\/wp\/v2\/tags?post=22156"}],"curies":[{"name":"wp","href":"https:\/\/api.w.org\/{rel}","templated":true}]}}