{"id":22165,"date":"2023-04-21T08:00:06","date_gmt":"2023-04-21T11:00:06","guid":{"rendered":"https:\/\/elfederalmendoza.com\/?p=22165"},"modified":"2023-04-21T08:08:22","modified_gmt":"2023-04-21T11:08:22","slug":"video-mataron-a-un-hombre-en-su-casa-de-guaymallen-y-le-robaron-una-moto","status":"publish","type":"post","link":"https:\/\/elfederalmendoza.com.ar\/index.php\/2023\/04\/21\/video-mataron-a-un-hombre-en-su-casa-de-guaymallen-y-le-robaron-una-moto\/","title":{"rendered":"-VIDEO- Mataron a un hombre en su casa de Guaymall\u00e9n y robaron una moto"},"content":{"rendered":"\n<p>La esposa de la v\u00edctima regres\u00f3 y lo encontr\u00f3 con una herida de arma de fuego. Fue trasladado a un hospital, pero solamente pudieron constatar el deceso.<\/p>\n\n\n\n<p>Al regresar a su casa,&nbsp;<strong>una mujer encontr\u00f3 a su esposo gravemente herido<\/strong>&nbsp;en el patio interno de su vivienda ubicada en calle Severo del Castillo 9.302, de Los Corralitos en Guaymall\u00e9n.<\/p>\n\n\n\n<p>Los vecinos trasladaron a la v\u00edctima al Micro Hospital Puente de Hierro, donde&nbsp;<strong>el m\u00e9dico de guardia no pudo hacer m\u00e1s que constatar su muerte<\/strong>, producto de una herida de arma de fuego.<\/p>\n\n\n\n<p>Luego de un llamado al 911, personal de la Polic\u00eda lleg\u00f3 al domicilio y constat\u00f3 la veracidad de lo informado.&nbsp;<strong>Al entrevistar a la mujer, los efectivos informaron que les manifest\u00f3 que, adem\u00e1s de encontrar a su esposo malherido, tambi\u00e9n not\u00f3 la ausencia de una moto&nbsp;<\/strong>marca Gilera de 200 cc, de color negra, dominio A-113-IAO, propiedad de quien ser\u00eda el agresor y es buscado por las autoridades.<\/p>\n\n\n\n<p><strong>El propietario de la moto fue identificado como Juan Vela, de 30 a\u00f1os.<\/strong>&nbsp;La Polic\u00eda inform\u00f3 que no se encuentra prontuariado, no registra antecedentes ni medidas pendientes.<\/p>\n\n\n\n<figure class=\"wp-block-embed is-type-video is-provider-youtube wp-block-embed-youtube wp-embed-aspect-16-9 wp-has-aspect-ratio\"><div class=\"wp-block-embed__wrapper\">\n<iframe loading=\"lazy\" title=\"Un hombre fue asesinado en Guaymall\u00e9n tras resistirse a un asalto en Puente de Hierro\" width=\"640\" height=\"360\" src=\"https:\/\/www.youtube.com\/embed\/ov2oHPpKblI?feature=oembed\" frameborder=\"0\" allow=\"accelerometer; autoplay; clipboard-write; encrypted-media; gyroscope; picture-in-picture; web-share\" referrerpolicy=\"strict-origin-when-cross-origin\" allowfullscreen><\/iframe>\n<\/div><figcaption class=\"wp-element-caption\">Video gentileza Canal 9 Mendoza<\/figcaption><\/figure>\n","protected":false},"excerpt":{"rendered":"<p>La esposa de la v\u00edctima regres\u00f3 y lo encontr\u00f3 con una herida de arma de fuego. Fue trasladado a un hospital, pero solamente pudieron constatar el deceso. Al regresar a su casa,&nbsp;una mujer encontr\u00f3 a su esposo gravemente herido&nbsp;en el patio interno de su vivienda ubicada en calle Severo del Castillo 9.302, de Los Corralitos<a class=\"read-more\" href=\"https:\/\/elfederalmendoza.com.ar\/index.php\/2023\/04\/21\/video-mataron-a-un-hombre-en-su-casa-de-guaymallen-y-le-robaron-una-moto\/\"> [&hellip;]<\/a><\/p>\n","protected":false},"author":2,"featured_media":22166,"comment_status":"open","ping_status":"open","sticky":false,"template":"","format":"standard","meta":{"footnotes":""},"categories":[1],"tags":[],"class_list":["post-22165","post","type-post","status-publish","format-standard","has-post-thumbnail","hentry","category-mza"],"rttpg_featured_image_url":{"full":["https:\/\/elfederalmendoza.com.ar\/wp-content\/uploads\/2023\/04\/ASE.jpg",978,618,false],"landscape":["https:\/\/elfederalmendoza.com.ar\/wp-content\/uploads\/2023\/04\/ASE.jpg",978,618,false],"portraits":["https:\/\/elfederalmendoza.com.ar\/wp-content\/uploads\/2023\/04\/ASE.jpg",978,618,false],"thumbnail":["https:\/\/elfederalmendoza.com.ar\/wp-content\/uploads\/2023\/04\/ASE-150x150.jpg",150,150,true],"medium":["https:\/\/elfederalmendoza.com.ar\/wp-content\/uploads\/2023\/04\/ASE-300x190.jpg",300,190,true],"large":["https:\/\/elfederalmendoza.com.ar\/wp-content\/uploads\/2023\/04\/ASE.jpg",640,404,false],"1536x1536":["https:\/\/elfederalmendoza.com.ar\/wp-content\/uploads\/2023\/04\/ASE.jpg",978,618,false],"2048x2048":["https:\/\/elfederalmendoza.com.ar\/wp-content\/uploads\/2023\/04\/ASE.jpg",978,618,false],"ultp_layout_landscape_large":["https:\/\/elfederalmendoza.com.ar\/wp-content\/uploads\/2023\/04\/ASE.jpg",978,618,false],"ultp_layout_landscape":["https:\/\/elfederalmendoza.com.ar\/wp-content\/uploads\/2023\/04\/ASE-870x570.jpg",870,570,true],"ultp_layout_portrait":["https:\/\/elfederalmendoza.com.ar\/wp-content\/uploads\/2023\/04\/ASE-600x618.jpg",600,618,true],"ultp_layout_square":["https:\/\/elfederalmendoza.com.ar\/wp-content\/uploads\/2023\/04\/ASE-600x600.jpg",600,600,true],"rpwe-thumbnail":["https:\/\/elfederalmendoza.com.ar\/wp-content\/uploads\/2023\/04\/ASE-45x45.jpg",45,45,true],"advps-thumb-one":["https:\/\/elfederalmendoza.com.ar\/wp-content\/uploads\/2023\/04\/ASE-978x420.jpg",978,420,true]},"rttpg_author":{"display_name":"Redacci\u00f3n El Federal","author_link":"https:\/\/elfederalmendoza.com.ar\/index.php\/author\/angelflores\/"},"rttpg_comment":0,"rttpg_category":"<a href=\"https:\/\/elfederalmendoza.com.ar\/index.php\/category\/mza\/\" rel=\"category tag\">Mendoza<\/a>","rttpg_excerpt":"La esposa de la v\u00edctima regres\u00f3 y lo encontr\u00f3 con una herida de arma de fuego. Fue trasladado a un hospital, pero solamente pudieron constatar el deceso. Al regresar a su casa,&nbsp;una mujer encontr\u00f3 a su esposo gravemente herido&nbsp;en el patio interno de su vivienda ubicada en calle Severo del Castillo 9.302, de Los Corralitos&hellip;","_links":{"self":[{"href":"https:\/\/elfederalmendoza.com.ar\/index.php\/wp-json\/wp\/v2\/posts\/22165","targetHints":{"allow":["GET"]}}],"collection":[{"href":"https:\/\/elfederalmendoza.com.ar\/index.php\/wp-json\/wp\/v2\/posts"}],"about":[{"href":"https:\/\/elfederalmendoza.com.ar\/index.php\/wp-json\/wp\/v2\/types\/post"}],"author":[{"embeddable":true,"href":"https:\/\/elfederalmendoza.com.ar\/index.php\/wp-json\/wp\/v2\/users\/2"}],"replies":[{"embeddable":true,"href":"https:\/\/elfederalmendoza.com.ar\/index.php\/wp-json\/wp\/v2\/comments?post=22165"}],"version-history":[{"count":2,"href":"https:\/\/elfederalmendoza.com.ar\/index.php\/wp-json\/wp\/v2\/posts\/22165\/revisions"}],"predecessor-version":[{"id":22169,"href":"https:\/\/elfederalmendoza.com.ar\/index.php\/wp-json\/wp\/v2\/posts\/22165\/revisions\/22169"}],"wp:featuredmedia":[{"embeddable":true,"href":"https:\/\/elfederalmendoza.com.ar\/index.php\/wp-json\/wp\/v2\/media\/22166"}],"wp:attachment":[{"href":"https:\/\/elfederalmendoza.com.ar\/index.php\/wp-json\/wp\/v2\/media?parent=22165"}],"wp:term":[{"taxonomy":"category","embeddable":true,"href":"https:\/\/elfederalmendoza.com.ar\/index.php\/wp-json\/wp\/v2\/categories?post=22165"},{"taxonomy":"post_tag","embeddable":true,"href":"https:\/\/elfederalmendoza.com.ar\/index.php\/wp-json\/wp\/v2\/tags?post=22165"}],"curies":[{"name":"wp","href":"https:\/\/api.w.org\/{rel}","templated":true}]}}