{"id":22168,"date":"2023-04-21T08:42:03","date_gmt":"2023-04-21T11:42:03","guid":{"rendered":"https:\/\/elfederalmendoza.com\/?p=22168"},"modified":"2023-04-21T08:43:17","modified_gmt":"2023-04-21T11:43:17","slug":"la-comunidad-huarpe-presento-un-pedido-de-en-la-legislatura-para-que-le-otoroguen-780-mil-hectareas-en-lavalle","status":"publish","type":"post","link":"https:\/\/elfederalmendoza.com.ar\/index.php\/2023\/04\/21\/la-comunidad-huarpe-presento-un-pedido-de-en-la-legislatura-para-que-le-otoroguen-780-mil-hectareas-en-lavalle\/","title":{"rendered":"La comunidad Huarpe present\u00f3 un pedido de en la Legislatura para que le otoroguen 780 mil hect\u00e1reas en Lavalle"},"content":{"rendered":"\n<p>La comunidad&nbsp;<strong>Huarpe<\/strong>&nbsp;reclama 780 mil hect\u00e1reas en el departamento de<strong>&nbsp;Lavalle<\/strong>, en la provincia de&nbsp;<strong>Mendoza<\/strong>. La comunidad originaria, que tiene personer\u00eda jur\u00eddica, ingres\u00f3 un pedido en la Legislatura Provincial para reclamar los derechos de tierra otorgados a trav\u00e9s de la Ley 6.920, que estableci\u00f3 la expropiaci\u00f3n de terrenos en el secano lavallino.<\/p>\n\n\n\n<p>El pedido de los&nbsp;<strong>Huarpes<\/strong>&nbsp;se basa en la necesidad de recuperar su territorio ancestral, que les fue arrebatado durante la conquista espa\u00f1ola y la posterior colonizaci\u00f3n. Seg\u00fan la comunidad, el reclamo se fundamenta en la Ley 26.160, que establece la emergencia en materia de posesi\u00f3n y propiedad de las tierras que tradicionalmente ocupan las comunidades ind\u00edgenas originarias.<\/p>\n\n\n\n<p>Los representantes de la comunidad\u00a0<strong>Huarpe\u00a0<\/strong>esperan que el pedido sea escuchado y que se avance en la restituci\u00f3n de sus tierras ancestrales. El reclamo de los\u00a0<strong>Huarpes<\/strong>\u00a0se suma a los de otras comunidades originarias en la provincia de\u00a0<strong>Mendoza<\/strong>, que luchan por la recuperaci\u00f3n de sus tierras y la preservaci\u00f3n de su cultura y tradiciones.<\/p>\n\n\n\n<p><em>Fuente: Diario Mendoza<\/em><\/p>\n","protected":false},"excerpt":{"rendered":"<p>La comunidad&nbsp;Huarpe&nbsp;reclama 780 mil hect\u00e1reas en el departamento de&nbsp;Lavalle, en la provincia de&nbsp;Mendoza. La comunidad originaria, que tiene personer\u00eda jur\u00eddica, ingres\u00f3 un pedido en la Legislatura Provincial para reclamar los derechos de tierra otorgados a trav\u00e9s de la Ley 6.920, que estableci\u00f3 la expropiaci\u00f3n de terrenos en el secano lavallino. El pedido de los&nbsp;Huarpes&nbsp;se basa<a class=\"read-more\" href=\"https:\/\/elfederalmendoza.com.ar\/index.php\/2023\/04\/21\/la-comunidad-huarpe-presento-un-pedido-de-en-la-legislatura-para-que-le-otoroguen-780-mil-hectareas-en-lavalle\/\"> [&hellip;]<\/a><\/p>\n","protected":false},"author":2,"featured_media":22175,"comment_status":"open","ping_status":"open","sticky":false,"template":"","format":"standard","meta":{"footnotes":""},"categories":[1],"tags":[],"class_list":["post-22168","post","type-post","status-publish","format-standard","has-post-thumbnail","hentry","category-mza"],"rttpg_featured_image_url":{"full":["https:\/\/elfederalmendoza.com.ar\/wp-content\/uploads\/2023\/04\/lavalle1_1000_1100.jpg",1100,825,false],"landscape":["https:\/\/elfederalmendoza.com.ar\/wp-content\/uploads\/2023\/04\/lavalle1_1000_1100.jpg",1100,825,false],"portraits":["https:\/\/elfederalmendoza.com.ar\/wp-content\/uploads\/2023\/04\/lavalle1_1000_1100.jpg",1100,825,false],"thumbnail":["https:\/\/elfederalmendoza.com.ar\/wp-content\/uploads\/2023\/04\/lavalle1_1000_1100-150x150.jpg",150,150,true],"medium":["https:\/\/elfederalmendoza.com.ar\/wp-content\/uploads\/2023\/04\/lavalle1_1000_1100-300x225.jpg",300,225,true],"large":["https:\/\/elfederalmendoza.com.ar\/wp-content\/uploads\/2023\/04\/lavalle1_1000_1100-1024x768.jpg",640,480,true],"1536x1536":["https:\/\/elfederalmendoza.com.ar\/wp-content\/uploads\/2023\/04\/lavalle1_1000_1100.jpg",1100,825,false],"2048x2048":["https:\/\/elfederalmendoza.com.ar\/wp-content\/uploads\/2023\/04\/lavalle1_1000_1100.jpg",1100,825,false],"ultp_layout_landscape_large":["https:\/\/elfederalmendoza.com.ar\/wp-content\/uploads\/2023\/04\/lavalle1_1000_1100-1100x800.jpg",1100,800,true],"ultp_layout_landscape":["https:\/\/elfederalmendoza.com.ar\/wp-content\/uploads\/2023\/04\/lavalle1_1000_1100-870x570.jpg",870,570,true],"ultp_layout_portrait":["https:\/\/elfederalmendoza.com.ar\/wp-content\/uploads\/2023\/04\/lavalle1_1000_1100-600x825.jpg",600,825,true],"ultp_layout_square":["https:\/\/elfederalmendoza.com.ar\/wp-content\/uploads\/2023\/04\/lavalle1_1000_1100-600x600.jpg",600,600,true],"rpwe-thumbnail":["https:\/\/elfederalmendoza.com.ar\/wp-content\/uploads\/2023\/04\/lavalle1_1000_1100-45x45.jpg",45,45,true],"advps-thumb-one":["https:\/\/elfederalmendoza.com.ar\/wp-content\/uploads\/2023\/04\/lavalle1_1000_1100-1100x420.jpg",1100,420,true]},"rttpg_author":{"display_name":"Redacci\u00f3n El Federal","author_link":"https:\/\/elfederalmendoza.com.ar\/index.php\/author\/angelflores\/"},"rttpg_comment":0,"rttpg_category":"<a href=\"https:\/\/elfederalmendoza.com.ar\/index.php\/category\/mza\/\" rel=\"category tag\">Mendoza<\/a>","rttpg_excerpt":"La comunidad&nbsp;Huarpe&nbsp;reclama 780 mil hect\u00e1reas en el departamento de&nbsp;Lavalle, en la provincia de&nbsp;Mendoza. La comunidad originaria, que tiene personer\u00eda jur\u00eddica, ingres\u00f3 un pedido en la Legislatura Provincial para reclamar los derechos de tierra otorgados a trav\u00e9s de la Ley 6.920, que estableci\u00f3 la expropiaci\u00f3n de terrenos en el secano lavallino. El pedido de los&nbsp;Huarpes&nbsp;se basa&hellip;","_links":{"self":[{"href":"https:\/\/elfederalmendoza.com.ar\/index.php\/wp-json\/wp\/v2\/posts\/22168","targetHints":{"allow":["GET"]}}],"collection":[{"href":"https:\/\/elfederalmendoza.com.ar\/index.php\/wp-json\/wp\/v2\/posts"}],"about":[{"href":"https:\/\/elfederalmendoza.com.ar\/index.php\/wp-json\/wp\/v2\/types\/post"}],"author":[{"embeddable":true,"href":"https:\/\/elfederalmendoza.com.ar\/index.php\/wp-json\/wp\/v2\/users\/2"}],"replies":[{"embeddable":true,"href":"https:\/\/elfederalmendoza.com.ar\/index.php\/wp-json\/wp\/v2\/comments?post=22168"}],"version-history":[{"count":1,"href":"https:\/\/elfederalmendoza.com.ar\/index.php\/wp-json\/wp\/v2\/posts\/22168\/revisions"}],"predecessor-version":[{"id":22174,"href":"https:\/\/elfederalmendoza.com.ar\/index.php\/wp-json\/wp\/v2\/posts\/22168\/revisions\/22174"}],"wp:featuredmedia":[{"embeddable":true,"href":"https:\/\/elfederalmendoza.com.ar\/index.php\/wp-json\/wp\/v2\/media\/22175"}],"wp:attachment":[{"href":"https:\/\/elfederalmendoza.com.ar\/index.php\/wp-json\/wp\/v2\/media?parent=22168"}],"wp:term":[{"taxonomy":"category","embeddable":true,"href":"https:\/\/elfederalmendoza.com.ar\/index.php\/wp-json\/wp\/v2\/categories?post=22168"},{"taxonomy":"post_tag","embeddable":true,"href":"https:\/\/elfederalmendoza.com.ar\/index.php\/wp-json\/wp\/v2\/tags?post=22168"}],"curies":[{"name":"wp","href":"https:\/\/api.w.org\/{rel}","templated":true}]}}