{"id":22170,"date":"2023-04-21T08:38:31","date_gmt":"2023-04-21T11:38:31","guid":{"rendered":"https:\/\/elfederalmendoza.com\/?p=22170"},"modified":"2023-04-21T08:38:32","modified_gmt":"2023-04-21T11:38:32","slug":"detienen-a-personas-por-portar-peligrosas-armas-tumberas-en-el-barrio-la-favorita-y-las-heras","status":"publish","type":"post","link":"https:\/\/elfederalmendoza.com.ar\/index.php\/2023\/04\/21\/detienen-a-personas-por-portar-peligrosas-armas-tumberas-en-el-barrio-la-favorita-y-las-heras\/","title":{"rendered":"Detienen a personas por portar peligrosas armas tumberas en el barrio La Favorita y Las Heras"},"content":{"rendered":"\n<p>En medio del\u00a0<strong>hartazgo por la inseguridad<\/strong>\u00a0sobre todo tras el crimen de\u00a0<strong>\u00c1ngel Yerdeo<\/strong>\u00a0quien fue a comprar una moto y lo mataron a sangre fr\u00eda, en el\u00a0<strong>barrio La Favorita,<\/strong>\u00a0la Polic\u00eda encontr\u00f3 a un joven de 20 a\u00f1os y un menor de edad, manipulando una\u00a0<strong>peligrosa arma tumbera, hecha con resortes y hierro.<\/strong><\/p>\n\n\n\n<p>El hecho ocurri\u00f3 durante la madrugada de este jueves, cuando la Polic\u00eda detuvo a un joven de 20 a\u00f1os que circulaba junto a un menor de edad, portaba&nbsp;<em>\u00abuna tumbera\u00bb,<\/em>&nbsp;un arma de fuego de fabricaci\u00f3n casera,&nbsp;<\/p>\n\n\n\n<p>La Polic\u00eda los encontr\u00f3 en el interior del&nbsp;<strong>barrio Colinas del Oeste<\/strong>, en la&nbsp;<strong>Ciudad de Mendoza<\/strong>.<\/p>\n\n\n\n<p>Seg\u00fan informaron las autoridades, el hecho ocurri\u00f3 alrededor de las 00:15, cuando los agentes realizaban un patrullaje preventivo por la calle&nbsp;<strong>Carlos Berdasco<\/strong>&nbsp;y observaron a dos sujetos que actuaban de forma sospechosa.<\/p>\n\n\n\n<p>Al intentar identificarlos, los individuos <strong>emprendieron la fuga<\/strong>, pero fueron alcanzados a las pocas cuadras.<\/p>\n\n\n\n<p>Al requisar al mayor de edad, se le encontr\u00f3 una pistola casera de&nbsp;<strong>15 cent\u00edmetros de metal con un resorte de alambre<\/strong>&nbsp;y un mecanismo de disparo adaptado para cartuchos calibre 22 mil\u00edmetros.<\/p>\n\n\n\n<p>Adem\u00e1s, se le secuestraron\u00a0<strong>seis proyectiles de dicho calibre y un hierro de 4 mil\u00edmetros en forma de L<\/strong>. El menor que lo acompa\u00f1aba<strong> fue entregado a sus familiares<\/strong>. El detenido qued\u00f3 a disposici\u00f3n de la Oficina Fiscal 2, acusado de portaci\u00f3n ilegal de arma de fuego.<\/p>\n\n\n\n<p><img decoding=\"async\" src=\"https:\/\/elnueve-compress.s3-accelerate.amazonaws.com\/files\/1682001706506Arma-tumbera-la-favorita.jpg\"><\/p>\n\n\n\n<p>Los detenidos estaban dentro de una de las barriadas de La Favorita.<\/p>\n\n\n\n<h2 class=\"wp-block-heading\">M\u00e1s armas tumberas en Las Heras<\/h2>\n\n\n\n<p>En la madrugada de este jueves, la&nbsp;<strong>Polic\u00eda de Las Heras<\/strong>&nbsp;logr\u00f3 capturar a dos delincuentes que circulaban en una moto con un arma casera.<\/p>\n\n\n\n<p><strong>Los sujetos fueron identificados como R. Z. de 32 a\u00f1os y D. A. de 22 a\u00f1os<\/strong>, quienes intentaron escapar al notar la presencia de los uniformados.<\/p>\n\n\n\n<p>En la huida, uno de ellos arroj\u00f3 el arma tumbera, que fue hallada por los efectivos tras un rastrillaje.<\/p>\n\n\n\n<p>El hecho ocurri\u00f3 cerca de las 21:30 en el cruce de la<strong> Ruta 40 y la Ruta 23 de Las Heras.<\/strong><\/p>\n\n\n\n<p>Los detenidos fueron trasladados a la Oficina Fiscal 14, donde se les inici\u00f3 una<strong>&nbsp;causa por portaci\u00f3n ilegal de arma de fuego.<\/strong><\/p>\n\n\n\n<figure class=\"wp-block-image is-resized\"><img loading=\"lazy\" decoding=\"async\" src=\"https:\/\/elnueve-compress.s3-accelerate.amazonaws.com\/files\/1682001706507Arma-tumbera-las-heras.jpg\" alt=\"\" width=\"947\" height=\"2104\"\/><\/figure>\n","protected":false},"excerpt":{"rendered":"<p>En medio del\u00a0hartazgo por la inseguridad\u00a0sobre todo tras el crimen de\u00a0\u00c1ngel Yerdeo\u00a0quien fue a comprar una moto y lo mataron a sangre fr\u00eda, en el\u00a0barrio La Favorita,\u00a0la Polic\u00eda encontr\u00f3 a un joven de 20 a\u00f1os y un menor de edad, manipulando una\u00a0peligrosa arma tumbera, hecha con resortes y hierro. El hecho ocurri\u00f3 durante la madrugada<a class=\"read-more\" href=\"https:\/\/elfederalmendoza.com.ar\/index.php\/2023\/04\/21\/detienen-a-personas-por-portar-peligrosas-armas-tumberas-en-el-barrio-la-favorita-y-las-heras\/\"> [&hellip;]<\/a><\/p>\n","protected":false},"author":2,"featured_media":22171,"comment_status":"open","ping_status":"open","sticky":false,"template":"","format":"standard","meta":{"footnotes":""},"categories":[1],"tags":[],"class_list":["post-22170","post","type-post","status-publish","format-standard","has-post-thumbnail","hentry","category-mza"],"rttpg_featured_image_url":{"full":["https:\/\/elfederalmendoza.com.ar\/wp-content\/uploads\/2023\/04\/tumberas.jpg",979,644,false],"landscape":["https:\/\/elfederalmendoza.com.ar\/wp-content\/uploads\/2023\/04\/tumberas.jpg",979,644,false],"portraits":["https:\/\/elfederalmendoza.com.ar\/wp-content\/uploads\/2023\/04\/tumberas.jpg",979,644,false],"thumbnail":["https:\/\/elfederalmendoza.com.ar\/wp-content\/uploads\/2023\/04\/tumberas-150x150.jpg",150,150,true],"medium":["https:\/\/elfederalmendoza.com.ar\/wp-content\/uploads\/2023\/04\/tumberas-300x197.jpg",300,197,true],"large":["https:\/\/elfederalmendoza.com.ar\/wp-content\/uploads\/2023\/04\/tumberas.jpg",640,421,false],"1536x1536":["https:\/\/elfederalmendoza.com.ar\/wp-content\/uploads\/2023\/04\/tumberas.jpg",979,644,false],"2048x2048":["https:\/\/elfederalmendoza.com.ar\/wp-content\/uploads\/2023\/04\/tumberas.jpg",979,644,false],"ultp_layout_landscape_large":["https:\/\/elfederalmendoza.com.ar\/wp-content\/uploads\/2023\/04\/tumberas.jpg",979,644,false],"ultp_layout_landscape":["https:\/\/elfederalmendoza.com.ar\/wp-content\/uploads\/2023\/04\/tumberas-870x570.jpg",870,570,true],"ultp_layout_portrait":["https:\/\/elfederalmendoza.com.ar\/wp-content\/uploads\/2023\/04\/tumberas-600x644.jpg",600,644,true],"ultp_layout_square":["https:\/\/elfederalmendoza.com.ar\/wp-content\/uploads\/2023\/04\/tumberas-600x600.jpg",600,600,true],"rpwe-thumbnail":["https:\/\/elfederalmendoza.com.ar\/wp-content\/uploads\/2023\/04\/tumberas-45x45.jpg",45,45,true],"advps-thumb-one":["https:\/\/elfederalmendoza.com.ar\/wp-content\/uploads\/2023\/04\/tumberas-979x420.jpg",979,420,true]},"rttpg_author":{"display_name":"Redacci\u00f3n El Federal","author_link":"https:\/\/elfederalmendoza.com.ar\/index.php\/author\/angelflores\/"},"rttpg_comment":0,"rttpg_category":"<a href=\"https:\/\/elfederalmendoza.com.ar\/index.php\/category\/mza\/\" rel=\"category tag\">Mendoza<\/a>","rttpg_excerpt":"En medio del\u00a0hartazgo por la inseguridad\u00a0sobre todo tras el crimen de\u00a0\u00c1ngel Yerdeo\u00a0quien fue a comprar una moto y lo mataron a sangre fr\u00eda, en el\u00a0barrio La Favorita,\u00a0la Polic\u00eda encontr\u00f3 a un joven de 20 a\u00f1os y un menor de edad, manipulando una\u00a0peligrosa arma tumbera, hecha con resortes y hierro. El hecho ocurri\u00f3 durante la madrugada&hellip;","_links":{"self":[{"href":"https:\/\/elfederalmendoza.com.ar\/index.php\/wp-json\/wp\/v2\/posts\/22170","targetHints":{"allow":["GET"]}}],"collection":[{"href":"https:\/\/elfederalmendoza.com.ar\/index.php\/wp-json\/wp\/v2\/posts"}],"about":[{"href":"https:\/\/elfederalmendoza.com.ar\/index.php\/wp-json\/wp\/v2\/types\/post"}],"author":[{"embeddable":true,"href":"https:\/\/elfederalmendoza.com.ar\/index.php\/wp-json\/wp\/v2\/users\/2"}],"replies":[{"embeddable":true,"href":"https:\/\/elfederalmendoza.com.ar\/index.php\/wp-json\/wp\/v2\/comments?post=22170"}],"version-history":[{"count":1,"href":"https:\/\/elfederalmendoza.com.ar\/index.php\/wp-json\/wp\/v2\/posts\/22170\/revisions"}],"predecessor-version":[{"id":22172,"href":"https:\/\/elfederalmendoza.com.ar\/index.php\/wp-json\/wp\/v2\/posts\/22170\/revisions\/22172"}],"wp:featuredmedia":[{"embeddable":true,"href":"https:\/\/elfederalmendoza.com.ar\/index.php\/wp-json\/wp\/v2\/media\/22171"}],"wp:attachment":[{"href":"https:\/\/elfederalmendoza.com.ar\/index.php\/wp-json\/wp\/v2\/media?parent=22170"}],"wp:term":[{"taxonomy":"category","embeddable":true,"href":"https:\/\/elfederalmendoza.com.ar\/index.php\/wp-json\/wp\/v2\/categories?post=22170"},{"taxonomy":"post_tag","embeddable":true,"href":"https:\/\/elfederalmendoza.com.ar\/index.php\/wp-json\/wp\/v2\/tags?post=22170"}],"curies":[{"name":"wp","href":"https:\/\/api.w.org\/{rel}","templated":true}]}}