{"id":22177,"date":"2023-04-21T06:17:00","date_gmt":"2023-04-21T09:17:00","guid":{"rendered":"https:\/\/elfederalmendoza.com\/?p=22177"},"modified":"2023-04-21T09:34:05","modified_gmt":"2023-04-21T12:34:05","slug":"mercado-libre-busca-a-800-empleados-en-argentina","status":"publish","type":"post","link":"https:\/\/elfederalmendoza.com.ar\/index.php\/2023\/04\/21\/mercado-libre-busca-a-800-empleados-en-argentina\/","title":{"rendered":"Mercado Libre busca a 800 empleados en Argentina"},"content":{"rendered":"\n<p><strong>Mercado Libre,<\/strong>&nbsp;la&nbsp;<strong>plataforma de&nbsp;<a href=\"https:\/\/www.mdzol.com\/dinero\/2023\/3\/11\/comercio-electronico-imparable-crece-ya-es-un-habito-321289.html\">comercio electr\u00f3nico<\/a>&nbsp;y servicios financieros<\/strong>&nbsp;m\u00e1s grande de Am\u00e9rica latina&nbsp;<strong>anunci\u00f3 que&nbsp;incorporar\u00e1 m\u00e1s de 13.000 personas<\/strong>, principalmente en sus&nbsp;<strong>\u00e1reas de Tecnolog\u00eda, Producto y Log\u00edstica.<\/strong>&nbsp;<\/p>\n\n\n\n<p><strong>Ser\u00e1n&nbsp;5.800 puestos en Brasil, 5.350 en M\u00e9xico, 800 en Argentina, 600 en Chile, 600 en Colombia y 150 en Uruguay<\/strong>. En total, la plataforma de comercio electr\u00f3nico y servicios financieros tendr\u00e1 un equipo regional que superar\u00e1 las 50.000 personas hacia fin de a\u00f1o.&nbsp;<\/p>\n\n\n\n<figure class=\"wp-block-image is-resized\"><img loading=\"lazy\" decoding=\"async\" src=\"https:\/\/www.mdzol.com\/u\/fotografias\/m\/2021\/6\/18\/f768x400-1071337_1115240_5531.jpg\" alt=\"\" width=\"948\" height=\"494\"\/><\/figure>\n\n\n\n<p>\u201cEn el contexto actual del mercado laboral es un enorme privilegio y orgullo seguir generando empleo de calidad en Am\u00e9rica Latina. Queremos atraer al mejor talento emprendedor para seguir innovando, tomando riesgos y ejecutando con excelencia en un entorno de m\u00faltiples desaf\u00edos\u201d, coment\u00f3&nbsp;<strong>Sebasti\u00e1n Fern\u00e1ndez Silva, Chief People Officer de&nbsp;<a href=\"https:\/\/www.mdzol.com\/dinero\/2023\/2\/25\/mercado-libre-genero-ganancias-por-una-cifra-increible-317701.html\">Mercado Libre<\/a><\/strong>.<\/p>\n\n\n\n<p>El plan de contrataciones de Mercado Libre contempla la incorporaci\u00f3n de&nbsp;m\u00e1s de 1700 profesionales al \u00e1rea de Tecnolog\u00eda, el coraz\u00f3n de las operaciones de la compa\u00f1\u00eda.&nbsp;<strong>En Argentina, se sumar\u00e1n 400 personas en IT y Producto.<\/strong><\/p>\n\n\n\n<figure class=\"wp-block-image is-resized\"><img loading=\"lazy\" decoding=\"async\" src=\"https:\/\/www.mdzol.com\/u\/fotografias\/m\/2020\/8\/30\/f768x400-952924_996827_5050.jpeg\" alt=\"\" width=\"945\" height=\"492\"\/><\/figure>\n\n\n\n<p>\u201cEstamos en permanente evoluci\u00f3n, con una propuesta de valor integral, que busca que cada persona que se suma a Mercado Libre despliegue su m\u00e1ximo potencial. Desde hace dos a\u00f1os trabajamos en una modalidad remota con presencialidad opcional. Es decir, cada persona puede elegir el esquema de trabajo que mejor se acomode a sus necesidades profesionales y tambi\u00e9n personales, en un entorno de m\u00e1xima flexibilidad que inspira a dar lo mejor. Tambi\u00e9n incorporamos la posibilidad de trabajar hasta 90 d\u00edas al a\u00f1o desde cualquier parte del mundo. Nos enfocamos en crear entornos de trabajo basados en la confianza, que brinden autonom\u00eda para emprender, tomar riesgos e innovar\u201d, explic\u00f3&nbsp;Sebasti\u00e1n Fern\u00e1ndez Silva.<\/p>\n\n\n\n<p>En tanto, las m\u00e1s de&nbsp;<strong>10.000 incorporaciones al \u00e1rea log\u00edstica<\/strong>&nbsp;apuntan a seguir reforzando una red cada vez m\u00e1s amplia, para continuar evolucionando y mejorando la experiencia de millones de usuarios. S\u00f3lo en 2022, Mercado Libre entreg\u00f3&nbsp;mil millones&nbsp;de paquetes a trav\u00e9s de su propia red log\u00edstica. Las contrataciones estar\u00e1n centradas sobre todo en Brasil y M\u00e9xico, los principales mercados.&nbsp;<\/p>\n\n\n\n<p>La compa\u00f1\u00eda cuenta con 19 centros de almacenamiento distribuidos en Brasil, M\u00e9xico, Chile, Colombia y Argentina, que optimizan la distribuci\u00f3n para garantizar entregas r\u00e1pidas, seguras y flexibles.<\/p>\n\n\n\n<p>Todas las b\u00fasquedas activas se encuentran disponibles en&nbsp;<strong><a href=\"https:\/\/mercadolibre.com\/empleo\" target=\"_blank\" rel=\"noreferrer noopener\">mercadolibre.com\/empleo<\/a>.<\/strong>.<\/p>\n","protected":false},"excerpt":{"rendered":"<p>Mercado Libre,&nbsp;la&nbsp;plataforma de&nbsp;comercio electr\u00f3nico&nbsp;y servicios financieros&nbsp;m\u00e1s grande de Am\u00e9rica latina&nbsp;anunci\u00f3 que&nbsp;incorporar\u00e1 m\u00e1s de 13.000 personas, principalmente en sus&nbsp;\u00e1reas de Tecnolog\u00eda, Producto y Log\u00edstica.&nbsp; Ser\u00e1n&nbsp;5.800 puestos en Brasil, 5.350 en M\u00e9xico, 800 en Argentina, 600 en Chile, 600 en Colombia y 150 en Uruguay. En total, la plataforma de comercio electr\u00f3nico y servicios financieros tendr\u00e1 un<a class=\"read-more\" href=\"https:\/\/elfederalmendoza.com.ar\/index.php\/2023\/04\/21\/mercado-libre-busca-a-800-empleados-en-argentina\/\"> [&hellip;]<\/a><\/p>\n","protected":false},"author":2,"featured_media":22178,"comment_status":"open","ping_status":"open","sticky":false,"template":"","format":"standard","meta":{"footnotes":""},"categories":[5618],"tags":[],"class_list":["post-22177","post","type-post","status-publish","format-standard","has-post-thumbnail","hentry","category-arg"],"rttpg_featured_image_url":{"full":["https:\/\/elfederalmendoza.com.ar\/wp-content\/uploads\/2023\/04\/mercado-libre1.jpg",918,611,false],"landscape":["https:\/\/elfederalmendoza.com.ar\/wp-content\/uploads\/2023\/04\/mercado-libre1.jpg",918,611,false],"portraits":["https:\/\/elfederalmendoza.com.ar\/wp-content\/uploads\/2023\/04\/mercado-libre1.jpg",918,611,false],"thumbnail":["https:\/\/elfederalmendoza.com.ar\/wp-content\/uploads\/2023\/04\/mercado-libre1-150x150.jpg",150,150,true],"medium":["https:\/\/elfederalmendoza.com.ar\/wp-content\/uploads\/2023\/04\/mercado-libre1-300x200.jpg",300,200,true],"large":["https:\/\/elfederalmendoza.com.ar\/wp-content\/uploads\/2023\/04\/mercado-libre1.jpg",640,426,false],"1536x1536":["https:\/\/elfederalmendoza.com.ar\/wp-content\/uploads\/2023\/04\/mercado-libre1.jpg",918,611,false],"2048x2048":["https:\/\/elfederalmendoza.com.ar\/wp-content\/uploads\/2023\/04\/mercado-libre1.jpg",918,611,false],"ultp_layout_landscape_large":["https:\/\/elfederalmendoza.com.ar\/wp-content\/uploads\/2023\/04\/mercado-libre1.jpg",918,611,false],"ultp_layout_landscape":["https:\/\/elfederalmendoza.com.ar\/wp-content\/uploads\/2023\/04\/mercado-libre1-870x570.jpg",870,570,true],"ultp_layout_portrait":["https:\/\/elfederalmendoza.com.ar\/wp-content\/uploads\/2023\/04\/mercado-libre1-600x611.jpg",600,611,true],"ultp_layout_square":["https:\/\/elfederalmendoza.com.ar\/wp-content\/uploads\/2023\/04\/mercado-libre1-600x600.jpg",600,600,true],"rpwe-thumbnail":["https:\/\/elfederalmendoza.com.ar\/wp-content\/uploads\/2023\/04\/mercado-libre1-45x45.jpg",45,45,true],"advps-thumb-one":["https:\/\/elfederalmendoza.com.ar\/wp-content\/uploads\/2023\/04\/mercado-libre1-918x420.jpg",918,420,true]},"rttpg_author":{"display_name":"Redacci\u00f3n El Federal","author_link":"https:\/\/elfederalmendoza.com.ar\/index.php\/author\/angelflores\/"},"rttpg_comment":0,"rttpg_category":"<a href=\"https:\/\/elfederalmendoza.com.ar\/index.php\/category\/arg\/\" rel=\"category tag\">Argentina<\/a>","rttpg_excerpt":"Mercado Libre,&nbsp;la&nbsp;plataforma de&nbsp;comercio electr\u00f3nico&nbsp;y servicios financieros&nbsp;m\u00e1s grande de Am\u00e9rica latina&nbsp;anunci\u00f3 que&nbsp;incorporar\u00e1 m\u00e1s de 13.000 personas, principalmente en sus&nbsp;\u00e1reas de Tecnolog\u00eda, Producto y Log\u00edstica.&nbsp; Ser\u00e1n&nbsp;5.800 puestos en Brasil, 5.350 en M\u00e9xico, 800 en Argentina, 600 en Chile, 600 en Colombia y 150 en Uruguay. En total, la plataforma de comercio electr\u00f3nico y servicios financieros tendr\u00e1 un&hellip;","_links":{"self":[{"href":"https:\/\/elfederalmendoza.com.ar\/index.php\/wp-json\/wp\/v2\/posts\/22177","targetHints":{"allow":["GET"]}}],"collection":[{"href":"https:\/\/elfederalmendoza.com.ar\/index.php\/wp-json\/wp\/v2\/posts"}],"about":[{"href":"https:\/\/elfederalmendoza.com.ar\/index.php\/wp-json\/wp\/v2\/types\/post"}],"author":[{"embeddable":true,"href":"https:\/\/elfederalmendoza.com.ar\/index.php\/wp-json\/wp\/v2\/users\/2"}],"replies":[{"embeddable":true,"href":"https:\/\/elfederalmendoza.com.ar\/index.php\/wp-json\/wp\/v2\/comments?post=22177"}],"version-history":[{"count":2,"href":"https:\/\/elfederalmendoza.com.ar\/index.php\/wp-json\/wp\/v2\/posts\/22177\/revisions"}],"predecessor-version":[{"id":22180,"href":"https:\/\/elfederalmendoza.com.ar\/index.php\/wp-json\/wp\/v2\/posts\/22177\/revisions\/22180"}],"wp:featuredmedia":[{"embeddable":true,"href":"https:\/\/elfederalmendoza.com.ar\/index.php\/wp-json\/wp\/v2\/media\/22178"}],"wp:attachment":[{"href":"https:\/\/elfederalmendoza.com.ar\/index.php\/wp-json\/wp\/v2\/media?parent=22177"}],"wp:term":[{"taxonomy":"category","embeddable":true,"href":"https:\/\/elfederalmendoza.com.ar\/index.php\/wp-json\/wp\/v2\/categories?post=22177"},{"taxonomy":"post_tag","embeddable":true,"href":"https:\/\/elfederalmendoza.com.ar\/index.php\/wp-json\/wp\/v2\/tags?post=22177"}],"curies":[{"name":"wp","href":"https:\/\/api.w.org\/{rel}","templated":true}]}}