{"id":22181,"date":"2023-04-21T10:07:02","date_gmt":"2023-04-21T13:07:02","guid":{"rendered":"https:\/\/elfederalmendoza.com\/?p=22181"},"modified":"2023-04-21T10:09:19","modified_gmt":"2023-04-21T13:09:19","slug":"alberto-fernandez-se-bajo-de-su-candidatura-a-la-reeleccion-presidencial","status":"publish","type":"post","link":"https:\/\/elfederalmendoza.com.ar\/index.php\/2023\/04\/21\/alberto-fernandez-se-bajo-de-su-candidatura-a-la-reeleccion-presidencial\/","title":{"rendered":"-VIDEO- Alberto Fern\u00e1ndez se baj\u00f3 de su candidatura a la reelecci\u00f3n presidencial"},"content":{"rendered":"\n<p>A horas del encuentro del Consejo de PJ, Alberto Fern\u00e1ndez se baj\u00f3 de su candidatura por una reelecci\u00f3n presidencial, en un tuit con video intentando unir la coalici\u00f3n del Frente de Todos.<\/p>\n\n\n\n<p>En lo formal, el encuentro del Consejo del PJ servir\u00e1 para convocar al congreso partidario. Detr\u00e1s de lo institucional, el sector que conduce Cristina Kirchner espera que el Presidente brinde certezas sobre su futuro electoral, y que fue ratificada en una publicaci\u00f3n en Twitter.<\/p>\n\n\n\n<blockquote class=\"twitter-tweet\"><p lang=\"es\" dir=\"ltr\">Mi decisi\u00f3n \ud83c\udde6\ud83c\uddf7 <a href=\"https:\/\/t.co\/EEQBJaxDUz\">pic.twitter.com\/EEQBJaxDUz<\/a><\/p>&mdash; Alberto Fern\u00e1ndez (@alferdez) <a href=\"https:\/\/twitter.com\/alferdez\/status\/1649395866820542464?ref_src=twsrc%5Etfw\">April 21, 2023<\/a><\/blockquote> <script async src=\"https:\/\/platform.twitter.com\/widgets.js\" charset=\"utf-8\"><\/script>\n\n\n\n<p>Noticia en desarrollo<\/p>\n\n\n\n<p><\/p>\n","protected":false},"excerpt":{"rendered":"<p>A horas del encuentro del Consejo de PJ, Alberto Fern\u00e1ndez se baj\u00f3 de su candidatura por una reelecci\u00f3n presidencial, en un tuit con video intentando unir la coalici\u00f3n del Frente de Todos. En lo formal, el encuentro del Consejo del PJ servir\u00e1 para convocar al congreso partidario. Detr\u00e1s de lo institucional, el sector que conduce<a class=\"read-more\" href=\"https:\/\/elfederalmendoza.com.ar\/index.php\/2023\/04\/21\/alberto-fernandez-se-bajo-de-su-candidatura-a-la-reeleccion-presidencial\/\"> [&hellip;]<\/a><\/p>\n","protected":false},"author":2,"featured_media":22184,"comment_status":"open","ping_status":"open","sticky":false,"template":"","format":"standard","meta":{"footnotes":""},"categories":[5618],"tags":[],"class_list":["post-22181","post","type-post","status-publish","format-standard","has-post-thumbnail","hentry","category-arg"],"rttpg_featured_image_url":{"full":["https:\/\/elfederalmendoza.com.ar\/wp-content\/uploads\/2023\/04\/alberto-preocupado2.jpg",1053,674,false],"landscape":["https:\/\/elfederalmendoza.com.ar\/wp-content\/uploads\/2023\/04\/alberto-preocupado2.jpg",1053,674,false],"portraits":["https:\/\/elfederalmendoza.com.ar\/wp-content\/uploads\/2023\/04\/alberto-preocupado2.jpg",1053,674,false],"thumbnail":["https:\/\/elfederalmendoza.com.ar\/wp-content\/uploads\/2023\/04\/alberto-preocupado2-150x150.jpg",150,150,true],"medium":["https:\/\/elfederalmendoza.com.ar\/wp-content\/uploads\/2023\/04\/alberto-preocupado2-300x192.jpg",300,192,true],"large":["https:\/\/elfederalmendoza.com.ar\/wp-content\/uploads\/2023\/04\/alberto-preocupado2-1024x655.jpg",640,409,true],"1536x1536":["https:\/\/elfederalmendoza.com.ar\/wp-content\/uploads\/2023\/04\/alberto-preocupado2.jpg",1053,674,false],"2048x2048":["https:\/\/elfederalmendoza.com.ar\/wp-content\/uploads\/2023\/04\/alberto-preocupado2.jpg",1053,674,false],"ultp_layout_landscape_large":["https:\/\/elfederalmendoza.com.ar\/wp-content\/uploads\/2023\/04\/alberto-preocupado2.jpg",1053,674,false],"ultp_layout_landscape":["https:\/\/elfederalmendoza.com.ar\/wp-content\/uploads\/2023\/04\/alberto-preocupado2-870x570.jpg",870,570,true],"ultp_layout_portrait":["https:\/\/elfederalmendoza.com.ar\/wp-content\/uploads\/2023\/04\/alberto-preocupado2-600x674.jpg",600,674,true],"ultp_layout_square":["https:\/\/elfederalmendoza.com.ar\/wp-content\/uploads\/2023\/04\/alberto-preocupado2-600x600.jpg",600,600,true],"rpwe-thumbnail":["https:\/\/elfederalmendoza.com.ar\/wp-content\/uploads\/2023\/04\/alberto-preocupado2-45x45.jpg",45,45,true],"advps-thumb-one":["https:\/\/elfederalmendoza.com.ar\/wp-content\/uploads\/2023\/04\/alberto-preocupado2-1053x420.jpg",1053,420,true]},"rttpg_author":{"display_name":"Redacci\u00f3n El Federal","author_link":"https:\/\/elfederalmendoza.com.ar\/index.php\/author\/angelflores\/"},"rttpg_comment":0,"rttpg_category":"<a href=\"https:\/\/elfederalmendoza.com.ar\/index.php\/category\/arg\/\" rel=\"category tag\">Argentina<\/a>","rttpg_excerpt":"A horas del encuentro del Consejo de PJ, Alberto Fern\u00e1ndez se baj\u00f3 de su candidatura por una reelecci\u00f3n presidencial, en un tuit con video intentando unir la coalici\u00f3n del Frente de Todos. En lo formal, el encuentro del Consejo del PJ servir\u00e1 para convocar al congreso partidario. Detr\u00e1s de lo institucional, el sector que conduce&hellip;","_links":{"self":[{"href":"https:\/\/elfederalmendoza.com.ar\/index.php\/wp-json\/wp\/v2\/posts\/22181","targetHints":{"allow":["GET"]}}],"collection":[{"href":"https:\/\/elfederalmendoza.com.ar\/index.php\/wp-json\/wp\/v2\/posts"}],"about":[{"href":"https:\/\/elfederalmendoza.com.ar\/index.php\/wp-json\/wp\/v2\/types\/post"}],"author":[{"embeddable":true,"href":"https:\/\/elfederalmendoza.com.ar\/index.php\/wp-json\/wp\/v2\/users\/2"}],"replies":[{"embeddable":true,"href":"https:\/\/elfederalmendoza.com.ar\/index.php\/wp-json\/wp\/v2\/comments?post=22181"}],"version-history":[{"count":2,"href":"https:\/\/elfederalmendoza.com.ar\/index.php\/wp-json\/wp\/v2\/posts\/22181\/revisions"}],"predecessor-version":[{"id":22185,"href":"https:\/\/elfederalmendoza.com.ar\/index.php\/wp-json\/wp\/v2\/posts\/22181\/revisions\/22185"}],"wp:featuredmedia":[{"embeddable":true,"href":"https:\/\/elfederalmendoza.com.ar\/index.php\/wp-json\/wp\/v2\/media\/22184"}],"wp:attachment":[{"href":"https:\/\/elfederalmendoza.com.ar\/index.php\/wp-json\/wp\/v2\/media?parent=22181"}],"wp:term":[{"taxonomy":"category","embeddable":true,"href":"https:\/\/elfederalmendoza.com.ar\/index.php\/wp-json\/wp\/v2\/categories?post=22181"},{"taxonomy":"post_tag","embeddable":true,"href":"https:\/\/elfederalmendoza.com.ar\/index.php\/wp-json\/wp\/v2\/tags?post=22181"}],"curies":[{"name":"wp","href":"https:\/\/api.w.org\/{rel}","templated":true}]}}