{"id":22186,"date":"2023-04-22T11:32:08","date_gmt":"2023-04-22T14:32:08","guid":{"rendered":"https:\/\/elfederalmendoza.com\/?p=22186"},"modified":"2023-04-22T11:32:08","modified_gmt":"2023-04-22T14:32:08","slug":"mendoza-inaugura-el-mundial-sub-20-con-un-partidazo-italia-brasil","status":"publish","type":"post","link":"https:\/\/elfederalmendoza.com.ar\/index.php\/2023\/04\/22\/mendoza-inaugura-el-mundial-sub-20-con-un-partidazo-italia-brasil\/","title":{"rendered":"Mendoza inaugura el Mundial Sub 20 con un partidazo: Italia-Brasil"},"content":{"rendered":"\n<p>Este viernes se realiz\u00f3\u00a0el sorteo\u00a0de la<strong>\u00a0Copa Mundial de F\u00fatbol Sub-20\u00a0<\/strong>en Zurich, Suiza y la\u00a0<strong>Selecci\u00f3n de F\u00fatbol Sub- 20<\/strong>\u00a0ya conoce a sus rivales. Con la confirmaci\u00f3n tambi\u00e9n de Mendoza como una de las sedes elegidas por\u00a0<strong>FIFA<\/strong>, la expectativa por la competencia ecum\u00e9nica crece todav\u00eda m\u00e1s.<\/p>\n\n\n\n<p><strong>El programa de partidos dio a conocer que Mendoza ser\u00e1 sede de dos grupos clasificatorios y de dos partidos de octavos de final.<\/strong><\/p>\n\n\n\n<p>Los dos grupos clasificatorios cuyas dos primeras fechas, y parte de la tercera, se jugar\u00e1n en Mendoza ser\u00e1n el D formado por&nbsp;<strong>Brasil, Italia, Nigeria y Rep\u00fablica Dominicana<\/strong>&nbsp;y el F integrado por<strong>&nbsp;Francia, Corea del Sur, Gambia y Honduras.&nbsp;<\/strong>Tambi\u00e9n en la tercera fecha habr\u00e1 un partido del&nbsp;<strong>Grupo C<\/strong>&nbsp;y otro del&nbsp;<strong>E (el de Uruguay).<\/strong><\/p>\n\n\n\n<p>Adem\u00e1s de los 12 partidos correspondientes a estos dos grupos,<strong>&nbsp;el 30 de mayo habr\u00e1 dos partidos de octavos<\/strong>&nbsp;de final en los que se medir\u00e1n el 1ro. del Grupo B con un 3ro. (de los grupos A, B o C) y luego los segundos de los grupos A (el de Argentina) y C.<\/p>\n\n\n\n<h2 class=\"wp-block-heading\">Los partidos del Mundial Sub 20 que se jugar\u00e1n en Mendoza<\/h2>\n\n\n\n<p><strong>Domingo 21\/5<\/strong><\/p>\n\n\n\n<ul class=\"wp-block-list\">\n<li>Nigeria vs. Rep\u00fablica Dominicana<\/li>\n\n\n\n<li>Brasil vs. Italia<\/li>\n<\/ul>\n\n\n\n<p><strong>Lunes 22\/5<\/strong><\/p>\n\n\n\n<ul class=\"wp-block-list\">\n<li>Francia vs. Corea del Sur<\/li>\n\n\n\n<li>Gambia vs. Honduras<\/li>\n<\/ul>\n\n\n\n<p><strong>Mi\u00e9rcoles 24\/5<\/strong><\/p>\n\n\n\n<ul class=\"wp-block-list\">\n<li>Italia vs. Nigeria<\/li>\n\n\n\n<li>Brasil vs. Rep\u00fablica Dominicana<\/li>\n<\/ul>\n\n\n\n<p><strong>Jueves 25\/5<\/strong><\/p>\n\n\n\n<ul class=\"wp-block-list\">\n<li>Francia vs. Gambia<\/li>\n\n\n\n<li>Corea del Sur vs. Honduras<\/li>\n<\/ul>\n\n\n\n<p><strong>S\u00e1bado 27\/5<\/strong><\/p>\n\n\n\n<ul class=\"wp-block-list\">\n<li>Rep\u00fablica Dominicana vs. Italia<\/li>\n\n\n\n<li>Jap\u00f3n vs. Israel<\/li>\n<\/ul>\n\n\n\n<p><strong>Domingo 28\/5<\/strong><\/p>\n\n\n\n<ul class=\"wp-block-list\">\n<li>T\u00fanez vs. Uruguay<\/li>\n\n\n\n<li>Corea del Sur vs. Gambia<\/li>\n<\/ul>\n\n\n\n<p><strong>Martes 30\/5<\/strong><\/p>\n\n\n\n<ul class=\"wp-block-list\">\n<li>1ro. Grupo B vs. 3ro. Grupos A, B o C<\/li>\n\n\n\n<li>2do. Grupo A vs. 2do. Grupo C<\/li>\n<\/ul>\n","protected":false},"excerpt":{"rendered":"<p>Este viernes se realiz\u00f3\u00a0el sorteo\u00a0de la\u00a0Copa Mundial de F\u00fatbol Sub-20\u00a0en Zurich, Suiza y la\u00a0Selecci\u00f3n de F\u00fatbol Sub- 20\u00a0ya conoce a sus rivales. Con la confirmaci\u00f3n tambi\u00e9n de Mendoza como una de las sedes elegidas por\u00a0FIFA, la expectativa por la competencia ecum\u00e9nica crece todav\u00eda m\u00e1s. El programa de partidos dio a conocer que Mendoza ser\u00e1 sede<a class=\"read-more\" href=\"https:\/\/elfederalmendoza.com.ar\/index.php\/2023\/04\/22\/mendoza-inaugura-el-mundial-sub-20-con-un-partidazo-italia-brasil\/\"> [&hellip;]<\/a><\/p>\n","protected":false},"author":2,"featured_media":22187,"comment_status":"open","ping_status":"open","sticky":false,"template":"","format":"standard","meta":{"footnotes":""},"categories":[1],"tags":[],"class_list":["post-22186","post","type-post","status-publish","format-standard","has-post-thumbnail","hentry","category-mza"],"rttpg_featured_image_url":{"full":["https:\/\/elfederalmendoza.com.ar\/wp-content\/uploads\/2023\/04\/italia-brasil.jpg",1200,600,false],"landscape":["https:\/\/elfederalmendoza.com.ar\/wp-content\/uploads\/2023\/04\/italia-brasil.jpg",1200,600,false],"portraits":["https:\/\/elfederalmendoza.com.ar\/wp-content\/uploads\/2023\/04\/italia-brasil.jpg",1200,600,false],"thumbnail":["https:\/\/elfederalmendoza.com.ar\/wp-content\/uploads\/2023\/04\/italia-brasil-150x150.jpg",150,150,true],"medium":["https:\/\/elfederalmendoza.com.ar\/wp-content\/uploads\/2023\/04\/italia-brasil-300x150.jpg",300,150,true],"large":["https:\/\/elfederalmendoza.com.ar\/wp-content\/uploads\/2023\/04\/italia-brasil-1024x512.jpg",640,320,true],"1536x1536":["https:\/\/elfederalmendoza.com.ar\/wp-content\/uploads\/2023\/04\/italia-brasil.jpg",1200,600,false],"2048x2048":["https:\/\/elfederalmendoza.com.ar\/wp-content\/uploads\/2023\/04\/italia-brasil.jpg",1200,600,false],"ultp_layout_landscape_large":["https:\/\/elfederalmendoza.com.ar\/wp-content\/uploads\/2023\/04\/italia-brasil.jpg",1200,600,false],"ultp_layout_landscape":["https:\/\/elfederalmendoza.com.ar\/wp-content\/uploads\/2023\/04\/italia-brasil-870x570.jpg",870,570,true],"ultp_layout_portrait":["https:\/\/elfederalmendoza.com.ar\/wp-content\/uploads\/2023\/04\/italia-brasil-600x600.jpg",600,600,true],"ultp_layout_square":["https:\/\/elfederalmendoza.com.ar\/wp-content\/uploads\/2023\/04\/italia-brasil-600x600.jpg",600,600,true],"rpwe-thumbnail":["https:\/\/elfederalmendoza.com.ar\/wp-content\/uploads\/2023\/04\/italia-brasil-45x45.jpg",45,45,true],"advps-thumb-one":["https:\/\/elfederalmendoza.com.ar\/wp-content\/uploads\/2023\/04\/italia-brasil-1200x420.jpg",1200,420,true]},"rttpg_author":{"display_name":"Redacci\u00f3n El Federal","author_link":"https:\/\/elfederalmendoza.com.ar\/index.php\/author\/angelflores\/"},"rttpg_comment":0,"rttpg_category":"<a href=\"https:\/\/elfederalmendoza.com.ar\/index.php\/category\/mza\/\" rel=\"category tag\">Mendoza<\/a>","rttpg_excerpt":"Este viernes se realiz\u00f3\u00a0el sorteo\u00a0de la\u00a0Copa Mundial de F\u00fatbol Sub-20\u00a0en Zurich, Suiza y la\u00a0Selecci\u00f3n de F\u00fatbol Sub- 20\u00a0ya conoce a sus rivales. Con la confirmaci\u00f3n tambi\u00e9n de Mendoza como una de las sedes elegidas por\u00a0FIFA, la expectativa por la competencia ecum\u00e9nica crece todav\u00eda m\u00e1s. El programa de partidos dio a conocer que Mendoza ser\u00e1 sede&hellip;","_links":{"self":[{"href":"https:\/\/elfederalmendoza.com.ar\/index.php\/wp-json\/wp\/v2\/posts\/22186","targetHints":{"allow":["GET"]}}],"collection":[{"href":"https:\/\/elfederalmendoza.com.ar\/index.php\/wp-json\/wp\/v2\/posts"}],"about":[{"href":"https:\/\/elfederalmendoza.com.ar\/index.php\/wp-json\/wp\/v2\/types\/post"}],"author":[{"embeddable":true,"href":"https:\/\/elfederalmendoza.com.ar\/index.php\/wp-json\/wp\/v2\/users\/2"}],"replies":[{"embeddable":true,"href":"https:\/\/elfederalmendoza.com.ar\/index.php\/wp-json\/wp\/v2\/comments?post=22186"}],"version-history":[{"count":1,"href":"https:\/\/elfederalmendoza.com.ar\/index.php\/wp-json\/wp\/v2\/posts\/22186\/revisions"}],"predecessor-version":[{"id":22188,"href":"https:\/\/elfederalmendoza.com.ar\/index.php\/wp-json\/wp\/v2\/posts\/22186\/revisions\/22188"}],"wp:featuredmedia":[{"embeddable":true,"href":"https:\/\/elfederalmendoza.com.ar\/index.php\/wp-json\/wp\/v2\/media\/22187"}],"wp:attachment":[{"href":"https:\/\/elfederalmendoza.com.ar\/index.php\/wp-json\/wp\/v2\/media?parent=22186"}],"wp:term":[{"taxonomy":"category","embeddable":true,"href":"https:\/\/elfederalmendoza.com.ar\/index.php\/wp-json\/wp\/v2\/categories?post=22186"},{"taxonomy":"post_tag","embeddable":true,"href":"https:\/\/elfederalmendoza.com.ar\/index.php\/wp-json\/wp\/v2\/tags?post=22186"}],"curies":[{"name":"wp","href":"https:\/\/api.w.org\/{rel}","templated":true}]}}