{"id":22189,"date":"2023-04-22T12:19:54","date_gmt":"2023-04-22T15:19:54","guid":{"rendered":"https:\/\/elfederalmendoza.com\/?p=22189"},"modified":"2023-04-22T12:19:55","modified_gmt":"2023-04-22T15:19:55","slug":"murio-un-joven-de-23-anos-comiendo-un-asado-en-el-club-godoy-cruz","status":"publish","type":"post","link":"https:\/\/elfederalmendoza.com.ar\/index.php\/2023\/04\/22\/murio-un-joven-de-23-anos-comiendo-un-asado-en-el-club-godoy-cruz\/","title":{"rendered":"Muri\u00f3 un joven de 23 a\u00f1os comiendo un asado en el Club Godoy Cruz"},"content":{"rendered":"\n<p>Un<strong>\u00a0joven de 23 a\u00f1os muri\u00f3 este s\u00e1bado por la madrugada en la sede del Club Godoy Cruz<\/strong>. La v\u00edctima, identificado como\u00a0<strong>Enzo Fern\u00e1ndez y sobrino de la senadora Anabel Fern\u00e1ndez Sagasti<\/strong>, se ahog\u00f3 mientras com\u00eda un asado con amigos y familiares en los quinchos del Feliciano Gambarte.<\/p>\n\n\n\n<p>Eran m\u00e1s de la 1 de la ma\u00f1ana cuando, en medio de la cena (donde hab\u00eda m\u00e1s de 50 personas), el joven&nbsp;<strong>se atragant\u00f3 y ahog\u00f3 con una porci\u00f3n de carne<\/strong>. Los presentes intentaron ayudarlo mientras llamaban a los servicios de emergencia.<\/p>\n\n\n\n<p>Los profesionales arribaron al lugar en cerca de cuatro ambulancias, las cuales estacionaron sobre Balcarce. Los especialistas intentaron reanimar a Fern\u00e1ndez durante varios minutos, pero la doctora a cargo constat\u00f3 la muerte del chico.<\/p>\n\n\n\n<figure class=\"wp-block-image is-resized\"><img loading=\"lazy\" decoding=\"async\" src=\"https:\/\/www.mendozapost.com\/files\/image\/475\/475665\/6443d9cb56b55_570_296!.jpg?s=788d63660411a0a1dc592ebc68a99005&amp;d=1682168270\" alt=\"\" width=\"944\" height=\"490\"\/><figcaption class=\"wp-element-caption\">Las churrasqueras del Club Godoy Cruz<\/figcaption><\/figure>\n\n\n\n<p>En la desesperaci\u00f3n, seg\u00fan inform\u00f3 la Polic\u00eda, los familiares que se encontraban en el club&nbsp;<strong>comenzaron a agredir al personal m\u00e9dico<\/strong>&nbsp;y se llevaron el cuerpo de la v\u00edctima en un auto hacia el Hospital Espa\u00f1ol. Al nosocomio lleg\u00f3 tambi\u00e9n una doctora, quien declar\u00f3 que hab\u00eda sido agredida y hab\u00edan pateado la ambulancia en la que se trasladaba.<\/p>\n\n\n\n<p><strong>Enzo era sobrino de Anabel Fern\u00e1ndez Sagasti<\/strong>, la senadora nacional por Mendoza y vicepresidenta del Bloque del Frente de Todos-PJ.&nbsp;<\/p>\n\n\n\n<p>La noticia conmocion\u00f3 a la comunidad y a la instituci\u00f3n. Desde el&nbsp;<strong>Club Godoy Cruz decretaron dos d\u00edas de duelo<\/strong>&nbsp;y el cierre de la sede social durante este s\u00e1bado.&nbsp;<\/p>\n\n\n\n<p>\u00abCon profundo dolor despedimos a Enzo Fern\u00e1ndez, socio de nuestra instituci\u00f3n. Acompa\u00f1amos a familiares y allegados en este momento. Q.E.P.D.\u00bb, expresaron desde las redes del Tomba.<\/p>\n\n\n\n<blockquote class=\"twitter-tweet\"><p lang=\"es\" dir=\"ltr\">Con profundo dolor despedimos a Enzo Fern\u00e1ndez, socio de nuestra instituci\u00f3n. Acompa\u00f1amos a familiares y allegados en este momento. Q.E.P.D.<br><br>Debido a lo acontecido, el club dispone 48 hs de duelo y su sede social permanecer\u00e1 cerrada, sin actividad, durante este s\u00e1bado. <a href=\"https:\/\/t.co\/Pb9vWwqWSG\">pic.twitter.com\/Pb9vWwqWSG<\/a><\/p>&mdash; Club Godoy Cruz (@ClubGodoyCruz) <a href=\"https:\/\/twitter.com\/ClubGodoyCruz\/status\/1649752809728876546?ref_src=twsrc%5Etfw\">April 22, 2023<\/a><\/blockquote> <script async src=\"https:\/\/platform.twitter.com\/widgets.js\" charset=\"utf-8\"><\/script>\n","protected":false},"excerpt":{"rendered":"<p>Un\u00a0joven de 23 a\u00f1os muri\u00f3 este s\u00e1bado por la madrugada en la sede del Club Godoy Cruz. La v\u00edctima, identificado como\u00a0Enzo Fern\u00e1ndez y sobrino de la senadora Anabel Fern\u00e1ndez Sagasti, se ahog\u00f3 mientras com\u00eda un asado con amigos y familiares en los quinchos del Feliciano Gambarte. Eran m\u00e1s de la 1 de la ma\u00f1ana cuando,<a class=\"read-more\" href=\"https:\/\/elfederalmendoza.com.ar\/index.php\/2023\/04\/22\/murio-un-joven-de-23-anos-comiendo-un-asado-en-el-club-godoy-cruz\/\"> [&hellip;]<\/a><\/p>\n","protected":false},"author":2,"featured_media":22190,"comment_status":"open","ping_status":"open","sticky":false,"template":"","format":"standard","meta":{"footnotes":""},"categories":[1],"tags":[],"class_list":["post-22189","post","type-post","status-publish","format-standard","has-post-thumbnail","hentry","category-mza"],"rttpg_featured_image_url":{"full":["https:\/\/elfederalmendoza.com.ar\/wp-content\/uploads\/2023\/04\/atragantado.jpg",997,599,false],"landscape":["https:\/\/elfederalmendoza.com.ar\/wp-content\/uploads\/2023\/04\/atragantado.jpg",997,599,false],"portraits":["https:\/\/elfederalmendoza.com.ar\/wp-content\/uploads\/2023\/04\/atragantado.jpg",997,599,false],"thumbnail":["https:\/\/elfederalmendoza.com.ar\/wp-content\/uploads\/2023\/04\/atragantado-150x150.jpg",150,150,true],"medium":["https:\/\/elfederalmendoza.com.ar\/wp-content\/uploads\/2023\/04\/atragantado-300x180.jpg",300,180,true],"large":["https:\/\/elfederalmendoza.com.ar\/wp-content\/uploads\/2023\/04\/atragantado.jpg",640,385,false],"1536x1536":["https:\/\/elfederalmendoza.com.ar\/wp-content\/uploads\/2023\/04\/atragantado.jpg",997,599,false],"2048x2048":["https:\/\/elfederalmendoza.com.ar\/wp-content\/uploads\/2023\/04\/atragantado.jpg",997,599,false],"ultp_layout_landscape_large":["https:\/\/elfederalmendoza.com.ar\/wp-content\/uploads\/2023\/04\/atragantado.jpg",997,599,false],"ultp_layout_landscape":["https:\/\/elfederalmendoza.com.ar\/wp-content\/uploads\/2023\/04\/atragantado-870x570.jpg",870,570,true],"ultp_layout_portrait":["https:\/\/elfederalmendoza.com.ar\/wp-content\/uploads\/2023\/04\/atragantado-600x599.jpg",600,599,true],"ultp_layout_square":["https:\/\/elfederalmendoza.com.ar\/wp-content\/uploads\/2023\/04\/atragantado-600x599.jpg",600,599,true],"rpwe-thumbnail":["https:\/\/elfederalmendoza.com.ar\/wp-content\/uploads\/2023\/04\/atragantado-45x45.jpg",45,45,true],"advps-thumb-one":["https:\/\/elfederalmendoza.com.ar\/wp-content\/uploads\/2023\/04\/atragantado-997x420.jpg",997,420,true]},"rttpg_author":{"display_name":"Redacci\u00f3n El Federal","author_link":"https:\/\/elfederalmendoza.com.ar\/index.php\/author\/angelflores\/"},"rttpg_comment":0,"rttpg_category":"<a href=\"https:\/\/elfederalmendoza.com.ar\/index.php\/category\/mza\/\" rel=\"category tag\">Mendoza<\/a>","rttpg_excerpt":"Un\u00a0joven de 23 a\u00f1os muri\u00f3 este s\u00e1bado por la madrugada en la sede del Club Godoy Cruz. La v\u00edctima, identificado como\u00a0Enzo Fern\u00e1ndez y sobrino de la senadora Anabel Fern\u00e1ndez Sagasti, se ahog\u00f3 mientras com\u00eda un asado con amigos y familiares en los quinchos del Feliciano Gambarte. Eran m\u00e1s de la 1 de la ma\u00f1ana cuando,&hellip;","_links":{"self":[{"href":"https:\/\/elfederalmendoza.com.ar\/index.php\/wp-json\/wp\/v2\/posts\/22189","targetHints":{"allow":["GET"]}}],"collection":[{"href":"https:\/\/elfederalmendoza.com.ar\/index.php\/wp-json\/wp\/v2\/posts"}],"about":[{"href":"https:\/\/elfederalmendoza.com.ar\/index.php\/wp-json\/wp\/v2\/types\/post"}],"author":[{"embeddable":true,"href":"https:\/\/elfederalmendoza.com.ar\/index.php\/wp-json\/wp\/v2\/users\/2"}],"replies":[{"embeddable":true,"href":"https:\/\/elfederalmendoza.com.ar\/index.php\/wp-json\/wp\/v2\/comments?post=22189"}],"version-history":[{"count":1,"href":"https:\/\/elfederalmendoza.com.ar\/index.php\/wp-json\/wp\/v2\/posts\/22189\/revisions"}],"predecessor-version":[{"id":22191,"href":"https:\/\/elfederalmendoza.com.ar\/index.php\/wp-json\/wp\/v2\/posts\/22189\/revisions\/22191"}],"wp:featuredmedia":[{"embeddable":true,"href":"https:\/\/elfederalmendoza.com.ar\/index.php\/wp-json\/wp\/v2\/media\/22190"}],"wp:attachment":[{"href":"https:\/\/elfederalmendoza.com.ar\/index.php\/wp-json\/wp\/v2\/media?parent=22189"}],"wp:term":[{"taxonomy":"category","embeddable":true,"href":"https:\/\/elfederalmendoza.com.ar\/index.php\/wp-json\/wp\/v2\/categories?post=22189"},{"taxonomy":"post_tag","embeddable":true,"href":"https:\/\/elfederalmendoza.com.ar\/index.php\/wp-json\/wp\/v2\/tags?post=22189"}],"curies":[{"name":"wp","href":"https:\/\/api.w.org\/{rel}","templated":true}]}}