{"id":22192,"date":"2023-04-22T12:32:32","date_gmt":"2023-04-22T15:32:32","guid":{"rendered":"https:\/\/elfederalmendoza.com\/?p=22192"},"modified":"2023-04-22T12:32:33","modified_gmt":"2023-04-22T15:32:33","slug":"un-hombre-fue-asesinado-por-su-pareja-y-su-cunado-en-las-heras-lo-apunalaron-y-quemaron-la-casa","status":"publish","type":"post","link":"https:\/\/elfederalmendoza.com.ar\/index.php\/2023\/04\/22\/un-hombre-fue-asesinado-por-su-pareja-y-su-cunado-en-las-heras-lo-apunalaron-y-quemaron-la-casa\/","title":{"rendered":"Un hombre fue asesinado por su pareja y su cu\u00f1ado en Las Heras: Lo apu\u00f1alaron y quemaron la casa"},"content":{"rendered":"\n<p>Un\u00a0<strong>hombre de 39 a\u00f1os muri\u00f3<\/strong>\u00a0este s\u00e1bado por la ma\u00f1ana en el departamento de Las Heras tras ser\u00a0<strong>atacado por su cu\u00f1ado y por su pareja<\/strong>, quien incendi\u00f3 la casa donde conviv\u00edan.<\/p>\n\n\n\n<p>El hecho ocurri\u00f3 alrededor de las 6 de la ma\u00f1ana en la casa 10 de la Manzana E del <strong>barrio Dorrego<\/strong>. Una persona de 25 a\u00f1os estaba con sus hermanas tomando bebidas alcoh\u00f3licas en una casa del barrio Vicente, una de ellas le cont\u00f3 que sufr\u00eda violencia de g\u00e9nero por parte de su pareja.<\/p>\n\n\n\n<p>Al escuchar el relato de su hermana, el joven tom\u00f3 un cuchillo y fue hasta la casa de su cu\u00f1ado,<strong>\u00a0identificado como Sebasti\u00e1n Ceferino Funes<\/strong>, lo golpe\u00f3 y lo apu\u00f1al\u00f3 en su abdomen, tom\u00f3 el arma y huy\u00f3 del lugar.\u00a0<\/p>\n\n\n\n<p>La pareja de Funes (33) incendi\u00f3 la casa con el hombre herido en el interior<strong> y luego habr\u00eda intentado prenderse fuego ella misma.\u00a0<\/strong><\/p>\n\n\n\n<p>Al lugar llegaron Bomberos Voluntarios de Las Heras y del Cuartel Central, quienes controlaron las llamas. <strong>En el interior de la casa encontraron al hombre muerto en su dormitorio.<\/strong><\/p>\n\n\n\n<p>Minutos m\u00e1s tarde, la Polic\u00eda logr\u00f3 detener al autor de las lesiones en el Barrio Vicente, en la casa donde hab\u00eda estado bebiendo con sus hermanas. El joven fue trasladado a la <strong>Comisar\u00eda 36\u00b0<\/strong>, al identificarlo conocieron que ten\u00eda causas por robo agravado.<\/p>\n\n\n\n<p>En tanto, la autora del incendio fue trasladada al Hospital Carlos Pereyra por disposici\u00f3n del magistrado interviniente.\u00a0<\/p>\n","protected":false},"excerpt":{"rendered":"<p>Un\u00a0hombre de 39 a\u00f1os muri\u00f3\u00a0este s\u00e1bado por la ma\u00f1ana en el departamento de Las Heras tras ser\u00a0atacado por su cu\u00f1ado y por su pareja, quien incendi\u00f3 la casa donde conviv\u00edan. El hecho ocurri\u00f3 alrededor de las 6 de la ma\u00f1ana en la casa 10 de la Manzana E del barrio Dorrego. Una persona de 25<a class=\"read-more\" href=\"https:\/\/elfederalmendoza.com.ar\/index.php\/2023\/04\/22\/un-hombre-fue-asesinado-por-su-pareja-y-su-cunado-en-las-heras-lo-apunalaron-y-quemaron-la-casa\/\"> [&hellip;]<\/a><\/p>\n","protected":false},"author":2,"featured_media":22193,"comment_status":"open","ping_status":"open","sticky":false,"template":"","format":"standard","meta":{"footnotes":""},"categories":[1],"tags":[],"class_list":["post-22192","post","type-post","status-publish","format-standard","has-post-thumbnail","hentry","category-mza"],"rttpg_featured_image_url":{"full":["https:\/\/elfederalmendoza.com.ar\/wp-content\/uploads\/2023\/04\/BOMBEROS-LAS-HERAS.jpg",1108,602,false],"landscape":["https:\/\/elfederalmendoza.com.ar\/wp-content\/uploads\/2023\/04\/BOMBEROS-LAS-HERAS.jpg",1108,602,false],"portraits":["https:\/\/elfederalmendoza.com.ar\/wp-content\/uploads\/2023\/04\/BOMBEROS-LAS-HERAS.jpg",1108,602,false],"thumbnail":["https:\/\/elfederalmendoza.com.ar\/wp-content\/uploads\/2023\/04\/BOMBEROS-LAS-HERAS-150x150.jpg",150,150,true],"medium":["https:\/\/elfederalmendoza.com.ar\/wp-content\/uploads\/2023\/04\/BOMBEROS-LAS-HERAS-300x163.jpg",300,163,true],"large":["https:\/\/elfederalmendoza.com.ar\/wp-content\/uploads\/2023\/04\/BOMBEROS-LAS-HERAS-1024x556.jpg",640,348,true],"1536x1536":["https:\/\/elfederalmendoza.com.ar\/wp-content\/uploads\/2023\/04\/BOMBEROS-LAS-HERAS.jpg",1108,602,false],"2048x2048":["https:\/\/elfederalmendoza.com.ar\/wp-content\/uploads\/2023\/04\/BOMBEROS-LAS-HERAS.jpg",1108,602,false],"ultp_layout_landscape_large":["https:\/\/elfederalmendoza.com.ar\/wp-content\/uploads\/2023\/04\/BOMBEROS-LAS-HERAS.jpg",1108,602,false],"ultp_layout_landscape":["https:\/\/elfederalmendoza.com.ar\/wp-content\/uploads\/2023\/04\/BOMBEROS-LAS-HERAS-870x570.jpg",870,570,true],"ultp_layout_portrait":["https:\/\/elfederalmendoza.com.ar\/wp-content\/uploads\/2023\/04\/BOMBEROS-LAS-HERAS-600x602.jpg",600,602,true],"ultp_layout_square":["https:\/\/elfederalmendoza.com.ar\/wp-content\/uploads\/2023\/04\/BOMBEROS-LAS-HERAS-600x600.jpg",600,600,true],"rpwe-thumbnail":["https:\/\/elfederalmendoza.com.ar\/wp-content\/uploads\/2023\/04\/BOMBEROS-LAS-HERAS-45x45.jpg",45,45,true],"advps-thumb-one":["https:\/\/elfederalmendoza.com.ar\/wp-content\/uploads\/2023\/04\/BOMBEROS-LAS-HERAS-1108x420.jpg",1108,420,true]},"rttpg_author":{"display_name":"Redacci\u00f3n El Federal","author_link":"https:\/\/elfederalmendoza.com.ar\/index.php\/author\/angelflores\/"},"rttpg_comment":0,"rttpg_category":"<a href=\"https:\/\/elfederalmendoza.com.ar\/index.php\/category\/mza\/\" rel=\"category tag\">Mendoza<\/a>","rttpg_excerpt":"Un\u00a0hombre de 39 a\u00f1os muri\u00f3\u00a0este s\u00e1bado por la ma\u00f1ana en el departamento de Las Heras tras ser\u00a0atacado por su cu\u00f1ado y por su pareja, quien incendi\u00f3 la casa donde conviv\u00edan. El hecho ocurri\u00f3 alrededor de las 6 de la ma\u00f1ana en la casa 10 de la Manzana E del barrio Dorrego. Una persona de 25&hellip;","_links":{"self":[{"href":"https:\/\/elfederalmendoza.com.ar\/index.php\/wp-json\/wp\/v2\/posts\/22192","targetHints":{"allow":["GET"]}}],"collection":[{"href":"https:\/\/elfederalmendoza.com.ar\/index.php\/wp-json\/wp\/v2\/posts"}],"about":[{"href":"https:\/\/elfederalmendoza.com.ar\/index.php\/wp-json\/wp\/v2\/types\/post"}],"author":[{"embeddable":true,"href":"https:\/\/elfederalmendoza.com.ar\/index.php\/wp-json\/wp\/v2\/users\/2"}],"replies":[{"embeddable":true,"href":"https:\/\/elfederalmendoza.com.ar\/index.php\/wp-json\/wp\/v2\/comments?post=22192"}],"version-history":[{"count":1,"href":"https:\/\/elfederalmendoza.com.ar\/index.php\/wp-json\/wp\/v2\/posts\/22192\/revisions"}],"predecessor-version":[{"id":22194,"href":"https:\/\/elfederalmendoza.com.ar\/index.php\/wp-json\/wp\/v2\/posts\/22192\/revisions\/22194"}],"wp:featuredmedia":[{"embeddable":true,"href":"https:\/\/elfederalmendoza.com.ar\/index.php\/wp-json\/wp\/v2\/media\/22193"}],"wp:attachment":[{"href":"https:\/\/elfederalmendoza.com.ar\/index.php\/wp-json\/wp\/v2\/media?parent=22192"}],"wp:term":[{"taxonomy":"category","embeddable":true,"href":"https:\/\/elfederalmendoza.com.ar\/index.php\/wp-json\/wp\/v2\/categories?post=22192"},{"taxonomy":"post_tag","embeddable":true,"href":"https:\/\/elfederalmendoza.com.ar\/index.php\/wp-json\/wp\/v2\/tags?post=22192"}],"curies":[{"name":"wp","href":"https:\/\/api.w.org\/{rel}","templated":true}]}}