{"id":22197,"date":"2023-04-22T13:03:13","date_gmt":"2023-04-22T16:03:13","guid":{"rendered":"https:\/\/elfederalmendoza.com\/?p=22197"},"modified":"2023-04-22T13:03:14","modified_gmt":"2023-04-22T16:03:14","slug":"detuvieron-a-el-violin-presunto-asesino-de-un-joven-de-guaymallen","status":"publish","type":"post","link":"https:\/\/elfederalmendoza.com.ar\/index.php\/2023\/04\/22\/detuvieron-a-el-violin-presunto-asesino-de-un-joven-de-guaymallen\/","title":{"rendered":"Detuvieron a \u00abEl Viol\u00edn\u00bb: presunto asesino de un joven de Guaymall\u00e9n"},"content":{"rendered":"\n<p>El jueves pasado <a>Mataron a un hombre en su casa de Guaymall\u00e9n y robaron una moto<\/a>. En las \u00faltimas horas, se detuvo a un sujeto, conocido en el ambiente delictivo y apodado como \u00abEl Viol\u00edn\u00bb, y encontraron la moto que se rob\u00f3 de la casa de la v\u00edctima. El lamentable hecho ocurri\u00f3 en Puente de Hierro.<\/p>\n\n\n\n<p>Este viernes, con intervenci\u00f3n de la\u00a0<strong>Unidad Fiscal de Homicidios<\/strong>, se logr\u00f3 dar con la\u00a0<strong>motocicleta marca Gilera\u00a0<\/strong>de 200 cilindradas, dominio A113IAO. El hallazgo ocurri\u00f3 durante un rastrillaje sobre un terreno inculto sobre el costado este de callej\u00f3n <strong>Bianchi en Los Corralitos<\/strong>, departamento de Guaymall\u00e9n.<\/p>\n\n\n\n<p>La moto del joven asesinado ten\u00eda la llave colocada, se encontrada tirada sobre unos matorrales. Esto se le inform\u00f3 al<strong>\u00a0fiscal<\/strong>\u00a0de la causa,\u00a0<strong>Gustavo Pirrello<\/strong>, quien dispuso el trabajo de Polic\u00eda Cient\u00edfica sede Guaymall\u00e9n en el lugar y el labrado de las pertinentes actuaciones en Oficina fiscal 19.<\/p>\n\n\n\n<p>Tambi\u00e9n en las \u00faltimas horas,\u00a0<strong>fue detenido \u00abEl Viol\u00edn\u00bb<\/strong>\u00a0en el departamento de Guaymall\u00e9n,\u00a0<strong>se\u00f1alado como el presunto autor del\u00a0crimen de Juan Vela<\/strong>, ocurrido durante la tarde de este jueves en la calle Severo del Castillo, en el distrito de Puente de Hierro.<\/p>\n\n\n\n<figure class=\"wp-block-image is-resized\"><img loading=\"lazy\" decoding=\"async\" src=\"https:\/\/www.mendozapost.com\/files\/image\/475\/475571\/6442f214c0270_570_1267!.jpg?s=8029c10d20c96907a812a0bfbe27917e&amp;d=1682108952\" alt=\"\" width=\"945\" height=\"2101\"\/><figcaption class=\"wp-element-caption\">El Viol\u00edn, tal su apodo, fue detenido como presunto autor del crimen.<\/figcaption><\/figure>\n\n\n\n<p>El aprehendido era buscado intensamente desde la noche del jueves. Fue&nbsp;<strong>identificado como Ricardo Osorio<\/strong>, tiene 34 a\u00f1os y fue capturado por la Polic\u00eda en la zona donde ocurri\u00f3 el crimen, los efectivos est\u00e1n peritando un arma que hallaron en el lugar.&nbsp;<\/p>\n\n\n\n<p>Vela, de 30 a\u00f1os, fue ultimado <strong>de un tiro en el pecho alrededor de las 19 horas <\/strong>de este jueves en su casa, ubicada en la calle Severo del Castillo. Fue encontrado por su esposa herido en el patio, los vecinos lo trasladaron al microhospital Puente de Hierro, pero muri\u00f3 en el lugar.<\/p>\n\n\n\n<p>Sobre lo ocurrido, los delincuentes intentaron robar la moto de Juan Vela del patio de su vivienda. El&nbsp;<strong>joven asesinado<\/strong>, que ten\u00eda&nbsp;<strong>30 a\u00f1os<\/strong>, intent\u00f3 impedir el robo y fue en ese momento en el que recibi\u00f3 un disparo.<\/p>\n\n\n\n<p>Si bien los vecinos lo llevaron a un centro asistencial, no pudieron salvarle la vida porque el disparo le&nbsp;<strong>provoc\u00f3 la muerte de forma pr\u00e1cticamente instant\u00e1nea.<\/strong><\/p>\n\n\n\n<figure class=\"wp-block-image is-resized\"><img loading=\"lazy\" decoding=\"async\" src=\"https:\/\/www.mendozapost.com\/files\/image\/475\/475519\/6442ac213f910_570_413!.jpg?s=01f25333fbeae41c01a282f1b438327c&amp;d=1682109122\" alt=\"\" width=\"952\" height=\"690\"\/><figcaption class=\"wp-element-caption\">Juan Vela muri\u00f3 asesinado.<\/figcaption><\/figure>\n\n\n\n<p><\/p>\n","protected":false},"excerpt":{"rendered":"<p>El jueves pasado Mataron a un hombre en su casa de Guaymall\u00e9n y robaron una moto. En las \u00faltimas horas, se detuvo a un sujeto, conocido en el ambiente delictivo y apodado como \u00abEl Viol\u00edn\u00bb, y encontraron la moto que se rob\u00f3 de la casa de la v\u00edctima. El lamentable hecho ocurri\u00f3 en Puente de<a class=\"read-more\" href=\"https:\/\/elfederalmendoza.com.ar\/index.php\/2023\/04\/22\/detuvieron-a-el-violin-presunto-asesino-de-un-joven-de-guaymallen\/\"> [&hellip;]<\/a><\/p>\n","protected":false},"author":2,"featured_media":22198,"comment_status":"open","ping_status":"open","sticky":false,"template":"","format":"standard","meta":{"footnotes":""},"categories":[1],"tags":[],"class_list":["post-22197","post","type-post","status-publish","format-standard","has-post-thumbnail","hentry","category-mza"],"rttpg_featured_image_url":{"full":["https:\/\/elfederalmendoza.com.ar\/wp-content\/uploads\/2023\/04\/EL-VIOLIN.jpg",1004,672,false],"landscape":["https:\/\/elfederalmendoza.com.ar\/wp-content\/uploads\/2023\/04\/EL-VIOLIN.jpg",1004,672,false],"portraits":["https:\/\/elfederalmendoza.com.ar\/wp-content\/uploads\/2023\/04\/EL-VIOLIN.jpg",1004,672,false],"thumbnail":["https:\/\/elfederalmendoza.com.ar\/wp-content\/uploads\/2023\/04\/EL-VIOLIN-150x150.jpg",150,150,true],"medium":["https:\/\/elfederalmendoza.com.ar\/wp-content\/uploads\/2023\/04\/EL-VIOLIN-300x201.jpg",300,201,true],"large":["https:\/\/elfederalmendoza.com.ar\/wp-content\/uploads\/2023\/04\/EL-VIOLIN.jpg",640,428,false],"1536x1536":["https:\/\/elfederalmendoza.com.ar\/wp-content\/uploads\/2023\/04\/EL-VIOLIN.jpg",1004,672,false],"2048x2048":["https:\/\/elfederalmendoza.com.ar\/wp-content\/uploads\/2023\/04\/EL-VIOLIN.jpg",1004,672,false],"ultp_layout_landscape_large":["https:\/\/elfederalmendoza.com.ar\/wp-content\/uploads\/2023\/04\/EL-VIOLIN.jpg",1004,672,false],"ultp_layout_landscape":["https:\/\/elfederalmendoza.com.ar\/wp-content\/uploads\/2023\/04\/EL-VIOLIN-870x570.jpg",870,570,true],"ultp_layout_portrait":["https:\/\/elfederalmendoza.com.ar\/wp-content\/uploads\/2023\/04\/EL-VIOLIN-600x672.jpg",600,672,true],"ultp_layout_square":["https:\/\/elfederalmendoza.com.ar\/wp-content\/uploads\/2023\/04\/EL-VIOLIN-600x600.jpg",600,600,true],"rpwe-thumbnail":["https:\/\/elfederalmendoza.com.ar\/wp-content\/uploads\/2023\/04\/EL-VIOLIN-45x45.jpg",45,45,true],"advps-thumb-one":["https:\/\/elfederalmendoza.com.ar\/wp-content\/uploads\/2023\/04\/EL-VIOLIN-1004x420.jpg",1004,420,true]},"rttpg_author":{"display_name":"Redacci\u00f3n El Federal","author_link":"https:\/\/elfederalmendoza.com.ar\/index.php\/author\/angelflores\/"},"rttpg_comment":0,"rttpg_category":"<a href=\"https:\/\/elfederalmendoza.com.ar\/index.php\/category\/mza\/\" rel=\"category tag\">Mendoza<\/a>","rttpg_excerpt":"El jueves pasado Mataron a un hombre en su casa de Guaymall\u00e9n y robaron una moto. En las \u00faltimas horas, se detuvo a un sujeto, conocido en el ambiente delictivo y apodado como \u00abEl Viol\u00edn\u00bb, y encontraron la moto que se rob\u00f3 de la casa de la v\u00edctima. El lamentable hecho ocurri\u00f3 en Puente de&hellip;","_links":{"self":[{"href":"https:\/\/elfederalmendoza.com.ar\/index.php\/wp-json\/wp\/v2\/posts\/22197","targetHints":{"allow":["GET"]}}],"collection":[{"href":"https:\/\/elfederalmendoza.com.ar\/index.php\/wp-json\/wp\/v2\/posts"}],"about":[{"href":"https:\/\/elfederalmendoza.com.ar\/index.php\/wp-json\/wp\/v2\/types\/post"}],"author":[{"embeddable":true,"href":"https:\/\/elfederalmendoza.com.ar\/index.php\/wp-json\/wp\/v2\/users\/2"}],"replies":[{"embeddable":true,"href":"https:\/\/elfederalmendoza.com.ar\/index.php\/wp-json\/wp\/v2\/comments?post=22197"}],"version-history":[{"count":1,"href":"https:\/\/elfederalmendoza.com.ar\/index.php\/wp-json\/wp\/v2\/posts\/22197\/revisions"}],"predecessor-version":[{"id":22199,"href":"https:\/\/elfederalmendoza.com.ar\/index.php\/wp-json\/wp\/v2\/posts\/22197\/revisions\/22199"}],"wp:featuredmedia":[{"embeddable":true,"href":"https:\/\/elfederalmendoza.com.ar\/index.php\/wp-json\/wp\/v2\/media\/22198"}],"wp:attachment":[{"href":"https:\/\/elfederalmendoza.com.ar\/index.php\/wp-json\/wp\/v2\/media?parent=22197"}],"wp:term":[{"taxonomy":"category","embeddable":true,"href":"https:\/\/elfederalmendoza.com.ar\/index.php\/wp-json\/wp\/v2\/categories?post=22197"},{"taxonomy":"post_tag","embeddable":true,"href":"https:\/\/elfederalmendoza.com.ar\/index.php\/wp-json\/wp\/v2\/tags?post=22197"}],"curies":[{"name":"wp","href":"https:\/\/api.w.org\/{rel}","templated":true}]}}