{"id":22201,"date":"2023-04-23T10:00:52","date_gmt":"2023-04-23T13:00:52","guid":{"rendered":"https:\/\/elfederalmendoza.com\/?p=22201"},"modified":"2023-04-23T10:00:53","modified_gmt":"2023-04-23T13:00:53","slug":"cerraron-las-listas-en-mendoza-asi-quedaron-todas-las-listas","status":"publish","type":"post","link":"https:\/\/elfederalmendoza.com.ar\/index.php\/2023\/04\/23\/cerraron-las-listas-en-mendoza-asi-quedaron-todas-las-listas\/","title":{"rendered":"Cerraron las listas en Mendoza: as\u00ed quedaron todas las listas"},"content":{"rendered":"\n<p>El cierre de listas para las elecciones generales de Mendoza, con su estamento previo, las<strong>\u00a0Primarias (PASO)<\/strong>\u00a0que se realizar\u00e1n el\u00a0<strong>11 de junio<\/strong>, dej\u00f3 mucha tela para cortar y mucho por conocer de parte de los votantes.<\/p>\n\n\n\n<p>En primer lugar hay varios n\u00facleos que definir\u00e1n internamente sus candidaturas, por lo que hay que leer bien qui\u00e9nes van con qui\u00e9nes.<\/p>\n\n\n\n<p>Los grupos que tienen disputas previas internas son:<\/p>\n\n\n\n<p><strong>&#8211; Cambia Mendoza<\/strong>, con dos aspirantes a la gobernaci\u00f3n: Alfredo Cornejo y Luis Petri. Ambos llevan a mujeres como compa\u00f1eras de f\u00f3rmula: Hebe Casado y Patricia Gim\u00e9nez, respectivamente. Se baj\u00f3 el sector de los empresarios que crearon el espacio Activ\u00e1 Mendoza, tras no llegar a un acuerdo con ninguno de los precandidatos.<\/p>\n\n\n\n<p><strong>&#8211; Frente Eleg\u00ed.<\/strong>&nbsp;El peronismo tambi\u00e9n tuvo una baja: no competir\u00e1 el referente albertista Guillermo Elizalde. Se present\u00f3 una lista kirchnerista representada por Omar Parisi y Lucas Ilardo y otra que concentra a los intendentes no kirchneristas y a algunos kirchneristas que no est\u00e1n con La C\u00e1mpora, integrada por Guillermo Carmona y Liliana Paponet. Hay una tercera lista y que representa a los que se denominan \u00abmovimientos sociales\u00bb, y que componen Nicol\u00e1s Guill\u00e9n y Lorena Mart\u00edn. Mientras que en la madrugada todav\u00eda se desconoc\u00eda que fue de los que se lanzaron y no anotaron, Alfredo Guevara y Mart\u00edn Hinojosa. El peronismo, sin embargo, avis\u00f3 que reci\u00e9n exhibir\u00e1 sus listas a la Legislatura y otros cargos el martes, en medio del per\u00edodo de tachas.<\/p>\n\n\n\n<p><strong>&#8211; La Uni\u00f3n Mendocina.<\/strong>\u00a0Aqu\u00ed no hay disputa y su candidato a gobernador es Omar De Marchi. S\u00ed habr\u00e1 PASO para definir entre varios candidatos que llevan en los municipios.<\/p>\n\n\n\n<p><strong>&#8211; FIT-U.&nbsp;<\/strong>La Izquierda propone a los ciudadanos dos f\u00f3rmulas para la gobernaci\u00f3n: Laurato Jim\u00e9nez junto a Noelia Barbeito por el PTS enfrentar\u00e1 a la integrada por V\u00edctor Da Vila y Nadya Ortiz Gazzo, del PO.<\/p>\n\n\n\n<p>El&nbsp;<strong>Partido Verde<\/strong>, en tanto, no compone ning\u00fan frente y su f\u00f3rmula inscripta est\u00e1 integrada por Mario Vadillo y Emanuel Fugazzotto. Tendr\u00e1 competencia interna para las intendencias de Rivadavia, San Mart\u00edn y Luj\u00e1n el 11 de junio. El 30 de abril ya tiene PASO en San Carlos y Maip\u00fa.<\/p>\n","protected":false},"excerpt":{"rendered":"<p>El cierre de listas para las elecciones generales de Mendoza, con su estamento previo, las\u00a0Primarias (PASO)\u00a0que se realizar\u00e1n el\u00a011 de junio, dej\u00f3 mucha tela para cortar y mucho por conocer de parte de los votantes. En primer lugar hay varios n\u00facleos que definir\u00e1n internamente sus candidaturas, por lo que hay que leer bien qui\u00e9nes van<a class=\"read-more\" href=\"https:\/\/elfederalmendoza.com.ar\/index.php\/2023\/04\/23\/cerraron-las-listas-en-mendoza-asi-quedaron-todas-las-listas\/\"> [&hellip;]<\/a><\/p>\n","protected":false},"author":2,"featured_media":22202,"comment_status":"open","ping_status":"open","sticky":false,"template":"","format":"standard","meta":{"footnotes":""},"categories":[1],"tags":[],"class_list":["post-22201","post","type-post","status-publish","format-standard","has-post-thumbnail","hentry","category-mza"],"rttpg_featured_image_url":{"full":["https:\/\/elfederalmendoza.com.ar\/wp-content\/uploads\/2023\/04\/urna19_1000_1100.jpg",1100,730,false],"landscape":["https:\/\/elfederalmendoza.com.ar\/wp-content\/uploads\/2023\/04\/urna19_1000_1100.jpg",1100,730,false],"portraits":["https:\/\/elfederalmendoza.com.ar\/wp-content\/uploads\/2023\/04\/urna19_1000_1100.jpg",1100,730,false],"thumbnail":["https:\/\/elfederalmendoza.com.ar\/wp-content\/uploads\/2023\/04\/urna19_1000_1100-150x150.jpg",150,150,true],"medium":["https:\/\/elfederalmendoza.com.ar\/wp-content\/uploads\/2023\/04\/urna19_1000_1100-300x199.jpg",300,199,true],"large":["https:\/\/elfederalmendoza.com.ar\/wp-content\/uploads\/2023\/04\/urna19_1000_1100-1024x680.jpg",640,425,true],"1536x1536":["https:\/\/elfederalmendoza.com.ar\/wp-content\/uploads\/2023\/04\/urna19_1000_1100.jpg",1100,730,false],"2048x2048":["https:\/\/elfederalmendoza.com.ar\/wp-content\/uploads\/2023\/04\/urna19_1000_1100.jpg",1100,730,false],"ultp_layout_landscape_large":["https:\/\/elfederalmendoza.com.ar\/wp-content\/uploads\/2023\/04\/urna19_1000_1100.jpg",1100,730,false],"ultp_layout_landscape":["https:\/\/elfederalmendoza.com.ar\/wp-content\/uploads\/2023\/04\/urna19_1000_1100-870x570.jpg",870,570,true],"ultp_layout_portrait":["https:\/\/elfederalmendoza.com.ar\/wp-content\/uploads\/2023\/04\/urna19_1000_1100-600x730.jpg",600,730,true],"ultp_layout_square":["https:\/\/elfederalmendoza.com.ar\/wp-content\/uploads\/2023\/04\/urna19_1000_1100-600x600.jpg",600,600,true],"rpwe-thumbnail":["https:\/\/elfederalmendoza.com.ar\/wp-content\/uploads\/2023\/04\/urna19_1000_1100-45x45.jpg",45,45,true],"advps-thumb-one":["https:\/\/elfederalmendoza.com.ar\/wp-content\/uploads\/2023\/04\/urna19_1000_1100-1100x420.jpg",1100,420,true]},"rttpg_author":{"display_name":"Redacci\u00f3n El Federal","author_link":"https:\/\/elfederalmendoza.com.ar\/index.php\/author\/angelflores\/"},"rttpg_comment":0,"rttpg_category":"<a href=\"https:\/\/elfederalmendoza.com.ar\/index.php\/category\/mza\/\" rel=\"category tag\">Mendoza<\/a>","rttpg_excerpt":"El cierre de listas para las elecciones generales de Mendoza, con su estamento previo, las\u00a0Primarias (PASO)\u00a0que se realizar\u00e1n el\u00a011 de junio, dej\u00f3 mucha tela para cortar y mucho por conocer de parte de los votantes. En primer lugar hay varios n\u00facleos que definir\u00e1n internamente sus candidaturas, por lo que hay que leer bien qui\u00e9nes van&hellip;","_links":{"self":[{"href":"https:\/\/elfederalmendoza.com.ar\/index.php\/wp-json\/wp\/v2\/posts\/22201","targetHints":{"allow":["GET"]}}],"collection":[{"href":"https:\/\/elfederalmendoza.com.ar\/index.php\/wp-json\/wp\/v2\/posts"}],"about":[{"href":"https:\/\/elfederalmendoza.com.ar\/index.php\/wp-json\/wp\/v2\/types\/post"}],"author":[{"embeddable":true,"href":"https:\/\/elfederalmendoza.com.ar\/index.php\/wp-json\/wp\/v2\/users\/2"}],"replies":[{"embeddable":true,"href":"https:\/\/elfederalmendoza.com.ar\/index.php\/wp-json\/wp\/v2\/comments?post=22201"}],"version-history":[{"count":1,"href":"https:\/\/elfederalmendoza.com.ar\/index.php\/wp-json\/wp\/v2\/posts\/22201\/revisions"}],"predecessor-version":[{"id":22203,"href":"https:\/\/elfederalmendoza.com.ar\/index.php\/wp-json\/wp\/v2\/posts\/22201\/revisions\/22203"}],"wp:featuredmedia":[{"embeddable":true,"href":"https:\/\/elfederalmendoza.com.ar\/index.php\/wp-json\/wp\/v2\/media\/22202"}],"wp:attachment":[{"href":"https:\/\/elfederalmendoza.com.ar\/index.php\/wp-json\/wp\/v2\/media?parent=22201"}],"wp:term":[{"taxonomy":"category","embeddable":true,"href":"https:\/\/elfederalmendoza.com.ar\/index.php\/wp-json\/wp\/v2\/categories?post=22201"},{"taxonomy":"post_tag","embeddable":true,"href":"https:\/\/elfederalmendoza.com.ar\/index.php\/wp-json\/wp\/v2\/tags?post=22201"}],"curies":[{"name":"wp","href":"https:\/\/api.w.org\/{rel}","templated":true}]}}