{"id":22204,"date":"2023-04-23T02:41:00","date_gmt":"2023-04-23T05:41:00","guid":{"rendered":"https:\/\/elfederalmendoza.com\/?p=22204"},"modified":"2023-04-23T10:43:13","modified_gmt":"2023-04-23T13:43:13","slug":"murio-un-sobrino-de-la-senadora-anabel-fernandez-sagasti-mientras-comia-un-asado","status":"publish","type":"post","link":"https:\/\/elfederalmendoza.com.ar\/index.php\/2023\/04\/23\/murio-un-sobrino-de-la-senadora-anabel-fernandez-sagasti-mientras-comia-un-asado\/","title":{"rendered":"Muri\u00f3 un sobrino de la senadora Anabel Fern\u00e1ndez Sagasti mientras com\u00eda un asado"},"content":{"rendered":"\n<p>Un\u00a0<strong>sobrino<\/strong>\u00a0de la senadora nacional de Mendoza,\u00a0<strong>Anabel Fern\u00e1ndez Sagasti,<\/strong>\u00a0<strong>muri\u00f3<\/strong>\u00a0en esa\u00a0provincia mientras\u00a0<strong>com\u00eda un asado<\/strong>\u00a0con amigos y familiares en la sede del Club Godoy Cruz.<\/p>\n\n\n\n<p>El joven de 23 a\u00f1os, llamado&nbsp;<strong>Enzo Fern\u00e1ndez<\/strong>, falleci\u00f3 durante la cena al ahogarse con un trozo de la comida.<\/p>\n\n\n\n<p>Cuando sus acompa\u00f1antes se dieron cuenta de que no pod\u00eda respirar intentaron ayudarlo mientras llamaban al servicio de emergencias, pero cuando el personal de una ambulancia del Servicio Coordinado de Emergencias (SEC)<strong>\u00a0intent\u00f3 reanimarlo, no lo logr\u00f3 y se constat\u00f3 su muerte por asfixia.<\/strong><\/p>\n\n\n\n<p>Seg\u00fan informaron fuentes policiales a la prensa local, en la desesperaci\u00f3n por lo sucedido, se vivieron momentos de tensi\u00f3n entre los familiares del joven que se encontraban en el club y el personal m\u00e9dico, pero pese a que trasladaron en\u00a0un auto a Fern\u00e1ndez al Hospital Espa\u00f1ol no se pudo torcer tan dram\u00e1tico desenlace.<\/p>\n\n\n\n<figure class=\"wp-block-image size-full\"><img loading=\"lazy\" decoding=\"async\" width=\"900\" height=\"505\" src=\"https:\/\/elfederalmendoza.com\/wp-content\/uploads\/2023\/04\/image-4.png\" alt=\"\" class=\"wp-image-22206\" srcset=\"https:\/\/elfederalmendoza.com.ar\/wp-content\/uploads\/2023\/04\/image-4.png 900w, https:\/\/elfederalmendoza.com.ar\/wp-content\/uploads\/2023\/04\/image-4-300x168.png 300w, https:\/\/elfederalmendoza.com.ar\/wp-content\/uploads\/2023\/04\/image-4-768x431.png 768w\" sizes=\"auto, (max-width: 900px) 100vw, 900px\" \/><\/figure>\n\n\n\n<p>El Club Godoy Cruz, del que Enzo era socio, public\u00f3 en sus redes sociales su despedida.&nbsp;\u00abCon profundo dolor despedimos a Enzo Fern\u00e1ndez, socio de nuestra instituci\u00f3n. Acompa\u00f1amos a familiares y allegado en este momento\u00bb, escribieron desde la instituci\u00f3n,&nbsp;y comunicaron&nbsp;que por el tr\u00e1gico suceso habr\u00e1 duelo por 48 horas.<\/p>\n\n\n\n<p>En tanto, desde&nbsp;el Frente Eleg\u00ed, que integra la senadora, emitieron un comunicado por el fallecimiento del joven, ante el inminente cierre de listas de cara a las elecciones 2023 que se llevaba a cabo este s\u00e1bado.&nbsp;\u00abEn virtud de la tr\u00e1gica noticia sobre el fallecimiento del sobrino de nuestra compa\u00f1era Anabel Fern\u00e1ndez Sagasti, se comunica que todo di\u00e1logo o debate sobre la conformaci\u00f3n de nuestra lista interna se posterga hasta las 19\u00bb.<\/p>\n\n\n\n<p>Y agregaron: \u00abSepamos entender y respetemos el momento de dolor que nos invade\u00bb.<\/p>\n","protected":false},"excerpt":{"rendered":"<p>Un\u00a0sobrino\u00a0de la senadora nacional de Mendoza,\u00a0Anabel Fern\u00e1ndez Sagasti,\u00a0muri\u00f3\u00a0en esa\u00a0provincia mientras\u00a0com\u00eda un asado\u00a0con amigos y familiares en la sede del Club Godoy Cruz. El joven de 23 a\u00f1os, llamado&nbsp;Enzo Fern\u00e1ndez, falleci\u00f3 durante la cena al ahogarse con un trozo de la comida. Cuando sus acompa\u00f1antes se dieron cuenta de que no pod\u00eda respirar intentaron ayudarlo mientras<a class=\"read-more\" href=\"https:\/\/elfederalmendoza.com.ar\/index.php\/2023\/04\/23\/murio-un-sobrino-de-la-senadora-anabel-fernandez-sagasti-mientras-comia-un-asado\/\"> [&hellip;]<\/a><\/p>\n","protected":false},"author":2,"featured_media":22207,"comment_status":"open","ping_status":"open","sticky":false,"template":"","format":"standard","meta":{"footnotes":""},"categories":[1],"tags":[],"class_list":["post-22204","post","type-post","status-publish","format-standard","has-post-thumbnail","hentry","category-mza"],"rttpg_featured_image_url":{"full":["https:\/\/elfederalmendoza.com.ar\/wp-content\/uploads\/2023\/04\/718887-captura-20de-20pantalla-202023-04-22-20120426.jpg",752,596,false],"landscape":["https:\/\/elfederalmendoza.com.ar\/wp-content\/uploads\/2023\/04\/718887-captura-20de-20pantalla-202023-04-22-20120426.jpg",752,596,false],"portraits":["https:\/\/elfederalmendoza.com.ar\/wp-content\/uploads\/2023\/04\/718887-captura-20de-20pantalla-202023-04-22-20120426.jpg",752,596,false],"thumbnail":["https:\/\/elfederalmendoza.com.ar\/wp-content\/uploads\/2023\/04\/718887-captura-20de-20pantalla-202023-04-22-20120426-150x150.jpg",150,150,true],"medium":["https:\/\/elfederalmendoza.com.ar\/wp-content\/uploads\/2023\/04\/718887-captura-20de-20pantalla-202023-04-22-20120426-300x238.jpg",300,238,true],"large":["https:\/\/elfederalmendoza.com.ar\/wp-content\/uploads\/2023\/04\/718887-captura-20de-20pantalla-202023-04-22-20120426.jpg",640,507,false],"1536x1536":["https:\/\/elfederalmendoza.com.ar\/wp-content\/uploads\/2023\/04\/718887-captura-20de-20pantalla-202023-04-22-20120426.jpg",752,596,false],"2048x2048":["https:\/\/elfederalmendoza.com.ar\/wp-content\/uploads\/2023\/04\/718887-captura-20de-20pantalla-202023-04-22-20120426.jpg",752,596,false],"ultp_layout_landscape_large":["https:\/\/elfederalmendoza.com.ar\/wp-content\/uploads\/2023\/04\/718887-captura-20de-20pantalla-202023-04-22-20120426.jpg",752,596,false],"ultp_layout_landscape":["https:\/\/elfederalmendoza.com.ar\/wp-content\/uploads\/2023\/04\/718887-captura-20de-20pantalla-202023-04-22-20120426-752x570.jpg",752,570,true],"ultp_layout_portrait":["https:\/\/elfederalmendoza.com.ar\/wp-content\/uploads\/2023\/04\/718887-captura-20de-20pantalla-202023-04-22-20120426-600x596.jpg",600,596,true],"ultp_layout_square":["https:\/\/elfederalmendoza.com.ar\/wp-content\/uploads\/2023\/04\/718887-captura-20de-20pantalla-202023-04-22-20120426-600x596.jpg",600,596,true],"rpwe-thumbnail":["https:\/\/elfederalmendoza.com.ar\/wp-content\/uploads\/2023\/04\/718887-captura-20de-20pantalla-202023-04-22-20120426-45x45.jpg",45,45,true],"advps-thumb-one":["https:\/\/elfederalmendoza.com.ar\/wp-content\/uploads\/2023\/04\/718887-captura-20de-20pantalla-202023-04-22-20120426-752x420.jpg",752,420,true]},"rttpg_author":{"display_name":"Redacci\u00f3n El Federal","author_link":"https:\/\/elfederalmendoza.com.ar\/index.php\/author\/angelflores\/"},"rttpg_comment":0,"rttpg_category":"<a href=\"https:\/\/elfederalmendoza.com.ar\/index.php\/category\/mza\/\" rel=\"category tag\">Mendoza<\/a>","rttpg_excerpt":"Un\u00a0sobrino\u00a0de la senadora nacional de Mendoza,\u00a0Anabel Fern\u00e1ndez Sagasti,\u00a0muri\u00f3\u00a0en esa\u00a0provincia mientras\u00a0com\u00eda un asado\u00a0con amigos y familiares en la sede del Club Godoy Cruz. El joven de 23 a\u00f1os, llamado&nbsp;Enzo Fern\u00e1ndez, falleci\u00f3 durante la cena al ahogarse con un trozo de la comida. Cuando sus acompa\u00f1antes se dieron cuenta de que no pod\u00eda respirar intentaron ayudarlo mientras&hellip;","_links":{"self":[{"href":"https:\/\/elfederalmendoza.com.ar\/index.php\/wp-json\/wp\/v2\/posts\/22204","targetHints":{"allow":["GET"]}}],"collection":[{"href":"https:\/\/elfederalmendoza.com.ar\/index.php\/wp-json\/wp\/v2\/posts"}],"about":[{"href":"https:\/\/elfederalmendoza.com.ar\/index.php\/wp-json\/wp\/v2\/types\/post"}],"author":[{"embeddable":true,"href":"https:\/\/elfederalmendoza.com.ar\/index.php\/wp-json\/wp\/v2\/users\/2"}],"replies":[{"embeddable":true,"href":"https:\/\/elfederalmendoza.com.ar\/index.php\/wp-json\/wp\/v2\/comments?post=22204"}],"version-history":[{"count":2,"href":"https:\/\/elfederalmendoza.com.ar\/index.php\/wp-json\/wp\/v2\/posts\/22204\/revisions"}],"predecessor-version":[{"id":22209,"href":"https:\/\/elfederalmendoza.com.ar\/index.php\/wp-json\/wp\/v2\/posts\/22204\/revisions\/22209"}],"wp:featuredmedia":[{"embeddable":true,"href":"https:\/\/elfederalmendoza.com.ar\/index.php\/wp-json\/wp\/v2\/media\/22207"}],"wp:attachment":[{"href":"https:\/\/elfederalmendoza.com.ar\/index.php\/wp-json\/wp\/v2\/media?parent=22204"}],"wp:term":[{"taxonomy":"category","embeddable":true,"href":"https:\/\/elfederalmendoza.com.ar\/index.php\/wp-json\/wp\/v2\/categories?post=22204"},{"taxonomy":"post_tag","embeddable":true,"href":"https:\/\/elfederalmendoza.com.ar\/index.php\/wp-json\/wp\/v2\/tags?post=22204"}],"curies":[{"name":"wp","href":"https:\/\/api.w.org\/{rel}","templated":true}]}}