{"id":22205,"date":"2023-04-23T07:41:00","date_gmt":"2023-04-23T10:41:00","guid":{"rendered":"https:\/\/elfederalmendoza.com\/?p=22205"},"modified":"2023-04-23T10:58:19","modified_gmt":"2023-04-23T13:58:19","slug":"la-triste-historia-de-la-laguna-del-viboron-un-humedal-mendocino-que-esta-completamente-seco","status":"publish","type":"post","link":"https:\/\/elfederalmendoza.com.ar\/index.php\/2023\/04\/23\/la-triste-historia-de-la-laguna-del-viboron-un-humedal-mendocino-que-esta-completamente-seco\/","title":{"rendered":"La triste historia de la Laguna del Vibor\u00f3n, un humedal mendocino que est\u00e1 completamente seco"},"content":{"rendered":"\n<p>Cada 22 de abril se celebra el&nbsp;<strong>D\u00eda de la Tierra<\/strong>&nbsp;una fecha para recordar la importancia de cuidar el planeta y preservar sus recursos para darle una mejor esperanza de vida a las generaciones futuras en un momento en el que nos enfrentamos a una de las problem\u00e1ticas m\u00e1s graves para la humanidad: el cambio clim\u00e1tico. Frente a esta realidad, nos proponemos mostrar un ejemplo de c\u00f3mo esto nos afecta a todos, en cada rinc\u00f3n del planeta. Lo que sucede con la Laguna del Viboron da cuenta del avance de los efectos de este fen\u00f3meno.<\/p>\n\n\n\n<p>La<strong>\u00a0Laguna del Viboron\u00a0<\/strong>supo ser un humedal ubicado en\u00a0<strong>Maip\u00fa<\/strong>, forma parte de las lagunas del Guanacache y fue por d\u00e9cadas el punto de encuentro de muchos pescadores que llegaban hasta ese lugar para realizar su pr\u00e1ctica. Sin embargo, el rol de este reservorio de agua dulce es mucho m\u00e1s profundo y la sequ\u00eda absoluta que atraviesa es una se\u00f1al de alarma.<\/p>\n\n\n\n<p>La laguna no es natural, sino que en base a un cierre de tipo artificial que funciona a modo de alud o tap\u00f3n garantiza un nivel m\u00e1ximo del cuerpo de agua. Hoy pr\u00e1cticamente est\u00e1 muriendo. La sequ\u00eda que atraviesa es total.<strong>\u00a0En un recorrido realizado d\u00edas atr\u00e1s por ese sitio pudimos dar cuenta de esta realidad: no hay una gota de agua, el suelo est\u00e1 seco.<\/strong><\/p>\n\n\n\n<p>Esto, advierten especialistas consultados, se debe al cambio clim\u00e1tico, que produjo menos nevadas y por ende menos agua de deshielo que va a los r\u00edos. Con el consumo humano como destino prioritario y luego riego agr\u00edcola, no hay excedentes para que llegue agua a \u00e9ste y otros humedales, como el caso de a Laguna de Llancanelo en Malarg\u00fce, que atraviesa una situaci\u00f3n similar, como otras lagunas de la provincia.<\/p>\n\n\n\n<p>En este humedal intervienen tres entes: la Municipalidad de Maip\u00fa, la Secretaria de Ambiente y el Departamento General de Irrigaci\u00f3n, que es el organismo que tiene distribuci\u00f3n del agua. En 2008 fue declarada&nbsp;<strong>Reserva Natural Departamental por el Concejo Deliberante de Maip\u00fa<\/strong>.<\/p>\n\n\n\n<p>Desde Irrigaci\u00f3n explicaron que el agua -cada vez m\u00e1s escasa- tiene otros usos prioritarios, por eso se desv\u00eda en el camino y no llega a este lugar. Por eso, apuntan a concientizar sobre la necesidad de reducir el consumo humano, que hoy triplica lo recomendado por la Organizaci\u00f3n Mundial de la Salud, a la vez que es necesario tecnificar el riego agr\u00edcola para reducir el consumo intrafinca. Desaf\u00edos no menores en los que este organismo viene trabajando junto a especialistas internacionales y se espera ver los resultados a partir del plan maestro que se est\u00e1 elaborando.<\/p>\n\n\n\n<p><strong>Los humedales son ecosistemas estrat\u00e9gicos y permite la conservaci\u00f3n de especies de flora y fauna<\/strong>, por eso, el ecosistema de este espacio pr\u00e1cticamente desapareci\u00f3. Ya no se observa la cantidad de p\u00e1jaros que antes habitaban o tomaban la Laguna del Viboron como sitio de paso en su migraci\u00f3n.<\/p>\n\n\n\n<p>\u00abLa Laguna del Vibor\u00f3n es un nivel de base regional y representa un humedal que ha visto notablemente disminuido su aporte de agua superficial, subterr\u00e1nea y fre\u00e1tica por la crisis h\u00eddrica existente desde 2009. Esta escasez se agrav\u00f3 en el \u00faltimo a\u00f1o. Los caudales medios del a\u00f1o 2021 fueron aproximadamente un 50% inferiores a los caudales medios hist\u00f3ricos (per\u00edodo 1956-2020)\u00bb, explic\u00f3 Irrigaci\u00f3n.<\/p>\n\n\n\n<p><strong>La siguiente imagen fue tomada en febrero de 2021,<\/strong>\u00a0cuando el nivel de agua hab\u00eda bajado considerablemente. De esa parte hasta ahora, no queda una gota de agua.<\/p>\n\n\n\n<p>\u00abLas perforaciones marcan un acentuado descenso de los niveles est\u00e1ticos coincidentes con los descensos generales en toda la provincia, y que demuestran c\u00f3mo el prolongado periodo de sequ\u00eda impacta en los acu\u00edferos de las diferentes cuencas&#8230; Tambi\u00e9n es importante destacar que los pozos surgentes de la zona han perdido su productividad debido a la escasez de las precipitaciones n\u00edveas\u00bb, destac\u00f3 el organismo.<\/p>\n\n\n\n<p>\u00abComo consecuencia de la crisis h\u00eddrica hay un menor volumen de agua disponible para riego que incide en una disminuci\u00f3n en el volumen infiltrado en el suelo, por lo tanto, un menor aporte a la recarga acu\u00edfera y por ende un desecamiento progresivo del sistema humedal agravado en los \u00faltimos 12 a\u00f1os\u00bb, agreg\u00f3 el Departamento General de Irrigaci\u00f3n.<\/p>\n\n\n\n<p>Pero este sitio tiene adem\u00e1s un rol a nivel social y cultural para la comunidad ya que all\u00ed funciona el&nbsp;<strong>Club de Pesca Deportiva Cristobal Col\u00f3n<\/strong>, fundado en 1956. Mar\u00eda Cristina De Huin, presidenta de la comisi\u00f3n directiva explic\u00f3 c\u00f3mo viven esta realidad: \u00abEl impacto visual y emocional de que la laguna se seque es muy fuerte. Nosotros trabajamos en el club hace muchos a\u00f1os, somos hijos y nietos de los fundadores\u00bb. \u00abLo m\u00e1s doloroso es el impacto ecol\u00f3gico, tenemos relevamientos de que aqu\u00ed pod\u00edas ver 160 especies de aves, la mayor\u00eda migratorias, que paraban, hac\u00edan su descanso y segu\u00edan vuelo a Llancanelo\u00bb, relat\u00f3.<\/p>\n\n\n\n<p>\u00abPara nosotros esto es un cachetazo porque nunca nos imaginamos que iba a pasar esto. Es parte de la historia de Mendoza, con el valor social, cultural y ecol\u00f3gico que tiene. Deber\u00edamos preservar este tipo de lugares que nos hacen un aporte a la calidad de vida, es aire puro, equilibrio ecosist\u00e9mico. Son 103 kil\u00f3metros de pura naturaleza, de biodiversidad. Sin embargo, no hay ning\u00fan tipo de ley que ampare estos lugares\u00bb, lament\u00f3 Mary.<\/p>\n\n\n\n<p>\u00abCuando comenz\u00f3 el proceso de la sequ\u00eda sent\u00ed una profunda tristeza, pero al pasar los a\u00f1os fue peor porque no hay nada para hacer, no hay leyes que protejan estos lugares\u00bb, agreg\u00f3.<\/p>\n\n\n\n<p><em>Fuente: Sitio Andino<\/em><\/p>\n","protected":false},"excerpt":{"rendered":"<p>Cada 22 de abril se celebra el&nbsp;D\u00eda de la Tierra&nbsp;una fecha para recordar la importancia de cuidar el planeta y preservar sus recursos para darle una mejor esperanza de vida a las generaciones futuras en un momento en el que nos enfrentamos a una de las problem\u00e1ticas m\u00e1s graves para la humanidad: el cambio clim\u00e1tico.<a class=\"read-more\" href=\"https:\/\/elfederalmendoza.com.ar\/index.php\/2023\/04\/23\/la-triste-historia-de-la-laguna-del-viboron-un-humedal-mendocino-que-esta-completamente-seco\/\"> [&hellip;]<\/a><\/p>\n","protected":false},"author":2,"featured_media":22212,"comment_status":"open","ping_status":"open","sticky":false,"template":"","format":"standard","meta":{"footnotes":""},"categories":[1],"tags":[],"class_list":["post-22205","post","type-post","status-publish","format-standard","has-post-thumbnail","hentry","category-mza"],"rttpg_featured_image_url":{"full":["https:\/\/elfederalmendoza.com.ar\/wp-content\/uploads\/2023\/04\/UESCE5QKZ5CAXBR2ITQGYFDTFU-scaled.jpg",2560,1440,false],"landscape":["https:\/\/elfederalmendoza.com.ar\/wp-content\/uploads\/2023\/04\/UESCE5QKZ5CAXBR2ITQGYFDTFU-scaled.jpg",2560,1440,false],"portraits":["https:\/\/elfederalmendoza.com.ar\/wp-content\/uploads\/2023\/04\/UESCE5QKZ5CAXBR2ITQGYFDTFU-scaled.jpg",2560,1440,false],"thumbnail":["https:\/\/elfederalmendoza.com.ar\/wp-content\/uploads\/2023\/04\/UESCE5QKZ5CAXBR2ITQGYFDTFU-150x150.jpg",150,150,true],"medium":["https:\/\/elfederalmendoza.com.ar\/wp-content\/uploads\/2023\/04\/UESCE5QKZ5CAXBR2ITQGYFDTFU-300x169.jpg",300,169,true],"large":["https:\/\/elfederalmendoza.com.ar\/wp-content\/uploads\/2023\/04\/UESCE5QKZ5CAXBR2ITQGYFDTFU-1024x576.jpg",640,360,true],"1536x1536":["https:\/\/elfederalmendoza.com.ar\/wp-content\/uploads\/2023\/04\/UESCE5QKZ5CAXBR2ITQGYFDTFU-1536x864.jpg",1536,864,true],"2048x2048":["https:\/\/elfederalmendoza.com.ar\/wp-content\/uploads\/2023\/04\/UESCE5QKZ5CAXBR2ITQGYFDTFU-2048x1152.jpg",2048,1152,true],"ultp_layout_landscape_large":["https:\/\/elfederalmendoza.com.ar\/wp-content\/uploads\/2023\/04\/UESCE5QKZ5CAXBR2ITQGYFDTFU-1200x800.jpg",1200,800,true],"ultp_layout_landscape":["https:\/\/elfederalmendoza.com.ar\/wp-content\/uploads\/2023\/04\/UESCE5QKZ5CAXBR2ITQGYFDTFU-870x570.jpg",870,570,true],"ultp_layout_portrait":["https:\/\/elfederalmendoza.com.ar\/wp-content\/uploads\/2023\/04\/UESCE5QKZ5CAXBR2ITQGYFDTFU-600x900.jpg",600,900,true],"ultp_layout_square":["https:\/\/elfederalmendoza.com.ar\/wp-content\/uploads\/2023\/04\/UESCE5QKZ5CAXBR2ITQGYFDTFU-600x600.jpg",600,600,true],"rpwe-thumbnail":["https:\/\/elfederalmendoza.com.ar\/wp-content\/uploads\/2023\/04\/UESCE5QKZ5CAXBR2ITQGYFDTFU-45x45.jpg",45,45,true],"advps-thumb-one":["https:\/\/elfederalmendoza.com.ar\/wp-content\/uploads\/2023\/04\/UESCE5QKZ5CAXBR2ITQGYFDTFU-1200x420.jpg",1200,420,true]},"rttpg_author":{"display_name":"Redacci\u00f3n El Federal","author_link":"https:\/\/elfederalmendoza.com.ar\/index.php\/author\/angelflores\/"},"rttpg_comment":0,"rttpg_category":"<a href=\"https:\/\/elfederalmendoza.com.ar\/index.php\/category\/mza\/\" rel=\"category tag\">Mendoza<\/a>","rttpg_excerpt":"Cada 22 de abril se celebra el&nbsp;D\u00eda de la Tierra&nbsp;una fecha para recordar la importancia de cuidar el planeta y preservar sus recursos para darle una mejor esperanza de vida a las generaciones futuras en un momento en el que nos enfrentamos a una de las problem\u00e1ticas m\u00e1s graves para la humanidad: el cambio clim\u00e1tico.&hellip;","_links":{"self":[{"href":"https:\/\/elfederalmendoza.com.ar\/index.php\/wp-json\/wp\/v2\/posts\/22205","targetHints":{"allow":["GET"]}}],"collection":[{"href":"https:\/\/elfederalmendoza.com.ar\/index.php\/wp-json\/wp\/v2\/posts"}],"about":[{"href":"https:\/\/elfederalmendoza.com.ar\/index.php\/wp-json\/wp\/v2\/types\/post"}],"author":[{"embeddable":true,"href":"https:\/\/elfederalmendoza.com.ar\/index.php\/wp-json\/wp\/v2\/users\/2"}],"replies":[{"embeddable":true,"href":"https:\/\/elfederalmendoza.com.ar\/index.php\/wp-json\/wp\/v2\/comments?post=22205"}],"version-history":[{"count":1,"href":"https:\/\/elfederalmendoza.com.ar\/index.php\/wp-json\/wp\/v2\/posts\/22205\/revisions"}],"predecessor-version":[{"id":22211,"href":"https:\/\/elfederalmendoza.com.ar\/index.php\/wp-json\/wp\/v2\/posts\/22205\/revisions\/22211"}],"wp:featuredmedia":[{"embeddable":true,"href":"https:\/\/elfederalmendoza.com.ar\/index.php\/wp-json\/wp\/v2\/media\/22212"}],"wp:attachment":[{"href":"https:\/\/elfederalmendoza.com.ar\/index.php\/wp-json\/wp\/v2\/media?parent=22205"}],"wp:term":[{"taxonomy":"category","embeddable":true,"href":"https:\/\/elfederalmendoza.com.ar\/index.php\/wp-json\/wp\/v2\/categories?post=22205"},{"taxonomy":"post_tag","embeddable":true,"href":"https:\/\/elfederalmendoza.com.ar\/index.php\/wp-json\/wp\/v2\/tags?post=22205"}],"curies":[{"name":"wp","href":"https:\/\/api.w.org\/{rel}","templated":true}]}}