{"id":22213,"date":"2023-04-24T08:23:59","date_gmt":"2023-04-24T11:23:59","guid":{"rendered":"https:\/\/elfederalmendoza.com\/?p=22213"},"modified":"2023-04-24T08:42:04","modified_gmt":"2023-04-24T11:42:04","slug":"hallaron-sin-vida-al-hombre-que-estaba-profugo-acusado-de-abusar-de-su-hija","status":"publish","type":"post","link":"https:\/\/elfederalmendoza.com.ar\/index.php\/2023\/04\/24\/hallaron-sin-vida-al-hombre-que-estaba-profugo-acusado-de-abusar-de-su-hija\/","title":{"rendered":"Hallaron sin vida al hombre que estaba pr\u00f3fugo acusado de abusar de su hija"},"content":{"rendered":"\n<p>Este domingo encontraron muerto a\u00a0Santiago Illanes,\u00a0de 30 a\u00f1os, que estaba pr\u00f3fugo acusado de abusar de su hija menor de edad. El cuerpo colgaba de un \u00e1rbol en Blanco Encalada.<\/p>\n\n\n\n<p>Es importante recordar que la polic\u00eda y justicia buscaba intensamente al\u00a0<strong>hombre que fue denunciado por abuso sexual en perjuicio de su hija menor y quien se fug\u00f3 antes de ser detenido.<\/strong><\/p>\n\n\n\n<p>Sobre&nbsp;<strong>el hombre&nbsp;<\/strong>pesaba un pedido de captura y se realizaron allanamientos en los \u00faltimos d\u00edas, para intentar ubicarlo sin \u00e9xito.<\/p>\n\n\n\n<p>El caso ten\u00eda la particularidad de que\u00a0<strong>el sujeto fugado era hijo de un hombre que en el 2011 fue condenado a 8 a\u00f1os de c\u00e1rcel por un abuso sexual gravemente ultrajante contra un joven con s\u00edndrome de down. Ese individuo tambi\u00e9n se fug\u00f3 de la justicia cuando cumpl\u00eda la condena en prisi\u00f3n domiciliaria.<\/strong><\/p>\n\n\n\n<p><em>Fuente: Sitio Andino<\/em><\/p>\n","protected":false},"excerpt":{"rendered":"<p>Este domingo encontraron muerto a\u00a0Santiago Illanes,\u00a0de 30 a\u00f1os, que estaba pr\u00f3fugo acusado de abusar de su hija menor de edad. El cuerpo colgaba de un \u00e1rbol en Blanco Encalada. Es importante recordar que la polic\u00eda y justicia buscaba intensamente al\u00a0hombre que fue denunciado por abuso sexual en perjuicio de su hija menor y quien se<a class=\"read-more\" href=\"https:\/\/elfederalmendoza.com.ar\/index.php\/2023\/04\/24\/hallaron-sin-vida-al-hombre-que-estaba-profugo-acusado-de-abusar-de-su-hija\/\"> [&hellip;]<\/a><\/p>\n","protected":false},"author":2,"featured_media":22214,"comment_status":"open","ping_status":"open","sticky":false,"template":"","format":"standard","meta":{"footnotes":""},"categories":[1],"tags":[],"class_list":["post-22213","post","type-post","status-publish","format-standard","has-post-thumbnail","hentry","category-mza"],"rttpg_featured_image_url":{"full":["https:\/\/elfederalmendoza.com.ar\/wp-content\/uploads\/2023\/04\/cientifica-policia-papagallo-challao-mario-ricardo-castro-maria-aida-oliva-femicidio-511818.webp",790,527,false],"landscape":["https:\/\/elfederalmendoza.com.ar\/wp-content\/uploads\/2023\/04\/cientifica-policia-papagallo-challao-mario-ricardo-castro-maria-aida-oliva-femicidio-511818.webp",790,527,false],"portraits":["https:\/\/elfederalmendoza.com.ar\/wp-content\/uploads\/2023\/04\/cientifica-policia-papagallo-challao-mario-ricardo-castro-maria-aida-oliva-femicidio-511818.webp",790,527,false],"thumbnail":["https:\/\/elfederalmendoza.com.ar\/wp-content\/uploads\/2023\/04\/cientifica-policia-papagallo-challao-mario-ricardo-castro-maria-aida-oliva-femicidio-511818-150x150.webp",150,150,true],"medium":["https:\/\/elfederalmendoza.com.ar\/wp-content\/uploads\/2023\/04\/cientifica-policia-papagallo-challao-mario-ricardo-castro-maria-aida-oliva-femicidio-511818-300x200.webp",300,200,true],"large":["https:\/\/elfederalmendoza.com.ar\/wp-content\/uploads\/2023\/04\/cientifica-policia-papagallo-challao-mario-ricardo-castro-maria-aida-oliva-femicidio-511818.webp",640,427,false],"1536x1536":["https:\/\/elfederalmendoza.com.ar\/wp-content\/uploads\/2023\/04\/cientifica-policia-papagallo-challao-mario-ricardo-castro-maria-aida-oliva-femicidio-511818.webp",790,527,false],"2048x2048":["https:\/\/elfederalmendoza.com.ar\/wp-content\/uploads\/2023\/04\/cientifica-policia-papagallo-challao-mario-ricardo-castro-maria-aida-oliva-femicidio-511818.webp",790,527,false],"ultp_layout_landscape_large":["https:\/\/elfederalmendoza.com.ar\/wp-content\/uploads\/2023\/04\/cientifica-policia-papagallo-challao-mario-ricardo-castro-maria-aida-oliva-femicidio-511818.webp",790,527,false],"ultp_layout_landscape":["https:\/\/elfederalmendoza.com.ar\/wp-content\/uploads\/2023\/04\/cientifica-policia-papagallo-challao-mario-ricardo-castro-maria-aida-oliva-femicidio-511818.webp",790,527,false],"ultp_layout_portrait":["https:\/\/elfederalmendoza.com.ar\/wp-content\/uploads\/2023\/04\/cientifica-policia-papagallo-challao-mario-ricardo-castro-maria-aida-oliva-femicidio-511818-600x527.webp",600,527,true],"ultp_layout_square":["https:\/\/elfederalmendoza.com.ar\/wp-content\/uploads\/2023\/04\/cientifica-policia-papagallo-challao-mario-ricardo-castro-maria-aida-oliva-femicidio-511818-600x527.webp",600,527,true],"rpwe-thumbnail":["https:\/\/elfederalmendoza.com.ar\/wp-content\/uploads\/2023\/04\/cientifica-policia-papagallo-challao-mario-ricardo-castro-maria-aida-oliva-femicidio-511818-45x45.webp",45,45,true],"advps-thumb-one":["https:\/\/elfederalmendoza.com.ar\/wp-content\/uploads\/2023\/04\/cientifica-policia-papagallo-challao-mario-ricardo-castro-maria-aida-oliva-femicidio-511818-790x420.webp",790,420,true]},"rttpg_author":{"display_name":"Redacci\u00f3n El Federal","author_link":"https:\/\/elfederalmendoza.com.ar\/index.php\/author\/angelflores\/"},"rttpg_comment":0,"rttpg_category":"<a href=\"https:\/\/elfederalmendoza.com.ar\/index.php\/category\/mza\/\" rel=\"category tag\">Mendoza<\/a>","rttpg_excerpt":"Este domingo encontraron muerto a\u00a0Santiago Illanes,\u00a0de 30 a\u00f1os, que estaba pr\u00f3fugo acusado de abusar de su hija menor de edad. El cuerpo colgaba de un \u00e1rbol en Blanco Encalada. Es importante recordar que la polic\u00eda y justicia buscaba intensamente al\u00a0hombre que fue denunciado por abuso sexual en perjuicio de su hija menor y quien se&hellip;","_links":{"self":[{"href":"https:\/\/elfederalmendoza.com.ar\/index.php\/wp-json\/wp\/v2\/posts\/22213","targetHints":{"allow":["GET"]}}],"collection":[{"href":"https:\/\/elfederalmendoza.com.ar\/index.php\/wp-json\/wp\/v2\/posts"}],"about":[{"href":"https:\/\/elfederalmendoza.com.ar\/index.php\/wp-json\/wp\/v2\/types\/post"}],"author":[{"embeddable":true,"href":"https:\/\/elfederalmendoza.com.ar\/index.php\/wp-json\/wp\/v2\/users\/2"}],"replies":[{"embeddable":true,"href":"https:\/\/elfederalmendoza.com.ar\/index.php\/wp-json\/wp\/v2\/comments?post=22213"}],"version-history":[{"count":2,"href":"https:\/\/elfederalmendoza.com.ar\/index.php\/wp-json\/wp\/v2\/posts\/22213\/revisions"}],"predecessor-version":[{"id":22216,"href":"https:\/\/elfederalmendoza.com.ar\/index.php\/wp-json\/wp\/v2\/posts\/22213\/revisions\/22216"}],"wp:featuredmedia":[{"embeddable":true,"href":"https:\/\/elfederalmendoza.com.ar\/index.php\/wp-json\/wp\/v2\/media\/22214"}],"wp:attachment":[{"href":"https:\/\/elfederalmendoza.com.ar\/index.php\/wp-json\/wp\/v2\/media?parent=22213"}],"wp:term":[{"taxonomy":"category","embeddable":true,"href":"https:\/\/elfederalmendoza.com.ar\/index.php\/wp-json\/wp\/v2\/categories?post=22213"},{"taxonomy":"post_tag","embeddable":true,"href":"https:\/\/elfederalmendoza.com.ar\/index.php\/wp-json\/wp\/v2\/tags?post=22213"}],"curies":[{"name":"wp","href":"https:\/\/api.w.org\/{rel}","templated":true}]}}