{"id":22217,"date":"2023-04-24T08:48:13","date_gmt":"2023-04-24T11:48:13","guid":{"rendered":"https:\/\/elfederalmendoza.com\/?p=22217"},"modified":"2023-04-24T08:48:14","modified_gmt":"2023-04-24T11:48:14","slug":"el-acusado-de-matar-a-juan-vela-en-su-casa-de-guaymallen-intento-secuestrar-a-un-nino-para-evitar-que-lo-arresten","status":"publish","type":"post","link":"https:\/\/elfederalmendoza.com.ar\/index.php\/2023\/04\/24\/el-acusado-de-matar-a-juan-vela-en-su-casa-de-guaymallen-intento-secuestrar-a-un-nino-para-evitar-que-lo-arresten\/","title":{"rendered":"El acusado de matar a Juan Vela en su casa de Guaymall\u00e9n intent\u00f3 secuestrar a un ni\u00f1o para evitar que lo arresten"},"content":{"rendered":"\n<p>Poco m\u00e1s de 50 metros separan la casa donde fue ejecutado&nbsp;<strong>Juan Vela N\u00fa\u00f1ez&nbsp;<\/strong>(30) de la&nbsp;<strong>subcomisar\u00eda Puebla de Puente de Hierro<\/strong>, en Guaymall\u00e9n. El jueves, pasadas las 20, un malviviente armado con una pistola calibre 22 ingres\u00f3 a su domicilio con fines de robo. Todo termin\u00f3 tr\u00e1gicamente y el caso gener\u00f3 indignaci\u00f3n de los habitantes de la zona.<\/p>\n\n\n\n<p>El ladr\u00f3n buscaba llevarse una moto\u00a0<strong>Gilera 200 negra<\/strong>\u00a0que estaba en el patio. La v\u00edctima trabajaba en un invernadero de tomates de la zona y se encontraba descansando mientras la esposa y su peque\u00f1a hija de 2 a\u00f1os pasaban un tiempo en la vivienda de su suegra, en el mismo loteo Quatrini. El disparo provoc\u00f3 la r\u00e1pida reacci\u00f3n de un vecino, que sali\u00f3 a ver qu\u00e9 suced\u00eda. Cuando lleg\u00f3 hasta el lugar, Vela se encontraba agonizando y un hombre escapaba en el rodado de la v\u00edctima.<\/p>\n\n\n\n<p>A los pocos minutos, pese a que lo trasladaron hasta el microhospital de Puente de Hierro, ubicado frente a la dependencia policial (hacia el oeste), constataron el deceso producto de un disparo a corta distancia en la zona del t\u00f3rax.<\/p>\n\n\n\n<p>La investigaci\u00f3n qued\u00f3 en manos del&nbsp;<strong>fiscal de Homicidios Gustavo Pirrello<\/strong>. En tiempo r\u00e9cord,&nbsp;<mark>el sospechoso fue detenido el viernes por la ma\u00f1ana. Un testigo observ\u00f3 al presunto autor del hecho con la moto y lograron identificarlo<\/mark>&nbsp;durante la madrugada del viernes. El veh\u00edculo tambi\u00e9n fue recuperado esa jornada.<\/p>\n\n\n\n<p>Se trat\u00f3 de<strong>\u00a0Ricardo Alfredo Osorio Moyano<\/strong>, un reconocido malviviente que se mov\u00eda por los asentamientos\u00a0<strong>Grilli\u00a0<\/strong>y\u00a0<strong>Evelin\u00a0<\/strong>del citado departamento.<\/p>\n\n\n\n<p>Pirrello acus\u00f3 a Osorio Moyano, quien es conocido como el&nbsp;<strong><em>Viol\u00edn&nbsp;<\/em><\/strong>y naci\u00f3 el 4 de setiembre de 1988,&nbsp;<mark>por homicidio criminis causa (matar para lograr la impunidad de otro hecho) y orden\u00f3 que pase la c\u00e1rcel<\/mark>. A pesar de la celeridad de los detectives policiales de la Divisi\u00f3n Homicidios de Investigaciones en dar con el sospechoso, no fue una tarea sencilla ponerlo a disposici\u00f3n del Ministerio P\u00fablico.<\/p>\n\n\n\n<p>Osorio Moyano ofreci\u00f3 resistencia cuando lo ubicaron, gracias a algunos vecinos que se mostraron cansados de la \u201cconstante\u201d actividad delictiva en las dos villas citadas y dieron aviso de su domicilio a la polic\u00eda. Lo fueron a buscar all\u00ed pero no lo encontraron. Su mujer poco aport\u00f3 sobre \u00e9l.<\/p>\n\n\n\n<p><mark>Con el paso de las horas, lo vieron circulando en una bicicleta robada y llevaba una mochila. Intent\u00f3 secuestrar a un ni\u00f1o para evitar ser atrapado mientras hu\u00eda del personal policial por las villas pero no lo consigui\u00f3<\/mark>, gracias a la r\u00e1pida reacci\u00f3n de la madre de la criatura, quien se lo quit\u00f3 de los brazos.<\/p>\n\n\n\n<p>La informaci\u00f3n a la que accedi\u00f3<em><strong>&nbsp;El Sol<\/strong><\/em>&nbsp;agrega que los polic\u00edas frenaron la alocada carrera de escape del malviviente y tuvieron que utilizar la fuerza para que depusiera la actitud. No se entreg\u00f3 f\u00e1cilmente. Cuando lograron esposarlo e introducirlo a una movilidad, detectaron que hab\u00eda arrojado una mochila.&nbsp;<mark>En el bolso hab\u00eda un arma de fuego y tambi\u00e9n algunas dosis de estupefacientes.<\/mark><\/p>\n\n\n\n<p>Para los pesquisas que trabajaron en el caso, se tratar\u00eda del arma empleada para matar a Vela. En las pr\u00f3ximas horas, el resultado bal\u00edstico iba a estar en manos del fiscal de instrucci\u00f3n para ser incorporado en el expediente.<\/p>\n\n\n\n<p>Los testigos que hablaron en la causa identificaron a\u00a0<strong>Osorio Moyano<\/strong>\u00a0por sus prendas de vestir. Este no fue un detalle menor para los sabuesos policiales que lo buscaban: cuando lo detectaron en la calle ten\u00eda la misma remera blanca con rayas azules y rojas, pantalones azueles y zapatillas negras con blanco, que hab\u00edan observado cuando lo detectaron cerca de la escena del crimen.<\/p>\n\n\n\n<p>Despu\u00e9s de la captura, el personal policial hall\u00f3 la moto robada a Vela durante unos rastrillajes. Tambi\u00e9n fue gracias a los vecinos de la zona, cansados de sufrir.Se encontraba entre unos yuyos ubicados en un terreno inculto ubicado hacia el costado este del callej\u00f3n&nbsp;<strong>Bianchi<\/strong>, en el distrito Los Corralitos.<\/p>\n\n\n\n<p>A la moto Gilera de la v\u00edctima le faltaban algunas partes (no presentaba los pl\u00e1sticos de carenado) y ten\u00eda las llaves puestas. Polic\u00eda Cient\u00edfica trabaj\u00f3 sobre el rodado para intentar levantar rastros dactilares que terminen de cerrar la hip\u00f3tesis del fiscal, es decir, que el Viol\u00edn fue quien entr\u00f3 a la casa del joven de 30 a\u00f1os y le dispar\u00f3 para llevarse el veh\u00edculo.<\/p>\n\n\n\n<h2 class=\"wp-block-heading\" id=\"h-a-corta-distancia\">A corta distancia<\/h2>\n\n\n\n<p>La reconstrucci\u00f3n que hicieron los investigadores sostiene que Vela fue encontrado agonizando por un vecino, la esposa y su suegra, luego de que se escuchara una detonaci\u00f3n de arma de fuego. La v\u00edctima estaba en un patio interno de la vivienda, ubicada hacia el este de la&nbsp;<strong>subcomisar\u00eda Puebla<\/strong>, muy cerca de unas herramientas de trabajo.<\/p>\n\n\n\n<p>Personal policial lleg\u00f3 hasta el lugar y la v\u00edctima ya hab\u00eda sido trasladada hasta el microhospital de Puente de Hierro, ubicado unos 200 metros hacia el oeste de la escena. Sin embargo, el m\u00e9dico de guardia nada pudo hacer para salvarle la vida y constat\u00f3 el deceso.<\/p>\n\n\n\n<p>En un principio, trascendi\u00f3 que no hab\u00eda testigos que pudieron identificar al autor. Sin embargo, con el paso de las horas comenzaron los llamados al 911 aportando datos de importancia que sirvieron para avanzar en el caso hasta el otro d\u00eda, cuando se captur\u00f3 al \u00fanico sospechoso del caso.<\/p>\n\n\n\n<p><em>Fuente: El Sol<\/em><\/p>\n","protected":false},"excerpt":{"rendered":"<p>Poco m\u00e1s de 50 metros separan la casa donde fue ejecutado&nbsp;Juan Vela N\u00fa\u00f1ez&nbsp;(30) de la&nbsp;subcomisar\u00eda Puebla de Puente de Hierro, en Guaymall\u00e9n. El jueves, pasadas las 20, un malviviente armado con una pistola calibre 22 ingres\u00f3 a su domicilio con fines de robo. Todo termin\u00f3 tr\u00e1gicamente y el caso gener\u00f3 indignaci\u00f3n de los habitantes de<a class=\"read-more\" href=\"https:\/\/elfederalmendoza.com.ar\/index.php\/2023\/04\/24\/el-acusado-de-matar-a-juan-vela-en-su-casa-de-guaymallen-intento-secuestrar-a-un-nino-para-evitar-que-lo-arresten\/\"> [&hellip;]<\/a><\/p>\n","protected":false},"author":2,"featured_media":22218,"comment_status":"open","ping_status":"open","sticky":false,"template":"","format":"standard","meta":{"footnotes":""},"categories":[1],"tags":[],"class_list":["post-22217","post","type-post","status-publish","format-standard","has-post-thumbnail","hentry","category-mza"],"rttpg_featured_image_url":{"full":["https:\/\/elfederalmendoza.com.ar\/wp-content\/uploads\/2023\/04\/Homicidio-Puente-de-Hierro-6-scaled-1.webp",1024,683,false],"landscape":["https:\/\/elfederalmendoza.com.ar\/wp-content\/uploads\/2023\/04\/Homicidio-Puente-de-Hierro-6-scaled-1.webp",1024,683,false],"portraits":["https:\/\/elfederalmendoza.com.ar\/wp-content\/uploads\/2023\/04\/Homicidio-Puente-de-Hierro-6-scaled-1.webp",1024,683,false],"thumbnail":["https:\/\/elfederalmendoza.com.ar\/wp-content\/uploads\/2023\/04\/Homicidio-Puente-de-Hierro-6-scaled-1-150x150.webp",150,150,true],"medium":["https:\/\/elfederalmendoza.com.ar\/wp-content\/uploads\/2023\/04\/Homicidio-Puente-de-Hierro-6-scaled-1-300x200.webp",300,200,true],"large":["https:\/\/elfederalmendoza.com.ar\/wp-content\/uploads\/2023\/04\/Homicidio-Puente-de-Hierro-6-scaled-1.webp",640,427,false],"1536x1536":["https:\/\/elfederalmendoza.com.ar\/wp-content\/uploads\/2023\/04\/Homicidio-Puente-de-Hierro-6-scaled-1.webp",1024,683,false],"2048x2048":["https:\/\/elfederalmendoza.com.ar\/wp-content\/uploads\/2023\/04\/Homicidio-Puente-de-Hierro-6-scaled-1.webp",1024,683,false],"ultp_layout_landscape_large":["https:\/\/elfederalmendoza.com.ar\/wp-content\/uploads\/2023\/04\/Homicidio-Puente-de-Hierro-6-scaled-1.webp",1024,683,false],"ultp_layout_landscape":["https:\/\/elfederalmendoza.com.ar\/wp-content\/uploads\/2023\/04\/Homicidio-Puente-de-Hierro-6-scaled-1-870x570.webp",870,570,true],"ultp_layout_portrait":["https:\/\/elfederalmendoza.com.ar\/wp-content\/uploads\/2023\/04\/Homicidio-Puente-de-Hierro-6-scaled-1-600x683.webp",600,683,true],"ultp_layout_square":["https:\/\/elfederalmendoza.com.ar\/wp-content\/uploads\/2023\/04\/Homicidio-Puente-de-Hierro-6-scaled-1-600x600.webp",600,600,true],"rpwe-thumbnail":["https:\/\/elfederalmendoza.com.ar\/wp-content\/uploads\/2023\/04\/Homicidio-Puente-de-Hierro-6-scaled-1-45x45.webp",45,45,true],"advps-thumb-one":["https:\/\/elfederalmendoza.com.ar\/wp-content\/uploads\/2023\/04\/Homicidio-Puente-de-Hierro-6-scaled-1-1024x420.webp",1024,420,true]},"rttpg_author":{"display_name":"Redacci\u00f3n El Federal","author_link":"https:\/\/elfederalmendoza.com.ar\/index.php\/author\/angelflores\/"},"rttpg_comment":0,"rttpg_category":"<a href=\"https:\/\/elfederalmendoza.com.ar\/index.php\/category\/mza\/\" rel=\"category tag\">Mendoza<\/a>","rttpg_excerpt":"Poco m\u00e1s de 50 metros separan la casa donde fue ejecutado&nbsp;Juan Vela N\u00fa\u00f1ez&nbsp;(30) de la&nbsp;subcomisar\u00eda Puebla de Puente de Hierro, en Guaymall\u00e9n. El jueves, pasadas las 20, un malviviente armado con una pistola calibre 22 ingres\u00f3 a su domicilio con fines de robo. Todo termin\u00f3 tr\u00e1gicamente y el caso gener\u00f3 indignaci\u00f3n de los habitantes de&hellip;","_links":{"self":[{"href":"https:\/\/elfederalmendoza.com.ar\/index.php\/wp-json\/wp\/v2\/posts\/22217","targetHints":{"allow":["GET"]}}],"collection":[{"href":"https:\/\/elfederalmendoza.com.ar\/index.php\/wp-json\/wp\/v2\/posts"}],"about":[{"href":"https:\/\/elfederalmendoza.com.ar\/index.php\/wp-json\/wp\/v2\/types\/post"}],"author":[{"embeddable":true,"href":"https:\/\/elfederalmendoza.com.ar\/index.php\/wp-json\/wp\/v2\/users\/2"}],"replies":[{"embeddable":true,"href":"https:\/\/elfederalmendoza.com.ar\/index.php\/wp-json\/wp\/v2\/comments?post=22217"}],"version-history":[{"count":1,"href":"https:\/\/elfederalmendoza.com.ar\/index.php\/wp-json\/wp\/v2\/posts\/22217\/revisions"}],"predecessor-version":[{"id":22219,"href":"https:\/\/elfederalmendoza.com.ar\/index.php\/wp-json\/wp\/v2\/posts\/22217\/revisions\/22219"}],"wp:featuredmedia":[{"embeddable":true,"href":"https:\/\/elfederalmendoza.com.ar\/index.php\/wp-json\/wp\/v2\/media\/22218"}],"wp:attachment":[{"href":"https:\/\/elfederalmendoza.com.ar\/index.php\/wp-json\/wp\/v2\/media?parent=22217"}],"wp:term":[{"taxonomy":"category","embeddable":true,"href":"https:\/\/elfederalmendoza.com.ar\/index.php\/wp-json\/wp\/v2\/categories?post=22217"},{"taxonomy":"post_tag","embeddable":true,"href":"https:\/\/elfederalmendoza.com.ar\/index.php\/wp-json\/wp\/v2\/tags?post=22217"}],"curies":[{"name":"wp","href":"https:\/\/api.w.org\/{rel}","templated":true}]}}