{"id":22221,"date":"2023-04-24T11:10:56","date_gmt":"2023-04-24T14:10:56","guid":{"rendered":"https:\/\/elfederalmendoza.com\/?p=22221"},"modified":"2023-04-24T11:13:02","modified_gmt":"2023-04-24T14:13:02","slug":"lo-inauguro-alberto-fernandez-pero-el-primer-viaje-oficial-del-tren-buenos-aires-mendoza-nunca-llego","status":"publish","type":"post","link":"https:\/\/elfederalmendoza.com.ar\/index.php\/2023\/04\/24\/lo-inauguro-alberto-fernandez-pero-el-primer-viaje-oficial-del-tren-buenos-aires-mendoza-nunca-llego\/","title":{"rendered":"Lo inaugur\u00f3 Alberto Fern\u00e1ndez, pero el primer viaje oficial del tren Buenos Aires-Mendoza nunca lleg\u00f3"},"content":{"rendered":"\n<p>El primer viaje formal del tren de pasajeros que une Buenos Aires con Mendoza (Palmira), deber\u00eda haber estado en funcionamiento seg\u00fan el delegado de la Regi\u00f3n Cuyo de Trenes Argentinos,<strong> Jorge Gim\u00e9nez<\/strong>, esta \u00faltima semana de abril,&nbsp;<strong>concretamente el viernes pasado<\/strong>. Pero esto no pas\u00f3 y r\u00e1pidamente salieron a criticarlo.<\/p>\n\n\n\n<p>Una de ellas fue la senadora nacional por Mendoza del Frente Cambia Mendoza,&nbsp;<a href=\"https:\/\/twitter.com\/mariana_juri\" target=\"_blank\" rel=\"noreferrer noopener\">Mariana Juri<\/a>. La legisladora hizo una serie de publicaciones en su cuenta de Twitter donde apunt\u00f3 al Gobierno nacional.<\/p>\n\n\n\n<blockquote class=\"twitter-tweet\"><p lang=\"es\" dir=\"ltr\">Una vez m\u00e1s el Gobierno nacional nos miente a los mendocinos. Hoy deber\u00eda haber llegado el anunciado tren Mendoza-Buenos Aires. La formaci\u00f3n sali\u00f3 el viernes desde Retiro hacia otros destinos. No hay explicaci\u00f3n oficial sobre la cancelaci\u00f3n del viaje a nuestra provincia. <a href=\"https:\/\/t.co\/3zI6RUM8TW\">pic.twitter.com\/3zI6RUM8TW<\/a><\/p>&mdash; Mariana Juri (@mariana_juri) <a href=\"https:\/\/twitter.com\/mariana_juri\/status\/1650118269951524866?ref_src=twsrc%5Etfw\">April 23, 2023<\/a><\/blockquote> <script async src=\"https:\/\/platform.twitter.com\/widgets.js\" charset=\"utf-8\"><\/script>\n\n\n\n<p>\u00abUna vez m\u00e1s el Gobierno nacional\u00a0<strong>nos miente a los mendocinos<\/strong>. Hoy deber\u00eda haber llegado el anunciado tren Mendoza-Buenos Aires. La formaci\u00f3n sali\u00f3 el viernes desde Retiro hacia otros destinos.<strong>\u00a0No hay explicaci\u00f3n oficial sobre la cancelaci\u00f3n del viaje a nuestra provincia<\/strong>\u00ab, cuestion\u00f3.<\/p>\n\n\n\n<p>Adem\u00e1s, se\u00f1al\u00f3 que \u00abesto no nos sorprende ya que nunca se pusieron a la venta los tickets que hace un mes anunciaron en el&nbsp;acto kirchnerista de Palmira\u00bb.<\/p>\n\n\n\n<p>Luego, fue directo contra Gim\u00e9nez -quien justamente anunci\u00f3 que se suma a La Uni\u00f3n Mendocina de Omar De Marchi e ir\u00e1 por la intendencia de San Mart\u00edn-: \u00abDeber\u00eda explicar qu\u00e9 pas\u00f3 y qu\u00e9 va a pasar con esta promesa incumplida\u00bb.<\/p>\n\n\n\n<p>Por \u00faltimo, indic\u00f3 que \u00abMendoza se merece otro trato por parte del Gobierno nacional. La provincia es sistem\u00e1ticamente castigada:&nbsp;discriminada con el reparto de los fondos desde Naci\u00f3n, agraviada por anuncios sin concreci\u00f3n y afectada como con el laudo en contra de Portezuelo del Viento\u00bb.<\/p>\n\n\n\n<h2 class=\"wp-block-heading\"><strong>La promesa<\/strong><\/h2>\n\n\n\n<p>El 22 de marzo pasado, el tren que trajo Alberto Fern\u00e1ndez a la provincia lleg\u00f3 a Palmira, restituyendo el servicio ferroviario despu\u00e9s de 30 a\u00f1os. Suarez participa del acto.<strong> Acompa\u00f1a tambi\u00e9n el ministro de Econom\u00eda Sergio Massa.<\/strong><\/p>\n\n\n\n<p>\u00abDesde el primer d\u00eda me propuse que la Argentina se federalice. Una frase tr\u00e1gica fue ramal que para ramal que cierra. Y eso lo vamos a revertir, Palmira es una ciudad ferroviaria que fue duramente afectada. Hoy tenemos que estar muy felices porque este tren que cruza el pa\u00eds es un tren que nos est\u00e1 uniendo, nos est\u00e1n dando conectividad a miles de argentinos\u00bb, dijo exaltado, casi a los gritos en ese momento.<\/p>\n\n\n\n<figure class=\"wp-block-image is-resized\"><img loading=\"lazy\" decoding=\"async\" src=\"https:\/\/www.mendozapost.com\/files\/image\/462\/462039\/63ff48a7e93da_570_321!.jpg?s=5a37c515b27c54a83936c60a263fff74&amp;d=1682333481\" alt=\"\" width=\"946\" height=\"533\"\/><figcaption class=\"wp-element-caption\">La senadora nacional exige una respuesta del Gobierno nacional.<\/figcaption><\/figure>\n\n\n\n<p>Luego agreg\u00f3, \u00abeste tren har\u00e1 que Palmira deje de ser una ciudad fantasma. No nos cre\u00edan que ibamos a restituir el tren y ac\u00e1 est\u00e1\u00bb.<\/p>\n\n\n\n<p>\u00ab\u00a1En cualquier rinc\u00f3n de la patria hay obras! \u00a1Est\u00e1 el Estado presente llevando salud, transporte, educaci\u00f3n! Hay que recordar y tener memoria, porque cuando nosotros llegamos quisimos que este tren funcione y otros duarante muchos a\u00f1os lo dejaron abandonado\u00bb.<\/p>\n\n\n\n<blockquote class=\"twitter-tweet\"><p lang=\"es\" dir=\"ltr\">Hoy deber\u00eda haber llegado el tren Buenos <a href=\"https:\/\/t.co\/E8xqLBGoCP\">https:\/\/t.co\/E8xqLBGoCP<\/a> ocurri\u00f3. Tal vez el candidato de La Uni\u00f3n Mendocina que representa a @TrensArg deber\u00eda dar alguna explicaci\u00f3n. Demasiada falta de respeto, demasiada burla hacia las expectativas de los mendocinos. No sorprende&#8230;<\/p>&mdash; Natacha Eisenchlas (@NEisenchlas) <a href=\"https:\/\/twitter.com\/NEisenchlas\/status\/1650167616739188737?ref_src=twsrc%5Etfw\">April 23, 2023<\/a><\/blockquote> <script async src=\"https:\/\/platform.twitter.com\/widgets.js\" charset=\"utf-8\"><\/script>\n","protected":false},"excerpt":{"rendered":"<p>El primer viaje formal del tren de pasajeros que une Buenos Aires con Mendoza (Palmira), deber\u00eda haber estado en funcionamiento seg\u00fan el delegado de la Regi\u00f3n Cuyo de Trenes Argentinos, Jorge Gim\u00e9nez, esta \u00faltima semana de abril,&nbsp;concretamente el viernes pasado. Pero esto no pas\u00f3 y r\u00e1pidamente salieron a criticarlo. Una de ellas fue la senadora<a class=\"read-more\" href=\"https:\/\/elfederalmendoza.com.ar\/index.php\/2023\/04\/24\/lo-inauguro-alberto-fernandez-pero-el-primer-viaje-oficial-del-tren-buenos-aires-mendoza-nunca-llego\/\"> [&hellip;]<\/a><\/p>\n","protected":false},"author":2,"featured_media":22222,"comment_status":"open","ping_status":"open","sticky":false,"template":"","format":"standard","meta":{"footnotes":""},"categories":[1],"tags":[],"class_list":["post-22221","post","type-post","status-publish","format-standard","has-post-thumbnail","hentry","category-mza"],"rttpg_featured_image_url":{"full":["https:\/\/elfederalmendoza.com.ar\/wp-content\/uploads\/2023\/04\/tren.jpg",869,482,false],"landscape":["https:\/\/elfederalmendoza.com.ar\/wp-content\/uploads\/2023\/04\/tren.jpg",869,482,false],"portraits":["https:\/\/elfederalmendoza.com.ar\/wp-content\/uploads\/2023\/04\/tren.jpg",869,482,false],"thumbnail":["https:\/\/elfederalmendoza.com.ar\/wp-content\/uploads\/2023\/04\/tren-150x150.jpg",150,150,true],"medium":["https:\/\/elfederalmendoza.com.ar\/wp-content\/uploads\/2023\/04\/tren-300x166.jpg",300,166,true],"large":["https:\/\/elfederalmendoza.com.ar\/wp-content\/uploads\/2023\/04\/tren.jpg",640,355,false],"1536x1536":["https:\/\/elfederalmendoza.com.ar\/wp-content\/uploads\/2023\/04\/tren.jpg",869,482,false],"2048x2048":["https:\/\/elfederalmendoza.com.ar\/wp-content\/uploads\/2023\/04\/tren.jpg",869,482,false],"ultp_layout_landscape_large":["https:\/\/elfederalmendoza.com.ar\/wp-content\/uploads\/2023\/04\/tren.jpg",869,482,false],"ultp_layout_landscape":["https:\/\/elfederalmendoza.com.ar\/wp-content\/uploads\/2023\/04\/tren.jpg",869,482,false],"ultp_layout_portrait":["https:\/\/elfederalmendoza.com.ar\/wp-content\/uploads\/2023\/04\/tren-600x482.jpg",600,482,true],"ultp_layout_square":["https:\/\/elfederalmendoza.com.ar\/wp-content\/uploads\/2023\/04\/tren-600x482.jpg",600,482,true],"rpwe-thumbnail":["https:\/\/elfederalmendoza.com.ar\/wp-content\/uploads\/2023\/04\/tren-45x45.jpg",45,45,true],"advps-thumb-one":["https:\/\/elfederalmendoza.com.ar\/wp-content\/uploads\/2023\/04\/tren-869x420.jpg",869,420,true]},"rttpg_author":{"display_name":"Redacci\u00f3n El Federal","author_link":"https:\/\/elfederalmendoza.com.ar\/index.php\/author\/angelflores\/"},"rttpg_comment":0,"rttpg_category":"<a href=\"https:\/\/elfederalmendoza.com.ar\/index.php\/category\/mza\/\" rel=\"category tag\">Mendoza<\/a>","rttpg_excerpt":"El primer viaje formal del tren de pasajeros que une Buenos Aires con Mendoza (Palmira), deber\u00eda haber estado en funcionamiento seg\u00fan el delegado de la Regi\u00f3n Cuyo de Trenes Argentinos, Jorge Gim\u00e9nez, esta \u00faltima semana de abril,&nbsp;concretamente el viernes pasado. Pero esto no pas\u00f3 y r\u00e1pidamente salieron a criticarlo. Una de ellas fue la senadora&hellip;","_links":{"self":[{"href":"https:\/\/elfederalmendoza.com.ar\/index.php\/wp-json\/wp\/v2\/posts\/22221","targetHints":{"allow":["GET"]}}],"collection":[{"href":"https:\/\/elfederalmendoza.com.ar\/index.php\/wp-json\/wp\/v2\/posts"}],"about":[{"href":"https:\/\/elfederalmendoza.com.ar\/index.php\/wp-json\/wp\/v2\/types\/post"}],"author":[{"embeddable":true,"href":"https:\/\/elfederalmendoza.com.ar\/index.php\/wp-json\/wp\/v2\/users\/2"}],"replies":[{"embeddable":true,"href":"https:\/\/elfederalmendoza.com.ar\/index.php\/wp-json\/wp\/v2\/comments?post=22221"}],"version-history":[{"count":2,"href":"https:\/\/elfederalmendoza.com.ar\/index.php\/wp-json\/wp\/v2\/posts\/22221\/revisions"}],"predecessor-version":[{"id":22225,"href":"https:\/\/elfederalmendoza.com.ar\/index.php\/wp-json\/wp\/v2\/posts\/22221\/revisions\/22225"}],"wp:featuredmedia":[{"embeddable":true,"href":"https:\/\/elfederalmendoza.com.ar\/index.php\/wp-json\/wp\/v2\/media\/22222"}],"wp:attachment":[{"href":"https:\/\/elfederalmendoza.com.ar\/index.php\/wp-json\/wp\/v2\/media?parent=22221"}],"wp:term":[{"taxonomy":"category","embeddable":true,"href":"https:\/\/elfederalmendoza.com.ar\/index.php\/wp-json\/wp\/v2\/categories?post=22221"},{"taxonomy":"post_tag","embeddable":true,"href":"https:\/\/elfederalmendoza.com.ar\/index.php\/wp-json\/wp\/v2\/tags?post=22221"}],"curies":[{"name":"wp","href":"https:\/\/api.w.org\/{rel}","templated":true}]}}