{"id":22228,"date":"2023-04-24T02:17:00","date_gmt":"2023-04-24T05:17:00","guid":{"rendered":"https:\/\/elfederalmendoza.com\/?p=22228"},"modified":"2023-04-24T15:08:06","modified_gmt":"2023-04-24T18:08:06","slug":"lo-choco-un-conductor-ebrio-en-el-porton-de-su-casa-y-salvo-su-vida-de-milagro","status":"publish","type":"post","link":"https:\/\/elfederalmendoza.com.ar\/index.php\/2023\/04\/24\/lo-choco-un-conductor-ebrio-en-el-porton-de-su-casa-y-salvo-su-vida-de-milagro\/","title":{"rendered":"Video: estaba frente al port\u00f3n de su casa, lo embisti\u00f3 un borracho y se salv\u00f3 de milagro"},"content":{"rendered":"\n<p>Un conductor ebrio se llev\u00f3 por delante el port\u00f3n de una casa y atropell\u00f3 al propietario la ma\u00f1ana de este domingo en<strong>&nbsp;Maip\u00fa<\/strong>.&nbsp;<mark>La v\u00edctima salv\u00f3 su vida de milagro<\/mark>&nbsp;y no sufri\u00f3 lesiones de gravedad. El accidente fue captado por una c\u00e1mara de seguridad.<\/p>\n\n\n\n<p>El siniestro se registr\u00f3 alrededor de las 7.30, cuando un hombre, de 34 a\u00f1os, se encontraba junto a sus perros en el patio delantero de su domicilio de calle Las Piedritas al 800, en el distrito de\u00a0<strong>Fray Luis Beltr\u00e1n<\/strong>.<\/p>\n\n\n\n<p>En un momento, escuch\u00f3 un ruido proveniente y se asom\u00f3 por el port\u00f3n de ingreso a la propiedad, fue all\u00ed cuando lo sorprendi\u00f3 un auto que circulaba a toda velocidad y fuera de control.<\/p>\n\n\n\n<p>R\u00e1pidamente, el hombre busc\u00f3 refugiarse, pero fue demasiado tarde: el veh\u00edculo impact\u00f3 contra el port\u00f3n y el cierre perimetral, atropellando al due\u00f1o de la casa.<\/p>\n\n\n\n<p>Posteriormente, polic\u00edas arribaron hasta el lugar y\u00a0<mark>personal de Tr\u00e1nsito Municipal le practic\u00f3 al conductor, de 22 a\u00f1os, el test de alcoholemia, el cual arroj\u00f3 que ten\u00eda 1,82 gramos por cada litro de sangre<\/mark>.<\/p>\n\n\n\n<p>Debido a eso, el joven fue demorado y trasladado hasta la&nbsp;<strong>Oficina Fiscal N\u00ba 16\u00aa<\/strong>, donde se le inici\u00f3 el debido proceso penal y contravencional.<\/p>\n\n\n\n<p>Por su parte, profesionales del\u00a0<strong>Servicio de Emergencias Coordinado<\/strong>\u00a0(<strong>SEC<\/strong>) asistieron a la v\u00edctima, quien\u00a0<mark>presentaba politraumatismos leves y no necesit\u00f3 ser trasladado a un nosocomio<\/mark>.<\/p>\n\n\n\n<p><em>Fuente: El Sol<\/em><\/p>\n\n\n\n<p>MIR\u00c1 EL VIDEO:<\/p>\n\n\n\n<figure class=\"wp-block-embed is-type-video is-provider-youtube wp-block-embed-youtube wp-embed-aspect-16-9 wp-has-aspect-ratio\"><div class=\"wp-block-embed__wrapper\">\n<iframe loading=\"lazy\" title=\"MAIP\u00da: SE SALV\u00d3 DE MILAGRO EN UN ACCIDENTE\" width=\"640\" height=\"360\" src=\"https:\/\/www.youtube.com\/embed\/et9_0zfh3jc?feature=oembed\" frameborder=\"0\" allow=\"accelerometer; autoplay; clipboard-write; encrypted-media; gyroscope; picture-in-picture; web-share\" referrerpolicy=\"strict-origin-when-cross-origin\" allowfullscreen><\/iframe>\n<\/div><\/figure>\n","protected":false},"excerpt":{"rendered":"<p>Un conductor ebrio se llev\u00f3 por delante el port\u00f3n de una casa y atropell\u00f3 al propietario la ma\u00f1ana de este domingo en&nbsp;Maip\u00fa.&nbsp;La v\u00edctima salv\u00f3 su vida de milagro&nbsp;y no sufri\u00f3 lesiones de gravedad. El accidente fue captado por una c\u00e1mara de seguridad. El siniestro se registr\u00f3 alrededor de las 7.30, cuando un hombre, de 34<a class=\"read-more\" href=\"https:\/\/elfederalmendoza.com.ar\/index.php\/2023\/04\/24\/lo-choco-un-conductor-ebrio-en-el-porton-de-su-casa-y-salvo-su-vida-de-milagro\/\"> [&hellip;]<\/a><\/p>\n","protected":false},"author":2,"featured_media":22235,"comment_status":"open","ping_status":"open","sticky":false,"template":"","format":"standard","meta":{"footnotes":""},"categories":[1],"tags":[],"class_list":["post-22228","post","type-post","status-publish","format-standard","has-post-thumbnail","hentry","category-mza"],"rttpg_featured_image_url":{"full":["https:\/\/elfederalmendoza.com.ar\/wp-content\/uploads\/2023\/04\/WhatsApp-Image-2023-04-24-at-15.05.47.jpeg",1200,847,false],"landscape":["https:\/\/elfederalmendoza.com.ar\/wp-content\/uploads\/2023\/04\/WhatsApp-Image-2023-04-24-at-15.05.47.jpeg",1200,847,false],"portraits":["https:\/\/elfederalmendoza.com.ar\/wp-content\/uploads\/2023\/04\/WhatsApp-Image-2023-04-24-at-15.05.47.jpeg",1200,847,false],"thumbnail":["https:\/\/elfederalmendoza.com.ar\/wp-content\/uploads\/2023\/04\/WhatsApp-Image-2023-04-24-at-15.05.47-150x150.jpeg",150,150,true],"medium":["https:\/\/elfederalmendoza.com.ar\/wp-content\/uploads\/2023\/04\/WhatsApp-Image-2023-04-24-at-15.05.47-300x212.jpeg",300,212,true],"large":["https:\/\/elfederalmendoza.com.ar\/wp-content\/uploads\/2023\/04\/WhatsApp-Image-2023-04-24-at-15.05.47-1024x723.jpeg",640,452,true],"1536x1536":["https:\/\/elfederalmendoza.com.ar\/wp-content\/uploads\/2023\/04\/WhatsApp-Image-2023-04-24-at-15.05.47.jpeg",1200,847,false],"2048x2048":["https:\/\/elfederalmendoza.com.ar\/wp-content\/uploads\/2023\/04\/WhatsApp-Image-2023-04-24-at-15.05.47.jpeg",1200,847,false],"ultp_layout_landscape_large":["https:\/\/elfederalmendoza.com.ar\/wp-content\/uploads\/2023\/04\/WhatsApp-Image-2023-04-24-at-15.05.47-1200x800.jpeg",1200,800,true],"ultp_layout_landscape":["https:\/\/elfederalmendoza.com.ar\/wp-content\/uploads\/2023\/04\/WhatsApp-Image-2023-04-24-at-15.05.47-870x570.jpeg",870,570,true],"ultp_layout_portrait":["https:\/\/elfederalmendoza.com.ar\/wp-content\/uploads\/2023\/04\/WhatsApp-Image-2023-04-24-at-15.05.47-600x847.jpeg",600,847,true],"ultp_layout_square":["https:\/\/elfederalmendoza.com.ar\/wp-content\/uploads\/2023\/04\/WhatsApp-Image-2023-04-24-at-15.05.47-600x600.jpeg",600,600,true],"rpwe-thumbnail":["https:\/\/elfederalmendoza.com.ar\/wp-content\/uploads\/2023\/04\/WhatsApp-Image-2023-04-24-at-15.05.47-45x45.jpeg",45,45,true],"advps-thumb-one":["https:\/\/elfederalmendoza.com.ar\/wp-content\/uploads\/2023\/04\/WhatsApp-Image-2023-04-24-at-15.05.47-1200x420.jpeg",1200,420,true]},"rttpg_author":{"display_name":"Redacci\u00f3n El Federal","author_link":"https:\/\/elfederalmendoza.com.ar\/index.php\/author\/angelflores\/"},"rttpg_comment":0,"rttpg_category":"<a href=\"https:\/\/elfederalmendoza.com.ar\/index.php\/category\/mza\/\" rel=\"category tag\">Mendoza<\/a>","rttpg_excerpt":"Un conductor ebrio se llev\u00f3 por delante el port\u00f3n de una casa y atropell\u00f3 al propietario la ma\u00f1ana de este domingo en&nbsp;Maip\u00fa.&nbsp;La v\u00edctima salv\u00f3 su vida de milagro&nbsp;y no sufri\u00f3 lesiones de gravedad. El accidente fue captado por una c\u00e1mara de seguridad. El siniestro se registr\u00f3 alrededor de las 7.30, cuando un hombre, de 34&hellip;","_links":{"self":[{"href":"https:\/\/elfederalmendoza.com.ar\/index.php\/wp-json\/wp\/v2\/posts\/22228","targetHints":{"allow":["GET"]}}],"collection":[{"href":"https:\/\/elfederalmendoza.com.ar\/index.php\/wp-json\/wp\/v2\/posts"}],"about":[{"href":"https:\/\/elfederalmendoza.com.ar\/index.php\/wp-json\/wp\/v2\/types\/post"}],"author":[{"embeddable":true,"href":"https:\/\/elfederalmendoza.com.ar\/index.php\/wp-json\/wp\/v2\/users\/2"}],"replies":[{"embeddable":true,"href":"https:\/\/elfederalmendoza.com.ar\/index.php\/wp-json\/wp\/v2\/comments?post=22228"}],"version-history":[{"count":3,"href":"https:\/\/elfederalmendoza.com.ar\/index.php\/wp-json\/wp\/v2\/posts\/22228\/revisions"}],"predecessor-version":[{"id":22239,"href":"https:\/\/elfederalmendoza.com.ar\/index.php\/wp-json\/wp\/v2\/posts\/22228\/revisions\/22239"}],"wp:featuredmedia":[{"embeddable":true,"href":"https:\/\/elfederalmendoza.com.ar\/index.php\/wp-json\/wp\/v2\/media\/22235"}],"wp:attachment":[{"href":"https:\/\/elfederalmendoza.com.ar\/index.php\/wp-json\/wp\/v2\/media?parent=22228"}],"wp:term":[{"taxonomy":"category","embeddable":true,"href":"https:\/\/elfederalmendoza.com.ar\/index.php\/wp-json\/wp\/v2\/categories?post=22228"},{"taxonomy":"post_tag","embeddable":true,"href":"https:\/\/elfederalmendoza.com.ar\/index.php\/wp-json\/wp\/v2\/tags?post=22228"}],"curies":[{"name":"wp","href":"https:\/\/api.w.org\/{rel}","templated":true}]}}