{"id":22242,"date":"2023-04-25T10:10:44","date_gmt":"2023-04-25T13:10:44","guid":{"rendered":"https:\/\/elfederalmendoza.com\/?p=22242"},"modified":"2023-04-25T10:10:45","modified_gmt":"2023-04-25T13:10:45","slug":"el-helicoptero-presidencial-volo-hasta-la-cancha-de-ferro-para-buscar-a-alberto-fernandez-tras-la-entrevista-radial","status":"publish","type":"post","link":"https:\/\/elfederalmendoza.com.ar\/index.php\/2023\/04\/25\/el-helicoptero-presidencial-volo-hasta-la-cancha-de-ferro-para-buscar-a-alberto-fernandez-tras-la-entrevista-radial\/","title":{"rendered":"El helic\u00f3ptero presidencial vol\u00f3 hasta la cancha de Ferro para buscar a Alberto Fern\u00e1ndez tras la entrevista radial"},"content":{"rendered":"\n<p>El&nbsp;<strong>helic\u00f3ptero oficial<\/strong>&nbsp;de Presidencia de la Naci\u00f3n se movi\u00f3 este lunes por la&nbsp;<strong>Ciudad de Buenos Aires<\/strong>&nbsp;para transportar al presidente&nbsp;<strong>Alberto Fern\u00e1ndez<\/strong>, quien ten\u00eda pautada una entrevista radial en el barrio de Caballito.<\/p>\n\n\n\n<p>La imagen de la aeronave aterrizando en el campo de juego del estadio del Club Atl\u00e9tico Ferrocarril Oeste fue r\u00e1pidamente objeto de comentarios en las redes sociales por el despliegue que implica para una distancia realizable en otro medio de transporte menos oneroso.<\/p>\n\n\n\n<p>Entre la Casa Rosada y la cancha de Ferro hay 7,6 kil\u00f3metros. El jefe de Estado hab\u00eda concurrido al lugar para conceder una entrevista al programa que conduce\u00a0<strong>Mex Urtizberea<\/strong>\u00a0en Nacional Rock.<\/p>\n\n\n\n<p>\u201cLiteralmente el pa\u00eds prendi\u00e9ndose fuego y Alberto Fern\u00e1ndez utilizando el helic\u00f3ptero presidencial para ir a hacer una nota en de radio. Se cagan en todos los argentinos, no les importa nada\u201d, tuite\u00f3 el diputado de la&nbsp;<strong>Libertad Avanza<\/strong>&nbsp;en la Ciudad de Buenos Aires,&nbsp;<strong>Ramiro Marra<\/strong>. Los posteos en el mismo tono no tardaron en replicarse.<\/p>\n\n\n\n<p>Seg\u00fan se supo luego, a pesar de haberse trasladado hasta el lugar, l<strong>a aeronave finalmente no concret\u00f3 el traslado del mandatario.<\/strong><\/p>\n\n\n\n<figure class=\"wp-block-image size-full\"><img loading=\"lazy\" decoding=\"async\" width=\"768\" height=\"432\" src=\"https:\/\/elfederalmendoza.com\/wp-content\/uploads\/2023\/04\/image-5.png\" alt=\"\" class=\"wp-image-22243\" srcset=\"https:\/\/elfederalmendoza.com.ar\/wp-content\/uploads\/2023\/04\/image-5.png 768w, https:\/\/elfederalmendoza.com.ar\/wp-content\/uploads\/2023\/04\/image-5-300x169.png 300w\" sizes=\"auto, (max-width: 768px) 100vw, 768px\" \/><\/figure>\n\n\n\n<p>Alberto Fern\u00e1ndez lleg\u00f3 en autom\u00f3vil hasta la casa del conductor, desde d\u00f3nde se emite el programa, ubicada en los alrededores del Estadio. El helic\u00f3ptero hab\u00eda llegado hasta ese sitio para buscar al Presidente y as\u00ed continuar con su agenda, pero finalmente las condiciones meteorol\u00f3gicas impidieron que esto sucediera. Ocurre que la Ciudad de Buenos Aires se encuentra afectada por una densa nube de humo desde hace m\u00e1s de 24 horas, a ra\u00edz de una quema de pastizales con origen en&nbsp;<strong>Uruguay<\/strong>&nbsp;que el viento arrastr\u00f3.<\/p>\n\n\n\n<p>De esta forma, a pesar de que el aterrizaje qued\u00f3 registrado y ten\u00eda como objetivo el traslado, finalmente Fern\u00e1ndez volvi\u00f3 a dejar el lugar en autom\u00f3vil.<\/p>\n\n\n\n<p>Horas m\u00e1s tarde, la portavoz presidencial,\u00a0<strong>Gabriela Cerruti<\/strong>, brind\u00f3 una explicaci\u00f3n sobre la situaci\u00f3n. \u201cEl presidente Alberto Fern\u00e1ndez se traslad\u00f3 hoy en autom\u00f3vil para concretar la entrevista que le realizara Mex Urtizberea en Radio Nacional\u201d, indic\u00f3, para luego aclarar: \u201cpor razones de seguridad, la Casa Militar dispone siempre que se encuentre en zona un helic\u00f3ptero ante eventuales urgencias. El presidente no lo us\u00f3\u201d, sostuvo la funcionaria a trav\u00e9s de\u00a0<strong>Twitter<\/strong>.<\/p>\n\n\n\n<p>Luego, el coronel\u00a0<strong>Alejandro Guglielmi<\/strong>, jefe de la\u00a0<strong>Casa Militar<\/strong>, suscribi\u00f3 la explicaci\u00f3n, al indicar que \u201cel movimiento a\u00e9reo, apoyo sanitario y apoyos de seguridad, son los de rigor que se deben hacer habitualmente por la seguridad de la m\u00e1xima autoridad nacional\u201d. El comunicado, distribuido tras las repercusiones por la actividad del presidente, remarc\u00f3 que el trayecto fue en autom\u00f3vil, desde Caballito hacia la Casa Rosada.<\/p>\n\n\n\n<figure class=\"wp-block-image size-full\"><img loading=\"lazy\" decoding=\"async\" width=\"768\" height=\"432\" src=\"https:\/\/elfederalmendoza.com\/wp-content\/uploads\/2023\/04\/image-6.png\" alt=\"\" class=\"wp-image-22244\" srcset=\"https:\/\/elfederalmendoza.com.ar\/wp-content\/uploads\/2023\/04\/image-6.png 768w, https:\/\/elfederalmendoza.com.ar\/wp-content\/uploads\/2023\/04\/image-6-300x169.png 300w\" sizes=\"auto, (max-width: 768px) 100vw, 768px\" \/><\/figure>\n\n\n\n<p>En los alrededores del citado barrio porte\u00f1o los vecinos no tardaron en registrar la presencia del Presidente. El ruido del aterrizaje y la posterior repercusi\u00f3n hizo que la ma\u00f1ana fuera at\u00edpica en la zona.<\/p>\n\n\n\n<p>La cancha de Ferro tambi\u00e9n hab\u00eda albergado un acto de un sector del oficialismo hace pocos d\u00edas. Fue all\u00ed donde&nbsp;<strong>M\u00e1ximo Kirchner<\/strong>&nbsp;particip\u00f3 como \u00fanico orador del encuentro organizado por&nbsp;<strong>La C\u00e1mpora<\/strong>, en el que el PJ porte\u00f1o volvi\u00f3 a insistir por una candidatura de la vicepresidenta&nbsp;<strong>Cristina Kirchner.<\/strong><\/p>\n\n\n\n<p>Durante su reportaje radial de este lunes 24 de abril, Alberto Fern\u00e1ndez se mostr\u00f3 distendido luego de las reacciones que derivaron del anuncio de que no competir\u00e1 en las pr\u00f3ximos elecciones, por lo que su mandato finalizar\u00e1 el 10 de diciembre.<\/p>\n\n\n\n<p>El reportaje tambi\u00e9n hab\u00eda dejado pasajes particulares. El primer mandatario se quebr\u00f3 en un momento al recordar el mensaje que le dirigi\u00f3 un familiar de dos v\u00edctimas de la&nbsp;<strong>pandemia de COVID-19<\/strong>. \u201cEn las redes, los mensajes de la gente fueron impactantes. Hubo uno que a m\u00ed me impresion\u00f3 mucho. La piel se me pone uf\u2026me emociona\u201d, cont\u00f3 el jefe de Estado.<\/p>\n\n\n\n<p>Fue la primera aparici\u00f3n en p\u00fablico de Fern\u00e1ndez luego de comunicar, por medio de un video de Twitter, su decisi\u00f3n de no aspirar a la reelecci\u00f3n. \u201cTengo que concentrar mi esfuerzo, mi compromiso y mi coraz\u00f3n en resolver los problemas de los argentinos y las argentinas, como enfrentamos la deuda y la pandemia\u201d, fundament\u00f3.<\/p>\n\n\n\n<p>MIR\u00c1 EL VIDEO:<\/p>\n\n\n\n<figure class=\"wp-block-embed is-type-video is-provider-youtube wp-block-embed-youtube wp-embed-aspect-16-9 wp-has-aspect-ratio\"><div class=\"wp-block-embed__wrapper\">\n<iframe loading=\"lazy\" title=\"ALBERTO Fern\u00e1ndez US\u00d3 EL HELIC\u00d3PTERO OFICIAL para volver de UNA ENTREVISTA\" width=\"640\" height=\"360\" src=\"https:\/\/www.youtube.com\/embed\/LkuusmES1yU?feature=oembed\" frameborder=\"0\" allow=\"accelerometer; autoplay; clipboard-write; encrypted-media; gyroscope; picture-in-picture; web-share\" referrerpolicy=\"strict-origin-when-cross-origin\" allowfullscreen><\/iframe>\n<\/div><\/figure>\n","protected":false},"excerpt":{"rendered":"<p>El&nbsp;helic\u00f3ptero oficial&nbsp;de Presidencia de la Naci\u00f3n se movi\u00f3 este lunes por la&nbsp;Ciudad de Buenos Aires&nbsp;para transportar al presidente&nbsp;Alberto Fern\u00e1ndez, quien ten\u00eda pautada una entrevista radial en el barrio de Caballito. La imagen de la aeronave aterrizando en el campo de juego del estadio del Club Atl\u00e9tico Ferrocarril Oeste fue r\u00e1pidamente objeto de comentarios en las<a class=\"read-more\" href=\"https:\/\/elfederalmendoza.com.ar\/index.php\/2023\/04\/25\/el-helicoptero-presidencial-volo-hasta-la-cancha-de-ferro-para-buscar-a-alberto-fernandez-tras-la-entrevista-radial\/\"> [&hellip;]<\/a><\/p>\n","protected":false},"author":2,"featured_media":22245,"comment_status":"open","ping_status":"open","sticky":false,"template":"","format":"standard","meta":{"footnotes":""},"categories":[5618],"tags":[],"class_list":["post-22242","post","type-post","status-publish","format-standard","has-post-thumbnail","hentry","category-arg"],"rttpg_featured_image_url":{"full":["https:\/\/elfederalmendoza.com.ar\/wp-content\/uploads\/2023\/04\/qg4iY2D0n_1300x655__1.jpg",1300,655,false],"landscape":["https:\/\/elfederalmendoza.com.ar\/wp-content\/uploads\/2023\/04\/qg4iY2D0n_1300x655__1.jpg",1300,655,false],"portraits":["https:\/\/elfederalmendoza.com.ar\/wp-content\/uploads\/2023\/04\/qg4iY2D0n_1300x655__1.jpg",1300,655,false],"thumbnail":["https:\/\/elfederalmendoza.com.ar\/wp-content\/uploads\/2023\/04\/qg4iY2D0n_1300x655__1-150x150.jpg",150,150,true],"medium":["https:\/\/elfederalmendoza.com.ar\/wp-content\/uploads\/2023\/04\/qg4iY2D0n_1300x655__1-300x151.jpg",300,151,true],"large":["https:\/\/elfederalmendoza.com.ar\/wp-content\/uploads\/2023\/04\/qg4iY2D0n_1300x655__1-1024x516.jpg",640,323,true],"1536x1536":["https:\/\/elfederalmendoza.com.ar\/wp-content\/uploads\/2023\/04\/qg4iY2D0n_1300x655__1.jpg",1300,655,false],"2048x2048":["https:\/\/elfederalmendoza.com.ar\/wp-content\/uploads\/2023\/04\/qg4iY2D0n_1300x655__1.jpg",1300,655,false],"ultp_layout_landscape_large":["https:\/\/elfederalmendoza.com.ar\/wp-content\/uploads\/2023\/04\/qg4iY2D0n_1300x655__1-1200x655.jpg",1200,655,true],"ultp_layout_landscape":["https:\/\/elfederalmendoza.com.ar\/wp-content\/uploads\/2023\/04\/qg4iY2D0n_1300x655__1-870x570.jpg",870,570,true],"ultp_layout_portrait":["https:\/\/elfederalmendoza.com.ar\/wp-content\/uploads\/2023\/04\/qg4iY2D0n_1300x655__1-600x655.jpg",600,655,true],"ultp_layout_square":["https:\/\/elfederalmendoza.com.ar\/wp-content\/uploads\/2023\/04\/qg4iY2D0n_1300x655__1-600x600.jpg",600,600,true],"rpwe-thumbnail":["https:\/\/elfederalmendoza.com.ar\/wp-content\/uploads\/2023\/04\/qg4iY2D0n_1300x655__1-45x45.jpg",45,45,true],"advps-thumb-one":["https:\/\/elfederalmendoza.com.ar\/wp-content\/uploads\/2023\/04\/qg4iY2D0n_1300x655__1-1200x420.jpg",1200,420,true]},"rttpg_author":{"display_name":"Redacci\u00f3n El Federal","author_link":"https:\/\/elfederalmendoza.com.ar\/index.php\/author\/angelflores\/"},"rttpg_comment":0,"rttpg_category":"<a href=\"https:\/\/elfederalmendoza.com.ar\/index.php\/category\/arg\/\" rel=\"category tag\">Argentina<\/a>","rttpg_excerpt":"El&nbsp;helic\u00f3ptero oficial&nbsp;de Presidencia de la Naci\u00f3n se movi\u00f3 este lunes por la&nbsp;Ciudad de Buenos Aires&nbsp;para transportar al presidente&nbsp;Alberto Fern\u00e1ndez, quien ten\u00eda pautada una entrevista radial en el barrio de Caballito. La imagen de la aeronave aterrizando en el campo de juego del estadio del Club Atl\u00e9tico Ferrocarril Oeste fue r\u00e1pidamente objeto de comentarios en las&hellip;","_links":{"self":[{"href":"https:\/\/elfederalmendoza.com.ar\/index.php\/wp-json\/wp\/v2\/posts\/22242","targetHints":{"allow":["GET"]}}],"collection":[{"href":"https:\/\/elfederalmendoza.com.ar\/index.php\/wp-json\/wp\/v2\/posts"}],"about":[{"href":"https:\/\/elfederalmendoza.com.ar\/index.php\/wp-json\/wp\/v2\/types\/post"}],"author":[{"embeddable":true,"href":"https:\/\/elfederalmendoza.com.ar\/index.php\/wp-json\/wp\/v2\/users\/2"}],"replies":[{"embeddable":true,"href":"https:\/\/elfederalmendoza.com.ar\/index.php\/wp-json\/wp\/v2\/comments?post=22242"}],"version-history":[{"count":1,"href":"https:\/\/elfederalmendoza.com.ar\/index.php\/wp-json\/wp\/v2\/posts\/22242\/revisions"}],"predecessor-version":[{"id":22246,"href":"https:\/\/elfederalmendoza.com.ar\/index.php\/wp-json\/wp\/v2\/posts\/22242\/revisions\/22246"}],"wp:featuredmedia":[{"embeddable":true,"href":"https:\/\/elfederalmendoza.com.ar\/index.php\/wp-json\/wp\/v2\/media\/22245"}],"wp:attachment":[{"href":"https:\/\/elfederalmendoza.com.ar\/index.php\/wp-json\/wp\/v2\/media?parent=22242"}],"wp:term":[{"taxonomy":"category","embeddable":true,"href":"https:\/\/elfederalmendoza.com.ar\/index.php\/wp-json\/wp\/v2\/categories?post=22242"},{"taxonomy":"post_tag","embeddable":true,"href":"https:\/\/elfederalmendoza.com.ar\/index.php\/wp-json\/wp\/v2\/tags?post=22242"}],"curies":[{"name":"wp","href":"https:\/\/api.w.org\/{rel}","templated":true}]}}