{"id":22247,"date":"2023-04-25T11:00:44","date_gmt":"2023-04-25T14:00:44","guid":{"rendered":"https:\/\/elfederalmendoza.com\/?p=22247"},"modified":"2023-04-25T11:00:45","modified_gmt":"2023-04-25T14:00:45","slug":"precios-en-llamas-el-chat-que-les-llego-hoy-a-los-comerciantes-que-indican-los-aumentos-en-todas-las-mercaderias","status":"publish","type":"post","link":"https:\/\/elfederalmendoza.com.ar\/index.php\/2023\/04\/25\/precios-en-llamas-el-chat-que-les-llego-hoy-a-los-comerciantes-que-indican-los-aumentos-en-todas-las-mercaderias\/","title":{"rendered":"Precios en llamas:\u00a0El chat que les lleg\u00f3 hoy a los comerciantes que indican los aumentos en todas las mercader\u00edas"},"content":{"rendered":"\n<p>El tema de los aumentos de abril, y eso que venimos de un mes muy picante para el consumidor, al que se le est\u00e1&nbsp;<strong>destruyendo el bolsillo<\/strong>, tenemos en este mes un&nbsp;<strong>incremento del 35% en el rubro yerba mate<\/strong>, y por lo visto ser\u00e1 un poco m\u00e1s todav\u00eda. Hasta que esta semana vayamos al mayorista&nbsp;y crucemos datos con otros&nbsp;colegas, no es posible precisar bien de cu\u00e1nto ser\u00e1.<\/p>\n\n\n\n<figure class=\"wp-block-image is-resized\"><img loading=\"lazy\" decoding=\"async\" src=\"https:\/\/www.mdzol.com\/u\/fotografias\/m\/2023\/4\/17\/f768x1-1397004_1397131_311.jpg\" alt=\"\" width=\"950\" height=\"2110\"\/><\/figure>\n\n\n\n<p>La empresa m\u00e1s importante en\u00a0<strong>chupetines\u00a0<\/strong>y\u00a0<strong>caramelos\u00a0<\/strong>que tambi\u00e9n tiene, art\u00edculos enlatados,\u00a0<strong>mermelada<\/strong>,\u00a0<strong>fideos<\/strong>,\u00a0<strong>az\u00facar y<\/strong>\u00a0<strong>aceite<\/strong>, representa un 30% de la mercader\u00eda de nuestros negocios y ya aument\u00f3 un 9%,<strong>\u00a0l\u00e1cteos subi\u00f3 entre un 6%\u00a0y 9%<\/strong>.\u00a0<\/p>\n\n\n\n<p>El viernes pasado estuve reponiendo mercader\u00eda&nbsp;especialmente embutidos y el<strong>&nbsp;incremento es de un 7%<\/strong>, todo lo que se relaciona con harinas sigue subiendo, las galletitas, est\u00e1n imposibles de comprar, la suma es permanente. Una simple comparaci\u00f3n, un paquete de harina 000 en diciembre lo pod\u00edamos vender a $120 y hoy no la podemos&nbsp;vender en menos de $190.<\/p>\n\n\n\n<figure class=\"wp-block-image is-resized\"><img loading=\"lazy\" decoding=\"async\" src=\"https:\/\/www.mdzol.com\/u\/fotografias\/m\/2023\/4\/17\/f768x1-1397007_1397134_31.jpg\" alt=\"\" width=\"943\" height=\"707\"\/><\/figure>\n\n\n\n<p>Productos de<strong>\u00a0<\/strong>limpieza e higiene personal<strong>,<\/strong>\u00a0en marzo hubo un 12% de aumento y cada vez que vamos a reponer nos encontramos con incrementos. Nosotros lo que vemos es una calle que est\u00e1 en bajada con un auto que no tiene frenos, porque vemos que la\u00a0<strong>inflaci\u00f3n\u00a0<\/strong>cada vez toma m\u00e1s inercia,. Entendemos este programa de\u00a0<strong>Precios Cuidados\u00a0<\/strong>que est\u00e1 direccionado para el hipermercado, pero son un pu\u00f1ado de art\u00edculos que pone cada empresa, porque los dem\u00e1s los siguen subiendo.<\/p>\n\n\n\n<p>\u00c9sta es la realidad comercial que padecemos, el tema es que con cada aumento sentimos que le sacamos dinero al consumidor. Por eso es que desde el a\u00f1o pasado nos damos cuenta que&nbsp;cada d\u00eda 15 en el calendario, representa para muchas familias el \u00abfin de mes\u00bb.<\/p>\n\n\n\n<figure class=\"wp-block-image is-resized\"><img loading=\"lazy\" decoding=\"async\" src=\"https:\/\/www.mdzol.com\/u\/fotografias\/m\/2023\/4\/17\/f768x1-1397005_1397132_311.jpg\" alt=\"\" width=\"944\" height=\"2097\"\/><\/figure>\n\n\n\n<p>Uno se da cuenta del comportamiento&nbsp;de cada familia, de cada cliente, los hipermercados los pueden evaluar desde la computadora, en cambio nosotros lo personalizamos al trabajo. Entonces sabemos que nuestros clientes vienen todos los d\u00edas del&nbsp;<strong>1 al 10 de cada mes<\/strong>&nbsp;o a lo sumo hasta el 15.<\/p>\n\n\n\n<p>\u00bfEntonces, por qu\u00e9 no comprarle&nbsp;un postre o un yogur a un hijo? Lo entendemos,&nbsp;pero un yogur de primera de marca lo tenemos que vender arriba de los $600. A&nbsp;partir de ah\u00ed un jefe de familia empieza a decantar, no llevo esto, dejo&nbsp;aquello, o llega con canasto de mercader\u00eda&nbsp;y a medida que va&nbsp;sumando art\u00edculos,&nbsp;<strong>pregunta varias veces cu\u00e1nto va hasta ah\u00ed.<\/strong>&nbsp;Deja algo y lo que deja es un pur\u00e9 de tomates para acompa\u00f1ar los fideos de la cena, no es un art\u00edculo prescindible.<\/p>\n\n\n\n<figure class=\"wp-block-image is-resized\"><img loading=\"lazy\" decoding=\"async\" src=\"https:\/\/www.mdzol.com\/u\/fotografias\/m\/2023\/4\/17\/f768x1-1397008_1397135_311.jpg\" alt=\"\" width=\"949\" height=\"2108\"\/><\/figure>\n\n\n\n<p>Desde hace tiempo ya las\u00a0<strong>primeras marcas no son una opci\u00f3n.\u00a0<\/strong>Mi comercio est\u00e1 en un barrio de clase media y\u00a0<strong>yo trabajaba mucho las dos primeras marcas de gaseosa<\/strong>\u00a0y ninguna otra m\u00e1s. Tuve que incorporar otra alternativa econ\u00f3mica de marcas, en un barrio de clase media. Lo entiendo, porque una gaseosa de primera de 2 litros hay que\u00a0venderla\u00a0<strong>arriba de los $600,\u00a0<\/strong>mientras que la marca que ya son conocidas de segunda o tercera l\u00ednea,\u00a0<strong>podemos venderla en $200<\/strong>.<\/p>\n\n\n\n<p>Otro tema es el pago, los primeros d\u00edas&nbsp;de cada mes, el cliente utiliza, d\u00e9bito, Mercado Pago, c\u00f3digo QR, pero despu\u00e9s&nbsp;<strong>usa la tarjeta&nbsp;de cr\u00e9dito para 5 art\u00edculos<\/strong>, y muy b\u00e1sicos, fideos, harina, az\u00facar&nbsp;o yerba. Es una situaci\u00f3n muy compleja, de la que no se sabe c\u00f3mo vamos a salir.<\/p>\n\n\n\n<p><strong>*&nbsp;Fernando Savore,&nbsp;<\/strong>presidente de la Federaci\u00f3n de Almaceneros de Buenos Aires y vicepresidente de Confederaci\u00f3n General Almacenera<\/p>\n","protected":false},"excerpt":{"rendered":"<p>El tema de los aumentos de abril, y eso que venimos de un mes muy picante para el consumidor, al que se le est\u00e1&nbsp;destruyendo el bolsillo, tenemos en este mes un&nbsp;incremento del 35% en el rubro yerba mate, y por lo visto ser\u00e1 un poco m\u00e1s todav\u00eda. Hasta que esta semana vayamos al mayorista&nbsp;y crucemos<a class=\"read-more\" href=\"https:\/\/elfederalmendoza.com.ar\/index.php\/2023\/04\/25\/precios-en-llamas-el-chat-que-les-llego-hoy-a-los-comerciantes-que-indican-los-aumentos-en-todas-las-mercaderias\/\"> [&hellip;]<\/a><\/p>\n","protected":false},"author":2,"featured_media":22257,"comment_status":"open","ping_status":"open","sticky":false,"template":"","format":"standard","meta":{"footnotes":""},"categories":[5618],"tags":[],"class_list":["post-22247","post","type-post","status-publish","format-standard","has-post-thumbnail","hentry","category-arg"],"rttpg_featured_image_url":{"full":["https:\/\/elfederalmendoza.com.ar\/wp-content\/uploads\/2023\/04\/precios-gondola.jpg",917,675,false],"landscape":["https:\/\/elfederalmendoza.com.ar\/wp-content\/uploads\/2023\/04\/precios-gondola.jpg",917,675,false],"portraits":["https:\/\/elfederalmendoza.com.ar\/wp-content\/uploads\/2023\/04\/precios-gondola.jpg",917,675,false],"thumbnail":["https:\/\/elfederalmendoza.com.ar\/wp-content\/uploads\/2023\/04\/precios-gondola-150x150.jpg",150,150,true],"medium":["https:\/\/elfederalmendoza.com.ar\/wp-content\/uploads\/2023\/04\/precios-gondola-300x221.jpg",300,221,true],"large":["https:\/\/elfederalmendoza.com.ar\/wp-content\/uploads\/2023\/04\/precios-gondola.jpg",640,471,false],"1536x1536":["https:\/\/elfederalmendoza.com.ar\/wp-content\/uploads\/2023\/04\/precios-gondola.jpg",917,675,false],"2048x2048":["https:\/\/elfederalmendoza.com.ar\/wp-content\/uploads\/2023\/04\/precios-gondola.jpg",917,675,false],"ultp_layout_landscape_large":["https:\/\/elfederalmendoza.com.ar\/wp-content\/uploads\/2023\/04\/precios-gondola.jpg",917,675,false],"ultp_layout_landscape":["https:\/\/elfederalmendoza.com.ar\/wp-content\/uploads\/2023\/04\/precios-gondola-870x570.jpg",870,570,true],"ultp_layout_portrait":["https:\/\/elfederalmendoza.com.ar\/wp-content\/uploads\/2023\/04\/precios-gondola-600x675.jpg",600,675,true],"ultp_layout_square":["https:\/\/elfederalmendoza.com.ar\/wp-content\/uploads\/2023\/04\/precios-gondola-600x600.jpg",600,600,true],"rpwe-thumbnail":["https:\/\/elfederalmendoza.com.ar\/wp-content\/uploads\/2023\/04\/precios-gondola-45x45.jpg",45,45,true],"advps-thumb-one":["https:\/\/elfederalmendoza.com.ar\/wp-content\/uploads\/2023\/04\/precios-gondola-917x420.jpg",917,420,true]},"rttpg_author":{"display_name":"Redacci\u00f3n El Federal","author_link":"https:\/\/elfederalmendoza.com.ar\/index.php\/author\/angelflores\/"},"rttpg_comment":0,"rttpg_category":"<a href=\"https:\/\/elfederalmendoza.com.ar\/index.php\/category\/arg\/\" rel=\"category tag\">Argentina<\/a>","rttpg_excerpt":"El tema de los aumentos de abril, y eso que venimos de un mes muy picante para el consumidor, al que se le est\u00e1&nbsp;destruyendo el bolsillo, tenemos en este mes un&nbsp;incremento del 35% en el rubro yerba mate, y por lo visto ser\u00e1 un poco m\u00e1s todav\u00eda. Hasta que esta semana vayamos al mayorista&nbsp;y crucemos&hellip;","_links":{"self":[{"href":"https:\/\/elfederalmendoza.com.ar\/index.php\/wp-json\/wp\/v2\/posts\/22247","targetHints":{"allow":["GET"]}}],"collection":[{"href":"https:\/\/elfederalmendoza.com.ar\/index.php\/wp-json\/wp\/v2\/posts"}],"about":[{"href":"https:\/\/elfederalmendoza.com.ar\/index.php\/wp-json\/wp\/v2\/types\/post"}],"author":[{"embeddable":true,"href":"https:\/\/elfederalmendoza.com.ar\/index.php\/wp-json\/wp\/v2\/users\/2"}],"replies":[{"embeddable":true,"href":"https:\/\/elfederalmendoza.com.ar\/index.php\/wp-json\/wp\/v2\/comments?post=22247"}],"version-history":[{"count":1,"href":"https:\/\/elfederalmendoza.com.ar\/index.php\/wp-json\/wp\/v2\/posts\/22247\/revisions"}],"predecessor-version":[{"id":22258,"href":"https:\/\/elfederalmendoza.com.ar\/index.php\/wp-json\/wp\/v2\/posts\/22247\/revisions\/22258"}],"wp:featuredmedia":[{"embeddable":true,"href":"https:\/\/elfederalmendoza.com.ar\/index.php\/wp-json\/wp\/v2\/media\/22257"}],"wp:attachment":[{"href":"https:\/\/elfederalmendoza.com.ar\/index.php\/wp-json\/wp\/v2\/media?parent=22247"}],"wp:term":[{"taxonomy":"category","embeddable":true,"href":"https:\/\/elfederalmendoza.com.ar\/index.php\/wp-json\/wp\/v2\/categories?post=22247"},{"taxonomy":"post_tag","embeddable":true,"href":"https:\/\/elfederalmendoza.com.ar\/index.php\/wp-json\/wp\/v2\/tags?post=22247"}],"curies":[{"name":"wp","href":"https:\/\/api.w.org\/{rel}","templated":true}]}}