{"id":22248,"date":"2023-04-25T10:48:05","date_gmt":"2023-04-25T13:48:05","guid":{"rendered":"https:\/\/elfederalmendoza.com\/?p=22248"},"modified":"2023-04-25T10:48:06","modified_gmt":"2023-04-25T13:48:06","slug":"comenzo-el-juicio-contra-el-albanil-acusado-de-estrangular-a-una-arquitecta-en-mendoza","status":"publish","type":"post","link":"https:\/\/elfederalmendoza.com.ar\/index.php\/2023\/04\/25\/comenzo-el-juicio-contra-el-albanil-acusado-de-estrangular-a-una-arquitecta-en-mendoza\/","title":{"rendered":"Comenz\u00f3 el juicio contra el alba\u00f1il acusado de estrangular a una arquitecta en Mendoza"},"content":{"rendered":"\n<p>Un alba\u00f1il comenz\u00f3 a ser sometido a un juicio por jurados&nbsp;<strong>por el crimen de Mar\u00eda P\u00eda Persia<\/strong>, la artista visual y arquitecta oriunda de Buenos Aires que en julio del a\u00f1o pasado fue hallada estrangulada en su casa de la ciudad de Mendoza, y en los alegatos de apertura las partes acusadoras adelantaron que pedir\u00e1n que sea declarado culpable por femicidio y robo.<\/p>\n\n\n\n<p>El juicio se desarrolla en el Polo Judicial Penal donde esta jornada se seleccion\u00f3 a los 12 jurados y los suplentes que conforman el tribunal popular. Luego, y en funci\u00f3n de lo dispuesto por el&nbsp;<strong>juez t\u00e9cnico David Mangiafico<\/strong>, comenzaron los alegatos de apertura de las partes.<\/p>\n\n\n\n<p>Fuentes judiciales informaron que el \u00fanico acusado por homicidio agravado por mediar violencia de g\u00e9nero y criminis causa es&nbsp;<strong>Francisco Benjam\u00edn Pinavar\u00eda Corbal\u00e1n (23)<\/strong>, quien se desempe\u00f1aba como ayudante de alba\u00f1iler\u00eda en las obras de refacci\u00f3n de la vivienda que Persia hab\u00eda comprado en calle Joaqu\u00edn V. Gonz\u00e1lez de la ciudad de Mendoza.<\/p>\n\n\n\n<p>Por el Ministerio P\u00fablico intervienen en el debate oral el fiscal en jefe de Homicidios, Fernando Guzzo; y el fiscal Carlos Torres, quien llev\u00f3 adelante la instrucci\u00f3n de la causa.<\/p>\n\n\n\n<p>Durante su alegato el fiscal Guzzo sostuvo que \u00ab15 de julio del a\u00f1o pasado una ma\u00f1ana que fue particularmente fr\u00eda y lluviosa- lo que imped\u00eda que se llevaran a cabo tareas de construcci\u00f3n- a las 8:20 de la ma\u00f1ana Persia fue sorprendida por Pinavar\u00eda\u00bb y lo dej\u00f3 ingresar a la vivienda por la confianza que le ten\u00eda.<\/p>\n\n\n\n<p>\u00abEl asesino ya se hab\u00eda decidido a robarle una importante cantidad de dinero que sab\u00eda que ella hab\u00eda tra\u00eddo de Buenos Aires y tambi\u00e9n su tel\u00e9fono celular\u00bb a\u00f1adi\u00f3 el fiscal.<\/p>\n\n\n\n<p>\u00abNuestra teor\u00eda del caso no es simplemente una hip\u00f3tesis, sino que se ve fundada en pruebas que resultan objetivas y de car\u00e1cter irrefutable\u00bb, destac\u00f3.<\/p>\n\n\n\n<p>\u00abCuando terminemos este juicio no tendr\u00e1n ninguna dificultad en emitir un veredicto de culpabilidad de manera un\u00e1nime y as\u00ed podr\u00e1n advertir que esto se trat\u00f3 de un femicidio y un robo\u00bb dijo Guzzo.<\/p>\n\n\n\n<p>Por su parte, el fiscal Torres mencion\u00f3 los diversos testimonios, pericias y pruebas t\u00e9cnicas y cient\u00edficas que se presentar\u00e1n durante el debate que se estima dure toda la semana.<\/p>\n\n\n\n<p>\u00abCuando tengan toda esa prueba les vamos a pedir (al jurado) que la integren y van a estar convencidos como estamos los integrantes del Ministerio P\u00fablico y los representantes de la querella que efectivamente el se\u00f1or Benjam\u00edn Pinavar\u00eda es culpable del femicidio de Mar\u00eda P\u00eda\u00bb, indic\u00f3.<\/p>\n\n\n\n<p>Por su parte, el abogado de la familia de la v\u00edctima, Lucas Lecour, record\u00f3 que la v\u00edctima muri\u00f3 por \u00abasfixia por estrangulamiento a lazo\u00bb y que presentaba \u00abm\u00faltiples golpes principalmente en el rostro y el cuello\u00bb.<\/p>\n\n\n\n<p>\u00abLos defensores van a trata de mostrar a Benjam\u00edn Pinavar\u00eda como un perejil, pero le vamos a demostrar que es el \u00fanico y verdadero responsable por el crimen\u00bb, sostuvo el letrado.<\/p>\n\n\n\n<p>A su vez, el abogado querellante ley\u00f3 durante su alegato un texto de los familiares de la artista en el que la recordaron con una semblanza sobre su vida.<\/p>\n\n\n\n<p>En tanto, el defensor Francisco Castro sostuvo la inocencia de su cliente, al mencionar que es un \u00abperejil\u00bb y dijo que \u00abla fiscal\u00eda se equivoc\u00f3\u00bb.<\/p>\n\n\n\n<p>\u00abLa investigaci\u00f3n tom\u00f3 un camino desacertado, lleno de contradicciones y no pudieron volver atr\u00e1s porque se meti\u00f3 la pol\u00edtica\u00bb, consider\u00f3.<\/p>\n\n\n\n<p>Y tras los alegatos de apertura comenzaron las declaraciones de los testigos citados para esta jornada.<\/p>\n\n\n\n<h3 class=\"wp-block-heading\"><strong>Un resonante caso que conmovi\u00f3 a los mendocinos<\/strong><\/h3>\n\n\n\n<p>El femicidio fue descubierto el s\u00e1bado 15 de julio de 2022 cuando la artista de 49 a\u00f1os fue hallada muerta en su vivienda de la calle Joaqu\u00edn V. Gonz\u00e1lez 283, de la capital mendocina, adonde hab\u00eda decidido mudarse y tambi\u00e9n alquilar a turistas.<\/p>\n\n\n\n<p>El cuerpo de la mujer fue hallado por uno de los alba\u00f1iles que trabajaba en la remodelaci\u00f3n de su casa, quien alert\u00f3 a la Polic\u00eda.<\/p>\n\n\n\n<p>Al arribar al lugar, los polic\u00edas constataron que la v\u00edctima yac\u00eda tendida en el piso, boca abajo; en tanto que el Cuerpo M\u00e9dico Forenses determin\u00f3 luego que se trat\u00f3 de una muerte violenta por estrangulamiento.<\/p>\n\n\n\n<p>Por su parte, el principal sospechoso del crimen ten\u00eda un antecedente por encubrimiento lo que permiti\u00f3 que sus huellas gen\u00e9ticas ya estuvieran cargadas en Laboratorio del Ministerio P\u00fablico Fiscal.<\/p>\n\n\n\n<p>De esta manera, se logr\u00f3 el resultado positivo al comparar su ADN con el de la prenda que se utiliz\u00f3 como lazo para estrangular a la v\u00edctima.<\/p>\n\n\n\n<p>Tambi\u00e9n hay registros de c\u00e1maras de seguridad que revelaron que el alba\u00f1il imputado entr\u00f3 y sali\u00f3 de la vivienda de Persia en horarios cercanos al crimen, que, a su vez, coinciden con la geolocalizaci\u00f3n que marcaron las antenas telef\u00f3nicas sobre su celular y el de la v\u00edctima.<\/p>\n","protected":false},"excerpt":{"rendered":"<p>Un alba\u00f1il comenz\u00f3 a ser sometido a un juicio por jurados&nbsp;por el crimen de Mar\u00eda P\u00eda Persia, la artista visual y arquitecta oriunda de Buenos Aires que en julio del a\u00f1o pasado fue hallada estrangulada en su casa de la ciudad de Mendoza, y en los alegatos de apertura las partes acusadoras adelantaron que pedir\u00e1n<a class=\"read-more\" href=\"https:\/\/elfederalmendoza.com.ar\/index.php\/2023\/04\/25\/comenzo-el-juicio-contra-el-albanil-acusado-de-estrangular-a-una-arquitecta-en-mendoza\/\"> [&hellip;]<\/a><\/p>\n","protected":false},"author":2,"featured_media":22249,"comment_status":"open","ping_status":"open","sticky":false,"template":"","format":"standard","meta":{"footnotes":""},"categories":[1],"tags":[],"class_list":["post-22248","post","type-post","status-publish","format-standard","has-post-thumbnail","hentry","category-mza"],"rttpg_featured_image_url":{"full":["https:\/\/elfederalmendoza.com.ar\/wp-content\/uploads\/2023\/04\/62d5dfd550d49__780x780.webp",715,399,false],"landscape":["https:\/\/elfederalmendoza.com.ar\/wp-content\/uploads\/2023\/04\/62d5dfd550d49__780x780.webp",715,399,false],"portraits":["https:\/\/elfederalmendoza.com.ar\/wp-content\/uploads\/2023\/04\/62d5dfd550d49__780x780.webp",715,399,false],"thumbnail":["https:\/\/elfederalmendoza.com.ar\/wp-content\/uploads\/2023\/04\/62d5dfd550d49__780x780-150x150.webp",150,150,true],"medium":["https:\/\/elfederalmendoza.com.ar\/wp-content\/uploads\/2023\/04\/62d5dfd550d49__780x780-300x167.webp",300,167,true],"large":["https:\/\/elfederalmendoza.com.ar\/wp-content\/uploads\/2023\/04\/62d5dfd550d49__780x780.webp",640,357,false],"1536x1536":["https:\/\/elfederalmendoza.com.ar\/wp-content\/uploads\/2023\/04\/62d5dfd550d49__780x780.webp",715,399,false],"2048x2048":["https:\/\/elfederalmendoza.com.ar\/wp-content\/uploads\/2023\/04\/62d5dfd550d49__780x780.webp",715,399,false],"ultp_layout_landscape_large":["https:\/\/elfederalmendoza.com.ar\/wp-content\/uploads\/2023\/04\/62d5dfd550d49__780x780.webp",715,399,false],"ultp_layout_landscape":["https:\/\/elfederalmendoza.com.ar\/wp-content\/uploads\/2023\/04\/62d5dfd550d49__780x780.webp",715,399,false],"ultp_layout_portrait":["https:\/\/elfederalmendoza.com.ar\/wp-content\/uploads\/2023\/04\/62d5dfd550d49__780x780-600x399.webp",600,399,true],"ultp_layout_square":["https:\/\/elfederalmendoza.com.ar\/wp-content\/uploads\/2023\/04\/62d5dfd550d49__780x780-600x399.webp",600,399,true],"rpwe-thumbnail":["https:\/\/elfederalmendoza.com.ar\/wp-content\/uploads\/2023\/04\/62d5dfd550d49__780x780-45x45.webp",45,45,true],"advps-thumb-one":["https:\/\/elfederalmendoza.com.ar\/wp-content\/uploads\/2023\/04\/62d5dfd550d49__780x780.webp",715,399,false]},"rttpg_author":{"display_name":"Redacci\u00f3n El Federal","author_link":"https:\/\/elfederalmendoza.com.ar\/index.php\/author\/angelflores\/"},"rttpg_comment":0,"rttpg_category":"<a href=\"https:\/\/elfederalmendoza.com.ar\/index.php\/category\/mza\/\" rel=\"category tag\">Mendoza<\/a>","rttpg_excerpt":"Un alba\u00f1il comenz\u00f3 a ser sometido a un juicio por jurados&nbsp;por el crimen de Mar\u00eda P\u00eda Persia, la artista visual y arquitecta oriunda de Buenos Aires que en julio del a\u00f1o pasado fue hallada estrangulada en su casa de la ciudad de Mendoza, y en los alegatos de apertura las partes acusadoras adelantaron que pedir\u00e1n&hellip;","_links":{"self":[{"href":"https:\/\/elfederalmendoza.com.ar\/index.php\/wp-json\/wp\/v2\/posts\/22248","targetHints":{"allow":["GET"]}}],"collection":[{"href":"https:\/\/elfederalmendoza.com.ar\/index.php\/wp-json\/wp\/v2\/posts"}],"about":[{"href":"https:\/\/elfederalmendoza.com.ar\/index.php\/wp-json\/wp\/v2\/types\/post"}],"author":[{"embeddable":true,"href":"https:\/\/elfederalmendoza.com.ar\/index.php\/wp-json\/wp\/v2\/users\/2"}],"replies":[{"embeddable":true,"href":"https:\/\/elfederalmendoza.com.ar\/index.php\/wp-json\/wp\/v2\/comments?post=22248"}],"version-history":[{"count":1,"href":"https:\/\/elfederalmendoza.com.ar\/index.php\/wp-json\/wp\/v2\/posts\/22248\/revisions"}],"predecessor-version":[{"id":22250,"href":"https:\/\/elfederalmendoza.com.ar\/index.php\/wp-json\/wp\/v2\/posts\/22248\/revisions\/22250"}],"wp:featuredmedia":[{"embeddable":true,"href":"https:\/\/elfederalmendoza.com.ar\/index.php\/wp-json\/wp\/v2\/media\/22249"}],"wp:attachment":[{"href":"https:\/\/elfederalmendoza.com.ar\/index.php\/wp-json\/wp\/v2\/media?parent=22248"}],"wp:term":[{"taxonomy":"category","embeddable":true,"href":"https:\/\/elfederalmendoza.com.ar\/index.php\/wp-json\/wp\/v2\/categories?post=22248"},{"taxonomy":"post_tag","embeddable":true,"href":"https:\/\/elfederalmendoza.com.ar\/index.php\/wp-json\/wp\/v2\/tags?post=22248"}],"curies":[{"name":"wp","href":"https:\/\/api.w.org\/{rel}","templated":true}]}}