{"id":22252,"date":"2023-04-25T10:56:39","date_gmt":"2023-04-25T13:56:39","guid":{"rendered":"https:\/\/elfederalmendoza.com\/?p=22252"},"modified":"2023-04-25T10:57:07","modified_gmt":"2023-04-25T13:57:07","slug":"el-gobierno-provincial-informo-que-la-deuda-publica-de-mendoza-bajo-un-29-por-ciento","status":"publish","type":"post","link":"https:\/\/elfederalmendoza.com.ar\/index.php\/2023\/04\/25\/el-gobierno-provincial-informo-que-la-deuda-publica-de-mendoza-bajo-un-29-por-ciento\/","title":{"rendered":"El gobierno provincial inform\u00f3 que la deuda p\u00fablica de Mendoza baj\u00f3 un 29% desde 2019"},"content":{"rendered":"\n<p>En un contexto macroecon\u00f3mico muy complejo, la administraci\u00f3n de\u00a0<strong>Rodolfo Suarez\u00a0<\/strong>encendi\u00f3 nuevamente el debate por la\u00a0<strong>deuda provincial en d\u00f3lares<\/strong>. Lo hizo a trav\u00e9s de una serie de mensajes y gr\u00e1ficos publicados en Twitter, donde destaca que\u00a0\u201cla deuda de Mendoza se redujo 29% con respecto a la registrada en diciembre de 2019\u201d.<\/p>\n\n\n\n<p>\u201cContrariamente a lo ocurrido en Mendoza, la deuda p\u00fablica nacional aument\u00f3 23% en el mismo per\u00edodo\u201d, agrega el tuit publicado este martes en la cuenta oficial del\u00a0<strong>Ministerio de Hacienda.<\/strong><\/p>\n\n\n\n<p>Seg\u00fan los datos difundidos por el Gobierno provincial,&nbsp;<mark>la deuda p\u00fablica consolidada medida en d\u00f3lares cay\u00f3 402 millones de d\u00f3lares<\/mark>: de 1.378 millones en diciembre de 2019 a 976 millones en marzo pasado.<\/p>\n\n\n\n<p>En contraste, la deuda p\u00fablica de la administraci\u00f3n nacional pas\u00f3 de 323.065 millones a 397.788 millones en el mismo periodo, indicaron desde Hacienda.<\/p>\n\n\n\n<p>\u201cEs as\u00ed que el stock de la deuda p\u00fablica representa un 8% de la econom\u00eda en Mendoza, mientras que este porcentaje asciende al 63% en la Naci\u00f3n\u201d, sac\u00f3 pecho el Gobierno provincial.<\/p>\n\n\n\n<figure class=\"wp-block-embed is-type-rich is-provider-twitter wp-block-embed-twitter\"><div class=\"wp-block-embed__wrapper\">\n<blockquote class=\"twitter-tweet\" data-width=\"550\" data-dnt=\"true\"><p lang=\"es\" dir=\"ltr\">La deuda de Mendoza se  redujo 29% con respecto a la registrada en diciembre de 2019. <br>Contrariamente a lo ocurrido en Mendoza, la deuda p\u00fablica nacional aument\u00f3 23% en el mismo per\u00edodo. <a href=\"https:\/\/t.co\/63u0teilM1\">pic.twitter.com\/63u0teilM1<\/a><\/p>&mdash; Ministerio de Hacienda y Finanzas (@Haciendamdz) <a href=\"https:\/\/twitter.com\/Haciendamdz\/status\/1650832229503754241?ref_src=twsrc%5Etfw\">April 25, 2023<\/a><\/blockquote><script async src=\"https:\/\/platform.twitter.com\/widgets.js\" charset=\"utf-8\"><\/script>\n<\/div><\/figure>\n\n\n\n<p>Actualmente,&nbsp;<mark>el 75,6% de la deuda p\u00fablica de Mendoza est\u00e1 conformada en d\u00f3lares<\/mark>&nbsp;y el 24,4% restante, en pesos. De acuerdo con datos oficiales, este a\u00f1o la provincia tendr\u00e1 que hacer frente a vencimientos por 131,8 millones de d\u00f3lares (ya pag\u00f3 una parte), en 2024 ser\u00e1n 131,1 millones y en 2025 alcanzar\u00e1 los 124,7 millones.<\/p>\n\n\n\n<p>Hay que recordar que a mediados de marzo,\u00a0<mark>la Provincia pag\u00f3 60 millones de d\u00f3lares<\/mark>\u00a0por la primera cuota del bono tomado en el a\u00f1o 2016.<\/p>\n\n\n\n<p>\u201cEn Mendoza cumplimos con nuestros compromisos. Es por ello que la provincia desembols\u00f3 60 millones de d\u00f3lares (accediendo al cambio oficial) para cancelar los vencimientos de deuda. De esta manera, alcanzamos el menor stock de deuda en 20 a\u00f1os\u201d, afirm\u00f3 en esa oportunidad Suarez.<\/p>\n\n\n\n<p>\u201cCon este pago, la deuda es 34% menor a la existente en el 2015, objetivo que logramos convencidos de que un Estado ordenado nos permite seguir bajando impuestos, mantener la obra p\u00fablica activa y optimizar nuestros recursos\u201d, a\u00f1adi\u00f3.<\/p>\n\n\n\n<p>Seg\u00fan mencion\u00f3 Suarez, el problema se origin\u00f3 en las gestiones de los justicialistas Celso Jaque (2007-2011) y Francisco P\u00e9rez (2011-2015),\u00a0<mark>que finalizaron con un stock de deuda equivalente a 1.118,9 millones de d\u00f3lares.<\/mark><\/p>\n","protected":false},"excerpt":{"rendered":"<p>En un contexto macroecon\u00f3mico muy complejo, la administraci\u00f3n de\u00a0Rodolfo Suarez\u00a0encendi\u00f3 nuevamente el debate por la\u00a0deuda provincial en d\u00f3lares. Lo hizo a trav\u00e9s de una serie de mensajes y gr\u00e1ficos publicados en Twitter, donde destaca que\u00a0\u201cla deuda de Mendoza se redujo 29% con respecto a la registrada en diciembre de 2019\u201d. \u201cContrariamente a lo ocurrido en<a class=\"read-more\" href=\"https:\/\/elfederalmendoza.com.ar\/index.php\/2023\/04\/25\/el-gobierno-provincial-informo-que-la-deuda-publica-de-mendoza-bajo-un-29-por-ciento\/\"> [&hellip;]<\/a><\/p>\n","protected":false},"author":2,"featured_media":22253,"comment_status":"open","ping_status":"open","sticky":false,"template":"","format":"standard","meta":{"footnotes":""},"categories":[1],"tags":[],"class_list":["post-22252","post","type-post","status-publish","format-standard","has-post-thumbnail","hentry","category-mza"],"rttpg_featured_image_url":{"full":["https:\/\/elfederalmendoza.com.ar\/wp-content\/uploads\/2023\/04\/FujvKPaWYAETNk-.jpg",1007,551,false],"landscape":["https:\/\/elfederalmendoza.com.ar\/wp-content\/uploads\/2023\/04\/FujvKPaWYAETNk-.jpg",1007,551,false],"portraits":["https:\/\/elfederalmendoza.com.ar\/wp-content\/uploads\/2023\/04\/FujvKPaWYAETNk-.jpg",1007,551,false],"thumbnail":["https:\/\/elfederalmendoza.com.ar\/wp-content\/uploads\/2023\/04\/FujvKPaWYAETNk--150x150.jpg",150,150,true],"medium":["https:\/\/elfederalmendoza.com.ar\/wp-content\/uploads\/2023\/04\/FujvKPaWYAETNk--300x164.jpg",300,164,true],"large":["https:\/\/elfederalmendoza.com.ar\/wp-content\/uploads\/2023\/04\/FujvKPaWYAETNk-.jpg",640,350,false],"1536x1536":["https:\/\/elfederalmendoza.com.ar\/wp-content\/uploads\/2023\/04\/FujvKPaWYAETNk-.jpg",1007,551,false],"2048x2048":["https:\/\/elfederalmendoza.com.ar\/wp-content\/uploads\/2023\/04\/FujvKPaWYAETNk-.jpg",1007,551,false],"ultp_layout_landscape_large":["https:\/\/elfederalmendoza.com.ar\/wp-content\/uploads\/2023\/04\/FujvKPaWYAETNk-.jpg",1007,551,false],"ultp_layout_landscape":["https:\/\/elfederalmendoza.com.ar\/wp-content\/uploads\/2023\/04\/FujvKPaWYAETNk--870x551.jpg",870,551,true],"ultp_layout_portrait":["https:\/\/elfederalmendoza.com.ar\/wp-content\/uploads\/2023\/04\/FujvKPaWYAETNk--600x551.jpg",600,551,true],"ultp_layout_square":["https:\/\/elfederalmendoza.com.ar\/wp-content\/uploads\/2023\/04\/FujvKPaWYAETNk--600x551.jpg",600,551,true],"rpwe-thumbnail":["https:\/\/elfederalmendoza.com.ar\/wp-content\/uploads\/2023\/04\/FujvKPaWYAETNk--45x45.jpg",45,45,true],"advps-thumb-one":["https:\/\/elfederalmendoza.com.ar\/wp-content\/uploads\/2023\/04\/FujvKPaWYAETNk--1007x420.jpg",1007,420,true]},"rttpg_author":{"display_name":"Redacci\u00f3n El Federal","author_link":"https:\/\/elfederalmendoza.com.ar\/index.php\/author\/angelflores\/"},"rttpg_comment":0,"rttpg_category":"<a href=\"https:\/\/elfederalmendoza.com.ar\/index.php\/category\/mza\/\" rel=\"category tag\">Mendoza<\/a>","rttpg_excerpt":"En un contexto macroecon\u00f3mico muy complejo, la administraci\u00f3n de\u00a0Rodolfo Suarez\u00a0encendi\u00f3 nuevamente el debate por la\u00a0deuda provincial en d\u00f3lares. Lo hizo a trav\u00e9s de una serie de mensajes y gr\u00e1ficos publicados en Twitter, donde destaca que\u00a0\u201cla deuda de Mendoza se redujo 29% con respecto a la registrada en diciembre de 2019\u201d. \u201cContrariamente a lo ocurrido en&hellip;","_links":{"self":[{"href":"https:\/\/elfederalmendoza.com.ar\/index.php\/wp-json\/wp\/v2\/posts\/22252","targetHints":{"allow":["GET"]}}],"collection":[{"href":"https:\/\/elfederalmendoza.com.ar\/index.php\/wp-json\/wp\/v2\/posts"}],"about":[{"href":"https:\/\/elfederalmendoza.com.ar\/index.php\/wp-json\/wp\/v2\/types\/post"}],"author":[{"embeddable":true,"href":"https:\/\/elfederalmendoza.com.ar\/index.php\/wp-json\/wp\/v2\/users\/2"}],"replies":[{"embeddable":true,"href":"https:\/\/elfederalmendoza.com.ar\/index.php\/wp-json\/wp\/v2\/comments?post=22252"}],"version-history":[{"count":2,"href":"https:\/\/elfederalmendoza.com.ar\/index.php\/wp-json\/wp\/v2\/posts\/22252\/revisions"}],"predecessor-version":[{"id":22256,"href":"https:\/\/elfederalmendoza.com.ar\/index.php\/wp-json\/wp\/v2\/posts\/22252\/revisions\/22256"}],"wp:featuredmedia":[{"embeddable":true,"href":"https:\/\/elfederalmendoza.com.ar\/index.php\/wp-json\/wp\/v2\/media\/22253"}],"wp:attachment":[{"href":"https:\/\/elfederalmendoza.com.ar\/index.php\/wp-json\/wp\/v2\/media?parent=22252"}],"wp:term":[{"taxonomy":"category","embeddable":true,"href":"https:\/\/elfederalmendoza.com.ar\/index.php\/wp-json\/wp\/v2\/categories?post=22252"},{"taxonomy":"post_tag","embeddable":true,"href":"https:\/\/elfederalmendoza.com.ar\/index.php\/wp-json\/wp\/v2\/tags?post=22252"}],"curies":[{"name":"wp","href":"https:\/\/api.w.org\/{rel}","templated":true}]}}