{"id":22264,"date":"2023-04-26T06:51:55","date_gmt":"2023-04-26T09:51:55","guid":{"rendered":"https:\/\/elfederalmendoza.com\/?p=22264"},"modified":"2023-04-26T06:51:56","modified_gmt":"2023-04-26T09:51:56","slug":"tuvo-dos-hijos-con-su-hermano-y-ahora-no-los-dejan-casarse","status":"publish","type":"post","link":"https:\/\/elfederalmendoza.com.ar\/index.php\/2023\/04\/26\/tuvo-dos-hijos-con-su-hermano-y-ahora-no-los-dejan-casarse\/","title":{"rendered":"Tuvo dos hijos con su hermano y ahora no los dejan casarse"},"content":{"rendered":"\n<p>El pol\u00e9mico caso de los hermanos que\u00a0<strong>tuvieron dos hijos luego de comenzar una relaci\u00f3n prohibida y ahora desean casarse<\/strong>, est\u00e1 causando mucha pol\u00e9mica en las redes sociales.<\/p>\n\n\n\n<p>Se trata de Ana y Daniel, qui\u00e9nes\u00a0<strong>se conocieron a trav\u00e9s de Facebook cuando ella ten\u00eda 20 a\u00f1os y \u00e9l 17<\/strong>. Ahora luchan para contraer enlace,\u00a0<strong>algo totalmente vedado en la legislaci\u00f3n espa\u00f1ola.<\/strong><\/p>\n\n\n\n<p>Todo comenz\u00f3 hace unos a\u00f1os atr\u00e1s cuando ella tom\u00f3 la iniciativa. \u201cAgregu\u00e9 a Daniel desde otro perfil an\u00f3nimo que no era el m\u00edo para que as\u00ed&nbsp;<strong>no viese apellidos ni nada. Simplemente quer\u00eda curiosear y resolver la duda.<\/strong>&nbsp;Me daba miedo que al contarle toda la historia le pudiera destruir todo su mundo. A\u00fan as\u00ed, no pude evitar contarle qui\u00e9n era yo\u201d, record\u00f3 Ana.<\/p>\n\n\n\n<figure class=\"wp-block-image\"><img decoding=\"async\" src=\"https:\/\/media.diariouno.com.ar\/p\/2948cb421e364a9091754bc69d277068\/adjuntos\/298\/imagenes\/009\/147\/0009147838\/1200x0\/smart\/ana-y-daniel-casamiento-hermanos-3jpg.jpg\" alt=\"Casamiento entre hermanos. Daniel y Ana se conocieron por Facebook cuando \u00e9l ten\u00eda 17 a\u00f1os y ella 20.\"\/><\/figure>\n\n\n\n<p>Casamiento entre hermanos. Daniel y Ana se conocieron por Facebook cuando \u00e9l ten\u00eda 17 a\u00f1os y ella 20.<\/p>\n\n\n\n<p>En ese momento, Daniel, cuyos padres se separaron cuando \u00e9l ten\u00eda ocho a\u00f1os, viv\u00eda con su progenitor. \u00abAlguna vez me hab\u00edan dicho que quiz\u00e1 ten\u00eda una hermana por ah\u00ed, pero&nbsp;<strong>mi padre nunca me lo cont\u00f3<\/strong>, era algo que quiso ocultar\u00bb, cont\u00f3 Daniel al portal&nbsp;<em>El Espa\u00f1ol<\/em>, quien por parte de padre y madre&nbsp;<strong>tiene otros tres hermanos m\u00e1s.<\/strong><\/p>\n\n\n\n<p>Enseguida congeniaron por lo que comenzaron a verse con cierta asiduidad. \u00ab<strong>Intentamos mantener una relaci\u00f3n de hermanos, pero nos cost\u00f3<\/strong>. Ten\u00edamos una relaci\u00f3n de amigos que quedaban para verse y contarse las cosas\u00bb, dijo Daniel. As\u00ed fue durante un tiempo, hasta que Ana se fue a vivir sola a un piso y \u00e9l, que trabajaba cerca de all\u00ed, comenz\u00f3 a visitarla. \u00abAl final Dani pasaba m\u00e1s tiempo en mi piso que en su casa\u00bb, contaron entre risas, \u201c<strong>hasta que comenzamos a vivir juntos<\/strong>\u201d.<\/p>\n\n\n\n<h2 class=\"wp-block-heading\"><strong>El primer paso para vencer el tab\u00fa<\/strong><\/h2>\n\n\n\n<p>La gente del entorno de Ana y Daniel empez\u00f3 a notar que la llama del amor (no fraterna) comenz\u00f3 a avivarse en ellos. Sin embargo,&nbsp;<strong>ellos mismos no quer\u00edan verlo. \u00abNosotros no quer\u00edamos darnos cuenta, nos enfad\u00e1bamos con nosotros mismos<\/strong>&nbsp;porque nos costaba admitirlo y romper con ese tab\u00fa: somos hermanos aunque no lo sinti\u00e9ramos as\u00ed\u00bb, dijo Ana, quien nunca podr\u00e1 olvidar el d\u00eda en el que finalmente pas\u00f3 lo inevitable<strong>: \u00abEst\u00e1bamos de fiesta, nos acercamos lentamente y nos dimos nuestro primer beso\u201d.<\/strong>&nbsp;\u201cFue espont\u00e1neo, nada premeditado\u2026\u201d, a\u00f1adi\u00f3 Daniel.<\/p>\n\n\n\n<p>Sin embargo, la sensaci\u00f3n de culpa cay\u00f3 sobre ellos, as\u00ed que, justo despu\u00e9s de ese primer beso, sus cuerpos se rechazaron y se alejaron diametralmente.&nbsp;<strong>\u201cNos fuimos cada uno por nuestro lado, nos daba cierta verg\u00fcenza lo que acababa de suceder\u00bb,<\/strong>&nbsp;cont\u00f3 Ana. Sin embargo, \u201cese beso rompi\u00f3 todas las barreras, marc\u00f3 un antes y un despu\u00e9s, fue como un golpe de realidad\u00bb, complement\u00f3 Daniel.<\/p>\n\n\n\n<p>Finalmente,&nbsp;<strong>en un viaje a Londres, se pudieron sentir libres y se mostraron como pareja ante el p\u00fablico.<\/strong><\/p>\n\n\n\n<p>\u201cEsa fue la primera vez que podemos decir que nos comportamos, de cara al p\u00fablico, como una pareja de verdad.&nbsp;<strong>Nos \u00edbamos a cenar, pase\u00e1bamos&#8230; Fue como una explosi\u00f3n de libertad\u201d<\/strong>, indic\u00f3 ella, de los pasos que fueron dando.<\/p>\n\n\n\n<figure class=\"wp-block-image\"><img decoding=\"async\" src=\"https:\/\/media.diariouno.com.ar\/p\/3edc0c93c23470fc8afd478f03dff5ff\/adjuntos\/298\/imagenes\/009\/147\/0009147840\/1200x0\/smart\/ana-y-daniel-casamiento-hermanos-2jpg.jpg\" alt=\"Casamiento entre hermanos. En un viaje a Londres pudieron dar rienda suelta a su amor.\"\/><\/figure>\n\n\n\n<p>Casamiento entre hermanos. En un viaje a Londres pudieron dar rienda suelta a su amor.<\/p>\n\n\n\n<h2 class=\"wp-block-heading\"><strong>Hijos de hermanos<\/strong><\/h2>\n\n\n\n<p>Actualmente, Ana y Daniel&nbsp;<strong>tienen dos hijos de cinco y tres a\u00f1os de edad<\/strong>, quienes asisten a una escuela en Montessori, donde aceptan todo tipo de familias.<\/p>\n\n\n\n<p>\u201cAll\u00ed encuentras a ni\u00f1os de familias&nbsp;<strong>monoparentales, con dos madres o dos padres<\/strong>. Es otra filosof\u00eda de estudio,&nbsp;<strong>otro tipo de mentalidad<\/strong>. As\u00ed que, antes de que entrara la ni\u00f1a al colegio, habl\u00e9 con el director y les cont\u00e9 la historia.&nbsp;<strong>Todos la saben<\/strong>\u201d, expuso ella, sobre el estilo de ense\u00f1anza.<\/p>\n\n\n\n<p>En tanto, al ser hermanos y padres averiguaron&nbsp;<strong>los riesgos gen\u00e9ticos que ten\u00edan<\/strong>&nbsp;y aceptaron las posibles consecuencias que pod\u00eda venir.<\/p>\n\n\n\n<figure class=\"wp-block-image\"><img decoding=\"async\" src=\"https:\/\/media.diariouno.com.ar\/p\/54c6444a3d5993aaaf6e9c044bae5b52\/adjuntos\/298\/imagenes\/009\/147\/0009147843\/1200x0\/smart\/ana-y-daniel-casamiento-hermanos-4jpg.jpg\" alt=\"Casamiento entre hermanos. Los especialistas advierten que los hijos nacidos de padre con consanguineidad tienen m\u00e1s cjances de padecer enfermedades gen\u00e9ticas.\"\/><\/figure>\n\n\n\n<p>Casamiento entre hermanos. Los especialistas advierten que los hijos nacidos de padre con consanguineidad tienen m\u00e1s cjances de padecer enfermedades gen\u00e9ticas.<\/p>\n\n\n\n<p>\u201cEl ginec\u00f3logo nos dijo que, en nuestro caso,&nbsp;<strong>el riesgo de que nacieran con alg\u00fan tipo de enfermedad recesiva es de un 4% mayor que una pareja que no comparte genes<\/strong>\u201d, explica Ana.<\/p>\n\n\n\n<p><strong>La legislaci\u00f3n espa\u00f1ola sobre el casamiento entre hermanos<\/strong><\/p>\n\n\n\n<p>En el C\u00f3digo Civil de Espa\u00f1a&nbsp;<strong>prohiben casarse entre parientes directos, aunque el incesto no est\u00e1 considerado un delito<\/strong>&nbsp;desde 1978, por lo que no pueden contraer matrimonio. Y si bien vieron la facilidad de concretarlo en Suecia, no lo ven como una opci\u00f3n deseada.<\/p>\n\n\n\n<p><strong>Ya llevan nueve a\u00f1os de relaci\u00f3n<\/strong>&nbsp;y lo \u00fanico que buscan es poder ser libres en su amor, sin prejuicios ni barreras legislativas. \u201c<strong>No hacemos da\u00f1o a nadie. Por eso queremos que la gente conozca nuestra historia<\/strong>&nbsp;de verdad\u201d, cerr\u00f3 Ana.<\/p>\n","protected":false},"excerpt":{"rendered":"<p>El pol\u00e9mico caso de los hermanos que\u00a0tuvieron dos hijos luego de comenzar una relaci\u00f3n prohibida y ahora desean casarse, est\u00e1 causando mucha pol\u00e9mica en las redes sociales. Se trata de Ana y Daniel, qui\u00e9nes\u00a0se conocieron a trav\u00e9s de Facebook cuando ella ten\u00eda 20 a\u00f1os y \u00e9l 17. Ahora luchan para contraer enlace,\u00a0algo totalmente vedado en<a class=\"read-more\" href=\"https:\/\/elfederalmendoza.com.ar\/index.php\/2023\/04\/26\/tuvo-dos-hijos-con-su-hermano-y-ahora-no-los-dejan-casarse\/\"> [&hellip;]<\/a><\/p>\n","protected":false},"author":2,"featured_media":22265,"comment_status":"open","ping_status":"open","sticky":false,"template":"","format":"standard","meta":{"footnotes":""},"categories":[5619],"tags":[],"class_list":["post-22264","post","type-post","status-publish","format-standard","has-post-thumbnail","hentry","category-mundo"],"rttpg_featured_image_url":{"full":["https:\/\/elfederalmendoza.com.ar\/wp-content\/uploads\/2023\/04\/hermanos-casados.jpg",801,431,false],"landscape":["https:\/\/elfederalmendoza.com.ar\/wp-content\/uploads\/2023\/04\/hermanos-casados.jpg",801,431,false],"portraits":["https:\/\/elfederalmendoza.com.ar\/wp-content\/uploads\/2023\/04\/hermanos-casados.jpg",801,431,false],"thumbnail":["https:\/\/elfederalmendoza.com.ar\/wp-content\/uploads\/2023\/04\/hermanos-casados-150x150.jpg",150,150,true],"medium":["https:\/\/elfederalmendoza.com.ar\/wp-content\/uploads\/2023\/04\/hermanos-casados-300x161.jpg",300,161,true],"large":["https:\/\/elfederalmendoza.com.ar\/wp-content\/uploads\/2023\/04\/hermanos-casados.jpg",640,344,false],"1536x1536":["https:\/\/elfederalmendoza.com.ar\/wp-content\/uploads\/2023\/04\/hermanos-casados.jpg",801,431,false],"2048x2048":["https:\/\/elfederalmendoza.com.ar\/wp-content\/uploads\/2023\/04\/hermanos-casados.jpg",801,431,false],"ultp_layout_landscape_large":["https:\/\/elfederalmendoza.com.ar\/wp-content\/uploads\/2023\/04\/hermanos-casados.jpg",801,431,false],"ultp_layout_landscape":["https:\/\/elfederalmendoza.com.ar\/wp-content\/uploads\/2023\/04\/hermanos-casados.jpg",801,431,false],"ultp_layout_portrait":["https:\/\/elfederalmendoza.com.ar\/wp-content\/uploads\/2023\/04\/hermanos-casados-600x431.jpg",600,431,true],"ultp_layout_square":["https:\/\/elfederalmendoza.com.ar\/wp-content\/uploads\/2023\/04\/hermanos-casados-600x431.jpg",600,431,true],"rpwe-thumbnail":["https:\/\/elfederalmendoza.com.ar\/wp-content\/uploads\/2023\/04\/hermanos-casados-45x45.jpg",45,45,true],"advps-thumb-one":["https:\/\/elfederalmendoza.com.ar\/wp-content\/uploads\/2023\/04\/hermanos-casados-801x420.jpg",801,420,true]},"rttpg_author":{"display_name":"Redacci\u00f3n El Federal","author_link":"https:\/\/elfederalmendoza.com.ar\/index.php\/author\/angelflores\/"},"rttpg_comment":0,"rttpg_category":"<a href=\"https:\/\/elfederalmendoza.com.ar\/index.php\/category\/mundo\/\" rel=\"category tag\">El Mundo<\/a>","rttpg_excerpt":"El pol\u00e9mico caso de los hermanos que\u00a0tuvieron dos hijos luego de comenzar una relaci\u00f3n prohibida y ahora desean casarse, est\u00e1 causando mucha pol\u00e9mica en las redes sociales. Se trata de Ana y Daniel, qui\u00e9nes\u00a0se conocieron a trav\u00e9s de Facebook cuando ella ten\u00eda 20 a\u00f1os y \u00e9l 17. Ahora luchan para contraer enlace,\u00a0algo totalmente vedado en&hellip;","_links":{"self":[{"href":"https:\/\/elfederalmendoza.com.ar\/index.php\/wp-json\/wp\/v2\/posts\/22264","targetHints":{"allow":["GET"]}}],"collection":[{"href":"https:\/\/elfederalmendoza.com.ar\/index.php\/wp-json\/wp\/v2\/posts"}],"about":[{"href":"https:\/\/elfederalmendoza.com.ar\/index.php\/wp-json\/wp\/v2\/types\/post"}],"author":[{"embeddable":true,"href":"https:\/\/elfederalmendoza.com.ar\/index.php\/wp-json\/wp\/v2\/users\/2"}],"replies":[{"embeddable":true,"href":"https:\/\/elfederalmendoza.com.ar\/index.php\/wp-json\/wp\/v2\/comments?post=22264"}],"version-history":[{"count":1,"href":"https:\/\/elfederalmendoza.com.ar\/index.php\/wp-json\/wp\/v2\/posts\/22264\/revisions"}],"predecessor-version":[{"id":22266,"href":"https:\/\/elfederalmendoza.com.ar\/index.php\/wp-json\/wp\/v2\/posts\/22264\/revisions\/22266"}],"wp:featuredmedia":[{"embeddable":true,"href":"https:\/\/elfederalmendoza.com.ar\/index.php\/wp-json\/wp\/v2\/media\/22265"}],"wp:attachment":[{"href":"https:\/\/elfederalmendoza.com.ar\/index.php\/wp-json\/wp\/v2\/media?parent=22264"}],"wp:term":[{"taxonomy":"category","embeddable":true,"href":"https:\/\/elfederalmendoza.com.ar\/index.php\/wp-json\/wp\/v2\/categories?post=22264"},{"taxonomy":"post_tag","embeddable":true,"href":"https:\/\/elfederalmendoza.com.ar\/index.php\/wp-json\/wp\/v2\/tags?post=22264"}],"curies":[{"name":"wp","href":"https:\/\/api.w.org\/{rel}","templated":true}]}}