{"id":22267,"date":"2023-04-26T07:24:25","date_gmt":"2023-04-26T10:24:25","guid":{"rendered":"https:\/\/elfederalmendoza.com\/?p=22267"},"modified":"2023-04-26T07:24:25","modified_gmt":"2023-04-26T10:24:25","slug":"fotos-criticas-sobre-la-reparacion-de-el-condor-en-el-acceso-este-que-costo-9-millones-de-pesos","status":"publish","type":"post","link":"https:\/\/elfederalmendoza.com.ar\/index.php\/2023\/04\/26\/fotos-criticas-sobre-la-reparacion-de-el-condor-en-el-acceso-este-que-costo-9-millones-de-pesos\/","title":{"rendered":"-FOTOS- Cr\u00edticas sobre la reparaci\u00f3n de \u00abEl Condor\u00bb en el Acceso Este que cost\u00f3 9 millones de pesos"},"content":{"rendered":"\n<p>Las obras de la escultura ya est\u00e1n en la cuarta etapa: s\u00f3lo queda una pendiente. El escultor <strong>Orlando Leytes<\/strong> coloc\u00f3 la cabeza y realiz\u00f3 una restauraci\u00f3n integral del cuerpo. Podr\u00eda estar lista en agosto o septiembre, <strong>pero las cr\u00edticas comenzaron a replicarse en las redes sociales.<\/strong><\/p>\n\n\n\n<figure class=\"wp-block-image size-full is-resized\"><img loading=\"lazy\" decoding=\"async\" src=\"https:\/\/elfederalmendoza.com\/wp-content\/uploads\/2023\/04\/condor.jpg\" alt=\"\" class=\"wp-image-22270\" width=\"944\" height=\"673\" srcset=\"https:\/\/elfederalmendoza.com.ar\/wp-content\/uploads\/2023\/04\/condor.jpg 802w, https:\/\/elfederalmendoza.com.ar\/wp-content\/uploads\/2023\/04\/condor-300x214.jpg 300w, https:\/\/elfederalmendoza.com.ar\/wp-content\/uploads\/2023\/04\/condor-768x548.jpg 768w\" sizes=\"auto, (max-width: 944px) 100vw, 944px\" \/><\/figure>\n\n\n\n<p><strong>A findes de diciembre de 2022<\/strong>, el gobierno de Mendoza anunci\u00f3 con bombos y platillos el comienzo de los\u00a0<strong>trabajos de restauraci\u00f3n del C\u00f3ndor del Nudo Vial<\/strong>. En esos d\u00edas, la ministra de Cultura y Turismo,\u00a0<strong>Nora Vicario<\/strong>, recibi\u00f3 a\u00a0<strong>Orlando Leytes<\/strong>, quien fue elegido para la puesta en valor de la emblem\u00e1tica obra, ubicada en el Acceso Este.<\/p>\n\n\n\n<p>El trabaj\u00f3 demor\u00f3 varios meses e implic\u00f3 el trabajo de ese especialista junto a dos ayudantes,\u00a0<strong>con una inversi\u00f3n de 9 millones de pesos.<\/strong><\/p>\n\n\n\n<p>\u00abEsto ya no se hace con yeso, sino con una mezcla de cemento y una sustancia plastificante que hace que el material sea impermeable, m\u00e1s s\u00f3lido pero a la vez, m\u00e1s liviano\u00bb, explic\u00f3.<\/p>\n\n\n\n<figure class=\"wp-block-image\"><img decoding=\"async\" src=\"https:\/\/media.diariouno.com.ar\/p\/eef747dddc212acc0f499b983feb7a11\/adjuntos\/298\/imagenes\/009\/147\/0009147564\/1200x0\/smart\/condor-cabeza-2jfif.jfif\" alt=\"La cabeza fue unida al cuerpo de la escultura a trav\u00e9s de una fuerte estructura de hierro. A la vez, se reforzaron los materiales de la composici\u00f3n del cuerpo. \"\/><\/figure>\n\n\n\n<p>La cabeza fue unida al cuerpo de la escultura a trav\u00e9s de una fuerte estructura de hierro. A la vez, se reforzaron los materiales de la composici\u00f3n del cuerpo. Orlando Leytes \/ Direcci\u00f3n de Patrimino de la Provincia<\/p>\n\n\n\n<p>Para esto,&nbsp;<strong>se reemplaz\u00f3 la malla met\u00e1lica<\/strong>&nbsp;sobre la que apoya esta aplicaci\u00f3n debido a que estaba muy oxidada. Todo esto va afirmado en una estructura que, al ingresar al interior del c\u00f3ndor, descubrieron que estaba en buenas condiciones.<\/p>\n\n\n\n<p>Por \u00faltimo, el funcionario cont\u00f3 que se aplic\u00f3 un\u00a0<strong>convertidor de \u00f3xido,<\/strong>\u00a0por lo que qued\u00f3 muy bien conservada, y el hierro que se utiliz\u00f3 fue de mayor envergadura que el anterior, similar al que sostiene las alas.<\/p>\n\n\n\n<p>Sin embargo, el resultado puede verse en la foto que ilustra esta nota, un verdadero desastre, seg\u00fan <strong><a href=\"https:\/\/mendozatoday.com.ar\/2023\/04\/25\/restaurarlo-costo-9-millones-de-pesos-y-asi-de-mal-quedo-el-condor-del-acceso-este\/\">Mendoza Today<\/a><\/strong>.\u00a0<strong>Parece un chiste, pero no lo es<\/strong>. De hecho, la indignaci\u00f3n se ha viralizado en redes sociales este mismo martes.<\/p>\n\n\n\n<blockquote class=\"twitter-tweet\"><p lang=\"es\" dir=\"ltr\">Esto sali\u00f3 9 millones de pesos????? <br>Como nos toman el pelo, son unos delincuentes <a href=\"https:\/\/t.co\/NgQTgDQkQy\">pic.twitter.com\/NgQTgDQkQy<\/a><\/p>&mdash; Gabriel Sotelo (@gabrielsotelo93) <a href=\"https:\/\/twitter.com\/gabrielsotelo93\/status\/1650914539272126502?ref_src=twsrc%5Etfw\">April 25, 2023<\/a><\/blockquote> <script async src=\"https:\/\/platform.twitter.com\/widgets.js\" charset=\"utf-8\"><\/script>\n","protected":false},"excerpt":{"rendered":"<p>Las obras de la escultura ya est\u00e1n en la cuarta etapa: s\u00f3lo queda una pendiente. El escultor Orlando Leytes coloc\u00f3 la cabeza y realiz\u00f3 una restauraci\u00f3n integral del cuerpo. Podr\u00eda estar lista en agosto o septiembre, pero las cr\u00edticas comenzaron a replicarse en las redes sociales. A findes de diciembre de 2022, el gobierno de<a class=\"read-more\" href=\"https:\/\/elfederalmendoza.com.ar\/index.php\/2023\/04\/26\/fotos-criticas-sobre-la-reparacion-de-el-condor-en-el-acceso-este-que-costo-9-millones-de-pesos\/\"> [&hellip;]<\/a><\/p>\n","protected":false},"author":2,"featured_media":22268,"comment_status":"open","ping_status":"open","sticky":false,"template":"","format":"standard","meta":{"footnotes":""},"categories":[1],"tags":[],"class_list":["post-22267","post","type-post","status-publish","format-standard","has-post-thumbnail","hentry","category-mza"],"rttpg_featured_image_url":{"full":["https:\/\/elfederalmendoza.com.ar\/wp-content\/uploads\/2023\/04\/el-condor.jpg",1055,595,false],"landscape":["https:\/\/elfederalmendoza.com.ar\/wp-content\/uploads\/2023\/04\/el-condor.jpg",1055,595,false],"portraits":["https:\/\/elfederalmendoza.com.ar\/wp-content\/uploads\/2023\/04\/el-condor.jpg",1055,595,false],"thumbnail":["https:\/\/elfederalmendoza.com.ar\/wp-content\/uploads\/2023\/04\/el-condor-150x150.jpg",150,150,true],"medium":["https:\/\/elfederalmendoza.com.ar\/wp-content\/uploads\/2023\/04\/el-condor-300x169.jpg",300,169,true],"large":["https:\/\/elfederalmendoza.com.ar\/wp-content\/uploads\/2023\/04\/el-condor-1024x578.jpg",640,361,true],"1536x1536":["https:\/\/elfederalmendoza.com.ar\/wp-content\/uploads\/2023\/04\/el-condor.jpg",1055,595,false],"2048x2048":["https:\/\/elfederalmendoza.com.ar\/wp-content\/uploads\/2023\/04\/el-condor.jpg",1055,595,false],"ultp_layout_landscape_large":["https:\/\/elfederalmendoza.com.ar\/wp-content\/uploads\/2023\/04\/el-condor.jpg",1055,595,false],"ultp_layout_landscape":["https:\/\/elfederalmendoza.com.ar\/wp-content\/uploads\/2023\/04\/el-condor-870x570.jpg",870,570,true],"ultp_layout_portrait":["https:\/\/elfederalmendoza.com.ar\/wp-content\/uploads\/2023\/04\/el-condor-600x595.jpg",600,595,true],"ultp_layout_square":["https:\/\/elfederalmendoza.com.ar\/wp-content\/uploads\/2023\/04\/el-condor-600x595.jpg",600,595,true],"rpwe-thumbnail":["https:\/\/elfederalmendoza.com.ar\/wp-content\/uploads\/2023\/04\/el-condor-45x45.jpg",45,45,true],"advps-thumb-one":["https:\/\/elfederalmendoza.com.ar\/wp-content\/uploads\/2023\/04\/el-condor-1055x420.jpg",1055,420,true]},"rttpg_author":{"display_name":"Redacci\u00f3n El Federal","author_link":"https:\/\/elfederalmendoza.com.ar\/index.php\/author\/angelflores\/"},"rttpg_comment":0,"rttpg_category":"<a href=\"https:\/\/elfederalmendoza.com.ar\/index.php\/category\/mza\/\" rel=\"category tag\">Mendoza<\/a>","rttpg_excerpt":"Las obras de la escultura ya est\u00e1n en la cuarta etapa: s\u00f3lo queda una pendiente. El escultor Orlando Leytes coloc\u00f3 la cabeza y realiz\u00f3 una restauraci\u00f3n integral del cuerpo. Podr\u00eda estar lista en agosto o septiembre, pero las cr\u00edticas comenzaron a replicarse en las redes sociales. A findes de diciembre de 2022, el gobierno de&hellip;","_links":{"self":[{"href":"https:\/\/elfederalmendoza.com.ar\/index.php\/wp-json\/wp\/v2\/posts\/22267","targetHints":{"allow":["GET"]}}],"collection":[{"href":"https:\/\/elfederalmendoza.com.ar\/index.php\/wp-json\/wp\/v2\/posts"}],"about":[{"href":"https:\/\/elfederalmendoza.com.ar\/index.php\/wp-json\/wp\/v2\/types\/post"}],"author":[{"embeddable":true,"href":"https:\/\/elfederalmendoza.com.ar\/index.php\/wp-json\/wp\/v2\/users\/2"}],"replies":[{"embeddable":true,"href":"https:\/\/elfederalmendoza.com.ar\/index.php\/wp-json\/wp\/v2\/comments?post=22267"}],"version-history":[{"count":1,"href":"https:\/\/elfederalmendoza.com.ar\/index.php\/wp-json\/wp\/v2\/posts\/22267\/revisions"}],"predecessor-version":[{"id":22271,"href":"https:\/\/elfederalmendoza.com.ar\/index.php\/wp-json\/wp\/v2\/posts\/22267\/revisions\/22271"}],"wp:featuredmedia":[{"embeddable":true,"href":"https:\/\/elfederalmendoza.com.ar\/index.php\/wp-json\/wp\/v2\/media\/22268"}],"wp:attachment":[{"href":"https:\/\/elfederalmendoza.com.ar\/index.php\/wp-json\/wp\/v2\/media?parent=22267"}],"wp:term":[{"taxonomy":"category","embeddable":true,"href":"https:\/\/elfederalmendoza.com.ar\/index.php\/wp-json\/wp\/v2\/categories?post=22267"},{"taxonomy":"post_tag","embeddable":true,"href":"https:\/\/elfederalmendoza.com.ar\/index.php\/wp-json\/wp\/v2\/tags?post=22267"}],"curies":[{"name":"wp","href":"https:\/\/api.w.org\/{rel}","templated":true}]}}