{"id":22269,"date":"2023-04-26T08:12:26","date_gmt":"2023-04-26T11:12:26","guid":{"rendered":"https:\/\/elfederalmendoza.com\/?p=22269"},"modified":"2023-04-26T08:45:54","modified_gmt":"2023-04-26T11:45:54","slug":"la-justicia-ordeno-desalojar-el-1-de-junio-el-dalviancito-un-asentamiento-de-rivadavia-en-el-que-viven-11-familias","status":"publish","type":"post","link":"https:\/\/elfederalmendoza.com.ar\/index.php\/2023\/04\/26\/la-justicia-ordeno-desalojar-el-1-de-junio-el-dalviancito-un-asentamiento-de-rivadavia-en-el-que-viven-11-familias\/","title":{"rendered":"La justicia orden\u00f3 desalojar el 1 de junio \u00abEl Dalviancito\u00bb, un asentamiento de Rivadavia en el que viven 11 familias"},"content":{"rendered":"\n<p>La\u00a0<strong>Justicia<\/strong>\u00a0decidi\u00f3 que el<strong>\u00a01 de junio\u00a0<\/strong>sean\u00a0<strong>desalojadas 11 familias<\/strong>\u00a0que forman parte del asentamiento conocido como\u00a0<strong>\u00abEl Dalviancito\u00bb,\u00a0<\/strong>ubicado en los terrenos de la<strong>\u00a0ex Gancia<\/strong>,<strong>\u00a0<\/strong>en el departamento de\u00a0<strong>Rivadavia<\/strong>.\u00a0<\/p>\n\n\n\n<p>La medida se concretar\u00e1 despu\u00e9s de a\u00f1os de que el&nbsp;<strong>propietario del terreno<\/strong>&nbsp;donde se encuentran las precarias viviendas radicara la primera denuncia y el reclamo pertinente para poder recuperar sus terrenos.&nbsp;<\/p>\n\n\n\n<p>Luego de que la jueza que lleva la causa emplaz\u00f3 a quienes construyeron en esa propiedad a que la abandonen antes de junio,<strong>&nbsp;la comuna&nbsp;<\/strong>ofreci\u00f3 soluciones habitacionales para que esas familias no queden literalmente en la calle.&nbsp;<\/p>\n\n\n\n<p>Seg\u00fan lo que explicaron al portal local&nbsp;<em>Meganoticias<\/em>, un abogado que responde a la&nbsp;<strong>Secretar\u00eda de Integraci\u00f3n Socio Urbana<\/strong>&nbsp;del&nbsp;<strong>Gobierno Nacional<\/strong>&nbsp;asesor\u00f3 a estos grupos familiares para que no abandonen la propiedad privada, ya que los hab\u00edan inscripto en el&nbsp;<strong>Registro Nacional de Barrios Populares<\/strong>&nbsp;(<strong>ReNaBaP<\/strong>). Esto implica que a trav\u00e9s de un&nbsp;<strong>recurso&nbsp;de amparo<\/strong>&nbsp;podr\u00eda evitar el desalojo, al menos por el momento.&nbsp;&nbsp;<\/p>\n\n\n\n<p>El viernes el Municipio realiz\u00f3 la<strong>\u00a0\u00faltima oferta\u00a0<\/strong>para que los vecinos de este asentamiento puedan acceder a lotes estatales en la<strong>\u00a0zona de San Isidro Sur<\/strong>. Quienes acepten tendr\u00e1n la posibilidad de acceder al terreno propio y a la bloquera para construir sus m\u00f3dulos, mediante el\u00a0<strong>programa municipal Construyo mi H\u00e1bitat<\/strong>. Caso contrario, deber\u00e1n aceptar la orden de la Justicia de derribar con una topadora las construcciones realizadas en la propiedad privada.\u00a0<\/p>\n\n\n\n<p><em>Fuente: Diario Mendoza<\/em><\/p>\n","protected":false},"excerpt":{"rendered":"<p>La\u00a0Justicia\u00a0decidi\u00f3 que el\u00a01 de junio\u00a0sean\u00a0desalojadas 11 familias\u00a0que forman parte del asentamiento conocido como\u00a0\u00abEl Dalviancito\u00bb,\u00a0ubicado en los terrenos de la\u00a0ex Gancia,\u00a0en el departamento de\u00a0Rivadavia.\u00a0 La medida se concretar\u00e1 despu\u00e9s de a\u00f1os de que el&nbsp;propietario del terreno&nbsp;donde se encuentran las precarias viviendas radicara la primera denuncia y el reclamo pertinente para poder recuperar sus terrenos.&nbsp; Luego de<a class=\"read-more\" href=\"https:\/\/elfederalmendoza.com.ar\/index.php\/2023\/04\/26\/la-justicia-ordeno-desalojar-el-1-de-junio-el-dalviancito-un-asentamiento-de-rivadavia-en-el-que-viven-11-familias\/\"> [&hellip;]<\/a><\/p>\n","protected":false},"author":2,"featured_media":22272,"comment_status":"open","ping_status":"open","sticky":false,"template":"","format":"standard","meta":{"footnotes":""},"categories":[1],"tags":[],"class_list":["post-22269","post","type-post","status-publish","format-standard","has-post-thumbnail","hentry","category-mza"],"rttpg_featured_image_url":{"full":["https:\/\/elfederalmendoza.com.ar\/wp-content\/uploads\/2023\/04\/multimedia.normal.945fc94198244add.494d472d32303230313230322d5741303034395f6e6f726d616c2e6a7067.jpg",1280,720,false],"landscape":["https:\/\/elfederalmendoza.com.ar\/wp-content\/uploads\/2023\/04\/multimedia.normal.945fc94198244add.494d472d32303230313230322d5741303034395f6e6f726d616c2e6a7067.jpg",1280,720,false],"portraits":["https:\/\/elfederalmendoza.com.ar\/wp-content\/uploads\/2023\/04\/multimedia.normal.945fc94198244add.494d472d32303230313230322d5741303034395f6e6f726d616c2e6a7067.jpg",1280,720,false],"thumbnail":["https:\/\/elfederalmendoza.com.ar\/wp-content\/uploads\/2023\/04\/multimedia.normal.945fc94198244add.494d472d32303230313230322d5741303034395f6e6f726d616c2e6a7067-150x150.jpg",150,150,true],"medium":["https:\/\/elfederalmendoza.com.ar\/wp-content\/uploads\/2023\/04\/multimedia.normal.945fc94198244add.494d472d32303230313230322d5741303034395f6e6f726d616c2e6a7067-300x169.jpg",300,169,true],"large":["https:\/\/elfederalmendoza.com.ar\/wp-content\/uploads\/2023\/04\/multimedia.normal.945fc94198244add.494d472d32303230313230322d5741303034395f6e6f726d616c2e6a7067-1024x576.jpg",640,360,true],"1536x1536":["https:\/\/elfederalmendoza.com.ar\/wp-content\/uploads\/2023\/04\/multimedia.normal.945fc94198244add.494d472d32303230313230322d5741303034395f6e6f726d616c2e6a7067.jpg",1280,720,false],"2048x2048":["https:\/\/elfederalmendoza.com.ar\/wp-content\/uploads\/2023\/04\/multimedia.normal.945fc94198244add.494d472d32303230313230322d5741303034395f6e6f726d616c2e6a7067.jpg",1280,720,false],"ultp_layout_landscape_large":["https:\/\/elfederalmendoza.com.ar\/wp-content\/uploads\/2023\/04\/multimedia.normal.945fc94198244add.494d472d32303230313230322d5741303034395f6e6f726d616c2e6a7067-1200x720.jpg",1200,720,true],"ultp_layout_landscape":["https:\/\/elfederalmendoza.com.ar\/wp-content\/uploads\/2023\/04\/multimedia.normal.945fc94198244add.494d472d32303230313230322d5741303034395f6e6f726d616c2e6a7067-870x570.jpg",870,570,true],"ultp_layout_portrait":["https:\/\/elfederalmendoza.com.ar\/wp-content\/uploads\/2023\/04\/multimedia.normal.945fc94198244add.494d472d32303230313230322d5741303034395f6e6f726d616c2e6a7067-600x720.jpg",600,720,true],"ultp_layout_square":["https:\/\/elfederalmendoza.com.ar\/wp-content\/uploads\/2023\/04\/multimedia.normal.945fc94198244add.494d472d32303230313230322d5741303034395f6e6f726d616c2e6a7067-600x600.jpg",600,600,true],"rpwe-thumbnail":["https:\/\/elfederalmendoza.com.ar\/wp-content\/uploads\/2023\/04\/multimedia.normal.945fc94198244add.494d472d32303230313230322d5741303034395f6e6f726d616c2e6a7067-45x45.jpg",45,45,true],"advps-thumb-one":["https:\/\/elfederalmendoza.com.ar\/wp-content\/uploads\/2023\/04\/multimedia.normal.945fc94198244add.494d472d32303230313230322d5741303034395f6e6f726d616c2e6a7067-1200x420.jpg",1200,420,true]},"rttpg_author":{"display_name":"Redacci\u00f3n El Federal","author_link":"https:\/\/elfederalmendoza.com.ar\/index.php\/author\/angelflores\/"},"rttpg_comment":0,"rttpg_category":"<a href=\"https:\/\/elfederalmendoza.com.ar\/index.php\/category\/mza\/\" rel=\"category tag\">Mendoza<\/a>","rttpg_excerpt":"La\u00a0Justicia\u00a0decidi\u00f3 que el\u00a01 de junio\u00a0sean\u00a0desalojadas 11 familias\u00a0que forman parte del asentamiento conocido como\u00a0\u00abEl Dalviancito\u00bb,\u00a0ubicado en los terrenos de la\u00a0ex Gancia,\u00a0en el departamento de\u00a0Rivadavia.\u00a0 La medida se concretar\u00e1 despu\u00e9s de a\u00f1os de que el&nbsp;propietario del terreno&nbsp;donde se encuentran las precarias viviendas radicara la primera denuncia y el reclamo pertinente para poder recuperar sus terrenos.&nbsp; Luego de&hellip;","_links":{"self":[{"href":"https:\/\/elfederalmendoza.com.ar\/index.php\/wp-json\/wp\/v2\/posts\/22269","targetHints":{"allow":["GET"]}}],"collection":[{"href":"https:\/\/elfederalmendoza.com.ar\/index.php\/wp-json\/wp\/v2\/posts"}],"about":[{"href":"https:\/\/elfederalmendoza.com.ar\/index.php\/wp-json\/wp\/v2\/types\/post"}],"author":[{"embeddable":true,"href":"https:\/\/elfederalmendoza.com.ar\/index.php\/wp-json\/wp\/v2\/users\/2"}],"replies":[{"embeddable":true,"href":"https:\/\/elfederalmendoza.com.ar\/index.php\/wp-json\/wp\/v2\/comments?post=22269"}],"version-history":[{"count":3,"href":"https:\/\/elfederalmendoza.com.ar\/index.php\/wp-json\/wp\/v2\/posts\/22269\/revisions"}],"predecessor-version":[{"id":22279,"href":"https:\/\/elfederalmendoza.com.ar\/index.php\/wp-json\/wp\/v2\/posts\/22269\/revisions\/22279"}],"wp:featuredmedia":[{"embeddable":true,"href":"https:\/\/elfederalmendoza.com.ar\/index.php\/wp-json\/wp\/v2\/media\/22272"}],"wp:attachment":[{"href":"https:\/\/elfederalmendoza.com.ar\/index.php\/wp-json\/wp\/v2\/media?parent=22269"}],"wp:term":[{"taxonomy":"category","embeddable":true,"href":"https:\/\/elfederalmendoza.com.ar\/index.php\/wp-json\/wp\/v2\/categories?post=22269"},{"taxonomy":"post_tag","embeddable":true,"href":"https:\/\/elfederalmendoza.com.ar\/index.php\/wp-json\/wp\/v2\/tags?post=22269"}],"curies":[{"name":"wp","href":"https:\/\/api.w.org\/{rel}","templated":true}]}}