{"id":22274,"date":"2023-04-26T08:14:35","date_gmt":"2023-04-26T11:14:35","guid":{"rendered":"https:\/\/elfederalmendoza.com\/?p=22274"},"modified":"2023-04-26T08:14:35","modified_gmt":"2023-04-26T11:14:35","slug":"cayo-una-banda-de-ladrones-que-se-hacian-pasar-por-policias-en-el-gran-mendoza-sospechan-que-mataron-a-un-comerciante","status":"publish","type":"post","link":"https:\/\/elfederalmendoza.com.ar\/index.php\/2023\/04\/26\/cayo-una-banda-de-ladrones-que-se-hacian-pasar-por-policias-en-el-gran-mendoza-sospechan-que-mataron-a-un-comerciante\/","title":{"rendered":"Cay\u00f3 una banda de ladrones que se hac\u00edan pasar por polic\u00edas en el Gran Mendoza: sospechan que mataron a un comerciante"},"content":{"rendered":"\n<p>Efectivos de la<strong>&nbsp;Divisi\u00f3n Robos y Hurtos de Investigaciones&nbsp;<\/strong>detuvieron a los presuntos integrantes de una banda de asaltantes que se hac\u00eda pasar por polic\u00edas en el Gran Mendoza. Producto de las medidas,&nbsp;<mark>tres sospechosos quedaron a disposici\u00f3n de la Justicia y secuestraron diversos elementos que los complican con los hechos denunciados<\/mark>.<\/p>\n\n\n\n<p>La informaci\u00f3n policial se\u00f1ala que los capturados estaban estrechamente ligados con uno de los imputados por el ataque al due\u00f1o del lubricentro Penta de Guaymall\u00e9n, asesinado a golpes y un balazo en febrero durante un asalto.<\/p>\n\n\n\n<p>Este martes, los polic\u00edas realizaron cinco allanamientos que ten\u00edan como objetivo la b\u00fasqueda de malvivientes del hampa delictiva con un extenso prontuario de hechos contra la propiedad, en particular&nbsp;<mark>asaltos en los que se hac\u00eda pasar por personal policial.<\/mark><\/p>\n\n\n\n<p>Estos individuos se movilizan en la zona del departamento de Guaymall\u00e9n, especialmente en el \u00e1rea conocida como \u201cLa Tormenta\u201d, el barrio Kil\u00f3metro 11 y zonas aleda\u00f1as. Los testigos aportaron a los detectives que, durante los hechos, gritaban&nbsp;<em>\u201cpolic\u00eda, esto es un allanamiento, d\u00f3nde est\u00e1 la plata\u201d<\/em>.<\/p>\n\n\n<div class=\"wp-block-image\">\n<figure class=\"aligncenter size-full\"><img loading=\"lazy\" decoding=\"async\" width=\"1024\" height=\"576\" src=\"https:\/\/elfederalmendoza.com\/wp-content\/uploads\/2023\/04\/WhatsApp-Image-2023-04-25-at-16.46.09-1.webp\" alt=\"\" class=\"wp-image-22276\" srcset=\"https:\/\/elfederalmendoza.com.ar\/wp-content\/uploads\/2023\/04\/WhatsApp-Image-2023-04-25-at-16.46.09-1.webp 1024w, https:\/\/elfederalmendoza.com.ar\/wp-content\/uploads\/2023\/04\/WhatsApp-Image-2023-04-25-at-16.46.09-1-300x169.webp 300w, https:\/\/elfederalmendoza.com.ar\/wp-content\/uploads\/2023\/04\/WhatsApp-Image-2023-04-25-at-16.46.09-1-768x432.webp 768w\" sizes=\"auto, (max-width: 1024px) 100vw, 1024px\" \/><\/figure><\/div>\n\n\n<p>La banda a la que pertenecen, sostiene la instrucci\u00f3n que qued\u00f3 en manos del fiscal de Robos y Hurtos\u00a0<strong>Juliana Labayru<\/strong>, estaba liderada por el delincuente apodado \u201cCubito\u201d \u2013<strong>Brian Ezequiel Garro<\/strong>-, quien se transform\u00f3 en el primer detenido que tuvo la causa por el asesinato de Mart\u00edn Salzmann, perpetrado la tarde del 16 de febrero en su local de calle Mitre casi Mathus Hoyos de Guaymall\u00e9n.<\/p>\n\n\n\n<p>La nueva investigaci\u00f3n que llev\u00f3 a estas medidas judiciales se origin\u00f3 a ra\u00edz de un&nbsp;<mark>robo agravado ocurrido el 14 de abril, en el que cinco individuos vestidos con uniformes policiales ingresaron a un domicilio en Rodeo del Medio<\/mark>, en Maip\u00fa, amenazando a los moradores y sustrayendo pertenencias, entre ellas una importante suma de dinero.&nbsp;<mark>Los delincuentes incluso intentaron llevarse en un auto blanco a la hija menor de la familia, de apenas 6 a\u00f1os.<\/mark><\/p>\n\n\n\n<p>La pesquisa agrega que estos sujetos tambi\u00e9n podr\u00edan estar implicados en otro robo agravado en la misma modalidad, ocurrido el 5 de abril en calle Alfonsina Storni de Guaymall\u00e9n, en el que se\u00a0<strong>sustrajeron 500.000 pesos<\/strong>, relojes y celulares de los moradores del domicilio. Tambi\u00e9n se llevaron un veh\u00edculo y lo dejaron abandonado a los pocos minutos del hecho de inseguridad.<\/p>\n\n\n\n<p>Luego de tareas investigativas llevadas a cabo durante varios d\u00edas, se solicitaron las medidas judiciales correspondientes, que arrojaron el resultado de varios detenidos y secuestro de elementos de inter\u00e9s para la causa. Los sospechosos que quedaron a disposici\u00f3n de la Justicia fueron&nbsp;<strong>Brian&nbsp;<em>Chapita&nbsp;<\/em>Loyola<\/strong>,&nbsp;<strong>Franco&nbsp;<em>Conejo&nbsp;<\/em>Herrera<\/strong>&nbsp;(ambos con antecedentes por delitos contra la propiedad) y joven de 18 a\u00f1os identificado&nbsp;<strong>Luciano Puebla<\/strong>, conocido como el&nbsp;<em>Ni\u00f1o<\/em>.<\/p>\n\n\n\n<p>Por su parte, una mujer qued\u00f3 a disposici\u00f3n de la Justicia federal por el hallazgo de frascos con cannabis sativa.<\/p>\n\n\n\n<p><em>Fuente: El Sol<\/em><\/p>\n\n\n\n<p><\/p>\n","protected":false},"excerpt":{"rendered":"<p>Efectivos de la&nbsp;Divisi\u00f3n Robos y Hurtos de Investigaciones&nbsp;detuvieron a los presuntos integrantes de una banda de asaltantes que se hac\u00eda pasar por polic\u00edas en el Gran Mendoza. Producto de las medidas,&nbsp;tres sospechosos quedaron a disposici\u00f3n de la Justicia y secuestraron diversos elementos que los complican con los hechos denunciados. La informaci\u00f3n policial se\u00f1ala que los<a class=\"read-more\" href=\"https:\/\/elfederalmendoza.com.ar\/index.php\/2023\/04\/26\/cayo-una-banda-de-ladrones-que-se-hacian-pasar-por-policias-en-el-gran-mendoza-sospechan-que-mataron-a-un-comerciante\/\"> [&hellip;]<\/a><\/p>\n","protected":false},"author":2,"featured_media":22275,"comment_status":"open","ping_status":"open","sticky":false,"template":"","format":"standard","meta":{"footnotes":""},"categories":[1],"tags":[],"class_list":["post-22274","post","type-post","status-publish","format-standard","has-post-thumbnail","hentry","category-mza"],"rttpg_featured_image_url":{"full":["https:\/\/elfederalmendoza.com.ar\/wp-content\/uploads\/2023\/04\/WhatsApp-Image-2023-04-25-at-16.45.52-rotated-1.webp",1200,675,false],"landscape":["https:\/\/elfederalmendoza.com.ar\/wp-content\/uploads\/2023\/04\/WhatsApp-Image-2023-04-25-at-16.45.52-rotated-1.webp",1200,675,false],"portraits":["https:\/\/elfederalmendoza.com.ar\/wp-content\/uploads\/2023\/04\/WhatsApp-Image-2023-04-25-at-16.45.52-rotated-1.webp",1200,675,false],"thumbnail":["https:\/\/elfederalmendoza.com.ar\/wp-content\/uploads\/2023\/04\/WhatsApp-Image-2023-04-25-at-16.45.52-rotated-1-150x150.webp",150,150,true],"medium":["https:\/\/elfederalmendoza.com.ar\/wp-content\/uploads\/2023\/04\/WhatsApp-Image-2023-04-25-at-16.45.52-rotated-1-300x169.webp",300,169,true],"large":["https:\/\/elfederalmendoza.com.ar\/wp-content\/uploads\/2023\/04\/WhatsApp-Image-2023-04-25-at-16.45.52-rotated-1-1024x576.webp",640,360,true],"1536x1536":["https:\/\/elfederalmendoza.com.ar\/wp-content\/uploads\/2023\/04\/WhatsApp-Image-2023-04-25-at-16.45.52-rotated-1.webp",1200,675,false],"2048x2048":["https:\/\/elfederalmendoza.com.ar\/wp-content\/uploads\/2023\/04\/WhatsApp-Image-2023-04-25-at-16.45.52-rotated-1.webp",1200,675,false],"ultp_layout_landscape_large":["https:\/\/elfederalmendoza.com.ar\/wp-content\/uploads\/2023\/04\/WhatsApp-Image-2023-04-25-at-16.45.52-rotated-1.webp",1200,675,false],"ultp_layout_landscape":["https:\/\/elfederalmendoza.com.ar\/wp-content\/uploads\/2023\/04\/WhatsApp-Image-2023-04-25-at-16.45.52-rotated-1-870x570.webp",870,570,true],"ultp_layout_portrait":["https:\/\/elfederalmendoza.com.ar\/wp-content\/uploads\/2023\/04\/WhatsApp-Image-2023-04-25-at-16.45.52-rotated-1-600x675.webp",600,675,true],"ultp_layout_square":["https:\/\/elfederalmendoza.com.ar\/wp-content\/uploads\/2023\/04\/WhatsApp-Image-2023-04-25-at-16.45.52-rotated-1-600x600.webp",600,600,true],"rpwe-thumbnail":["https:\/\/elfederalmendoza.com.ar\/wp-content\/uploads\/2023\/04\/WhatsApp-Image-2023-04-25-at-16.45.52-rotated-1-45x45.webp",45,45,true],"advps-thumb-one":["https:\/\/elfederalmendoza.com.ar\/wp-content\/uploads\/2023\/04\/WhatsApp-Image-2023-04-25-at-16.45.52-rotated-1-1200x420.webp",1200,420,true]},"rttpg_author":{"display_name":"Redacci\u00f3n El Federal","author_link":"https:\/\/elfederalmendoza.com.ar\/index.php\/author\/angelflores\/"},"rttpg_comment":0,"rttpg_category":"<a href=\"https:\/\/elfederalmendoza.com.ar\/index.php\/category\/mza\/\" rel=\"category tag\">Mendoza<\/a>","rttpg_excerpt":"Efectivos de la&nbsp;Divisi\u00f3n Robos y Hurtos de Investigaciones&nbsp;detuvieron a los presuntos integrantes de una banda de asaltantes que se hac\u00eda pasar por polic\u00edas en el Gran Mendoza. Producto de las medidas,&nbsp;tres sospechosos quedaron a disposici\u00f3n de la Justicia y secuestraron diversos elementos que los complican con los hechos denunciados. La informaci\u00f3n policial se\u00f1ala que los&hellip;","_links":{"self":[{"href":"https:\/\/elfederalmendoza.com.ar\/index.php\/wp-json\/wp\/v2\/posts\/22274","targetHints":{"allow":["GET"]}}],"collection":[{"href":"https:\/\/elfederalmendoza.com.ar\/index.php\/wp-json\/wp\/v2\/posts"}],"about":[{"href":"https:\/\/elfederalmendoza.com.ar\/index.php\/wp-json\/wp\/v2\/types\/post"}],"author":[{"embeddable":true,"href":"https:\/\/elfederalmendoza.com.ar\/index.php\/wp-json\/wp\/v2\/users\/2"}],"replies":[{"embeddable":true,"href":"https:\/\/elfederalmendoza.com.ar\/index.php\/wp-json\/wp\/v2\/comments?post=22274"}],"version-history":[{"count":1,"href":"https:\/\/elfederalmendoza.com.ar\/index.php\/wp-json\/wp\/v2\/posts\/22274\/revisions"}],"predecessor-version":[{"id":22277,"href":"https:\/\/elfederalmendoza.com.ar\/index.php\/wp-json\/wp\/v2\/posts\/22274\/revisions\/22277"}],"wp:featuredmedia":[{"embeddable":true,"href":"https:\/\/elfederalmendoza.com.ar\/index.php\/wp-json\/wp\/v2\/media\/22275"}],"wp:attachment":[{"href":"https:\/\/elfederalmendoza.com.ar\/index.php\/wp-json\/wp\/v2\/media?parent=22274"}],"wp:term":[{"taxonomy":"category","embeddable":true,"href":"https:\/\/elfederalmendoza.com.ar\/index.php\/wp-json\/wp\/v2\/categories?post=22274"},{"taxonomy":"post_tag","embeddable":true,"href":"https:\/\/elfederalmendoza.com.ar\/index.php\/wp-json\/wp\/v2\/tags?post=22274"}],"curies":[{"name":"wp","href":"https:\/\/api.w.org\/{rel}","templated":true}]}}