{"id":22280,"date":"2023-04-26T09:06:26","date_gmt":"2023-04-26T12:06:26","guid":{"rendered":"https:\/\/elfederalmendoza.com\/?p=22280"},"modified":"2023-04-26T09:06:39","modified_gmt":"2023-04-26T12:06:39","slug":"los-supermercados-mayoristas-de-mendoza-se-llenaron-en-medio-de-la-corrida-del-dolar-blue","status":"publish","type":"post","link":"https:\/\/elfederalmendoza.com.ar\/index.php\/2023\/04\/26\/los-supermercados-mayoristas-de-mendoza-se-llenaron-en-medio-de-la-corrida-del-dolar-blue\/","title":{"rendered":"Los supermercados mayoristas de Mendoza se llenaron en medio de la corrida del d\u00f3lar blue"},"content":{"rendered":"\n<p>La disparada del&nbsp;<strong>d\u00f3lar blue<\/strong>&nbsp;preocup\u00f3 a los mendocinos y muchos decidieron stockearse ante la incertidumbre cambiaria. En los&nbsp;<strong>supermercados<\/strong>&nbsp;<strong>mayoristas,&nbsp;<\/strong>una gran cantidad de consumidores abarrotaba los carros con productos de primera necesidad.<\/p>\n\n\n\n<p>La escena era una continuidad del fin de semana, pero con los turistas chilenos que se vieron beneficiados por el cambio. Las principales compras de los trasandinos fueron los productos alimenticios y de limpieza. Las g\u00f3ndolas quedaron pr\u00e1cticamente vac\u00edas.<\/p>\n\n\n\n<p>En un martes donde el valor informal de la moneda trep\u00f3 casi a los 500 pesos, los mendocinos decidieron abastecerse ante inminentes subas de precios y el stockeo de las grandes cadenas.<\/p>\n\n\n\n<p>En el ingreso a uno de los mayoristas que se ubica en Godoy Cruz, se observ\u00f3 una larga fila de carros que cruzaba todo el local. En la mayor\u00eda se pod\u00eda observar que llevaban bolsones de rollos de papel higi\u00e9nico y de cocina, aceite, fideos, arroz y art\u00edculos de limpieza.<\/p>\n\n\n\n<p><em>\u201cMe enter\u00e9 por las noticias que hab\u00eda subido el d\u00f3lar y como est\u00e1 la cosa prefiero abastecerme, antes de que se vaya todo al demonio\u201d,\u00a0<\/em>explic\u00f3 una jubilada a<em>\u00a0El Sol.<\/em><\/p>\n\n\n\n<h2 class=\"wp-block-heading\" id=\"h-las-diferencias-de-precios\"><strong>Las diferencias de precios<\/strong><\/h2>\n\n\n\n<p>En los mayoristas, la<strong>&nbsp;leche<\/strong>&nbsp;de primera marcha tiene un valor de 335 pesos la unidad, en cambio, si llevan un pack de seis el costo es de 359 pesos. En tanto que en el supermercado, el producto de la misma marca tiene un precio de 327 pesos.<\/p>\n\n\n\n<p>En el caso de la lavandina, el valor es de 362 pesos en el mayorista, mientras que en el supermercado es de 739 pesos, la misma marca y misma cantidad de litros en el recipiente.<\/p>\n\n\n\n<p>Un pack de fideos -cuatro unidades- costaba 209 pesos, en tanto que un s\u00f3lo paquete oscilaba en los 227 pesos, en el mayorista. En cambio, en el hipermercado los productos de primera marca rondan los 1.122 pesos y los de segunda tienen un costo de 239 pesos.<\/p>\n\n\n\n<p>El pack de rollo de cocina en los mayoristas sale 328 pesos y 423 pesos el papel higi\u00e9nico. En tanto que en los supermercados tienen un valor de 1.136 pesos y 918 pesos, respectivamente.<\/p>\n\n\n\n<p>En tanto que la caja de aceite de seis unidades ronda los 1.400 pesos y se pueden adquirir en cantidad, en los supermercados s\u00f3lo venden dos por grupo familiar y oscilan los 643 pesos.<\/p>\n\n\n\n<p>El detergente no tiene mucha variedad de precios en los mayoristas y en los supermercados. El valor por unidad es de 816 y en caso de llevar tres art\u00edculos el costo es de 811 pesos. Lo mismo sucede con el detergente en polvo para lavar que tiene un valor de 326 pesos.<\/p>\n\n\n\n<p>El arroz es uno de los que m\u00e1s subi\u00f3 en el \u00faltimo mes y el precio es de 359 pesos en el hipermercado, en cambio, en los mayoristas el valor de la caja de seis art\u00edculos ronda los 800 pesos.<\/p>\n\n\n\n<p>El jab\u00f3n de tocador tambi\u00e9n tuvo una disparada y ronda los 155 pesos.<\/p>\n\n\n\n<h2 class=\"wp-block-heading\">Las marcas desconocidas abundan y escasean los de Precios Cuidados<\/h2>\n\n\n\n<p>&nbsp;Los productos de segunda y tercera marca abundan en los supermercados mendocinos. Se trata de marcas desconocidas que no poseen mucha diferencia de precios con los de primera marca.<\/p>\n\n\n\n<p>Esta situaci\u00f3n gener\u00f3 rechazo de los consumidores, quienes aseguraron que desconocen la procedencia de la mayor\u00eda y optaron por evitar comprarlos.<\/p>\n\n\n\n<p>Otra de las quejas que expresaron los mendocinos es que hab\u00eda un gran faltante de productos que pertenecen a la lista de<strong>&nbsp;Precios Cuidados<\/strong>. En una recorrida entre las g\u00f3ndolas, se pod\u00eda ver el cartel indicatorio, pero no el art\u00edculo en cuesti\u00f3n.<\/p>\n\n\n\n<p>Adem\u00e1s, se pudo ver un gran faltante de l\u00e1cteos en las heladeras y s\u00f3lo hab\u00eda en ellas un cartel que rezaba que en alg\u00fan momento en ese lugar hab\u00eda queso cremoso, yogurt, leche, entre otros art\u00edculos.<\/p>\n\n\n\n<p><em>Fuente: El Sol<\/em><\/p>\n","protected":false},"excerpt":{"rendered":"<p>La disparada del&nbsp;d\u00f3lar blue&nbsp;preocup\u00f3 a los mendocinos y muchos decidieron stockearse ante la incertidumbre cambiaria. En los&nbsp;supermercados&nbsp;mayoristas,&nbsp;una gran cantidad de consumidores abarrotaba los carros con productos de primera necesidad. La escena era una continuidad del fin de semana, pero con los turistas chilenos que se vieron beneficiados por el cambio. Las principales compras de los<a class=\"read-more\" href=\"https:\/\/elfederalmendoza.com.ar\/index.php\/2023\/04\/26\/los-supermercados-mayoristas-de-mendoza-se-llenaron-en-medio-de-la-corrida-del-dolar-blue\/\"> [&hellip;]<\/a><\/p>\n","protected":false},"author":2,"featured_media":22281,"comment_status":"open","ping_status":"open","sticky":false,"template":"","format":"standard","meta":{"footnotes":""},"categories":[1],"tags":[],"class_list":["post-22280","post","type-post","status-publish","format-standard","has-post-thumbnail","hentry","category-mza"],"rttpg_featured_image_url":{"full":["https:\/\/elfederalmendoza.com.ar\/wp-content\/uploads\/2023\/04\/13-08-2019-NEUQUEN-SUPERMERCADO-MAYORISTA-MAKRO-MAURO-PEREZDSC_1251-scaled.jpg",2560,1518,false],"landscape":["https:\/\/elfederalmendoza.com.ar\/wp-content\/uploads\/2023\/04\/13-08-2019-NEUQUEN-SUPERMERCADO-MAYORISTA-MAKRO-MAURO-PEREZDSC_1251-scaled.jpg",2560,1518,false],"portraits":["https:\/\/elfederalmendoza.com.ar\/wp-content\/uploads\/2023\/04\/13-08-2019-NEUQUEN-SUPERMERCADO-MAYORISTA-MAKRO-MAURO-PEREZDSC_1251-scaled.jpg",2560,1518,false],"thumbnail":["https:\/\/elfederalmendoza.com.ar\/wp-content\/uploads\/2023\/04\/13-08-2019-NEUQUEN-SUPERMERCADO-MAYORISTA-MAKRO-MAURO-PEREZDSC_1251-150x150.jpg",150,150,true],"medium":["https:\/\/elfederalmendoza.com.ar\/wp-content\/uploads\/2023\/04\/13-08-2019-NEUQUEN-SUPERMERCADO-MAYORISTA-MAKRO-MAURO-PEREZDSC_1251-300x178.jpg",300,178,true],"large":["https:\/\/elfederalmendoza.com.ar\/wp-content\/uploads\/2023\/04\/13-08-2019-NEUQUEN-SUPERMERCADO-MAYORISTA-MAKRO-MAURO-PEREZDSC_1251-1024x607.jpg",640,379,true],"1536x1536":["https:\/\/elfederalmendoza.com.ar\/wp-content\/uploads\/2023\/04\/13-08-2019-NEUQUEN-SUPERMERCADO-MAYORISTA-MAKRO-MAURO-PEREZDSC_1251-1536x911.jpg",1536,911,true],"2048x2048":["https:\/\/elfederalmendoza.com.ar\/wp-content\/uploads\/2023\/04\/13-08-2019-NEUQUEN-SUPERMERCADO-MAYORISTA-MAKRO-MAURO-PEREZDSC_1251-2048x1214.jpg",2048,1214,true],"ultp_layout_landscape_large":["https:\/\/elfederalmendoza.com.ar\/wp-content\/uploads\/2023\/04\/13-08-2019-NEUQUEN-SUPERMERCADO-MAYORISTA-MAKRO-MAURO-PEREZDSC_1251-1200x800.jpg",1200,800,true],"ultp_layout_landscape":["https:\/\/elfederalmendoza.com.ar\/wp-content\/uploads\/2023\/04\/13-08-2019-NEUQUEN-SUPERMERCADO-MAYORISTA-MAKRO-MAURO-PEREZDSC_1251-870x570.jpg",870,570,true],"ultp_layout_portrait":["https:\/\/elfederalmendoza.com.ar\/wp-content\/uploads\/2023\/04\/13-08-2019-NEUQUEN-SUPERMERCADO-MAYORISTA-MAKRO-MAURO-PEREZDSC_1251-600x900.jpg",600,900,true],"ultp_layout_square":["https:\/\/elfederalmendoza.com.ar\/wp-content\/uploads\/2023\/04\/13-08-2019-NEUQUEN-SUPERMERCADO-MAYORISTA-MAKRO-MAURO-PEREZDSC_1251-600x600.jpg",600,600,true],"rpwe-thumbnail":["https:\/\/elfederalmendoza.com.ar\/wp-content\/uploads\/2023\/04\/13-08-2019-NEUQUEN-SUPERMERCADO-MAYORISTA-MAKRO-MAURO-PEREZDSC_1251-45x45.jpg",45,45,true],"advps-thumb-one":["https:\/\/elfederalmendoza.com.ar\/wp-content\/uploads\/2023\/04\/13-08-2019-NEUQUEN-SUPERMERCADO-MAYORISTA-MAKRO-MAURO-PEREZDSC_1251-1200x420.jpg",1200,420,true]},"rttpg_author":{"display_name":"Redacci\u00f3n El Federal","author_link":"https:\/\/elfederalmendoza.com.ar\/index.php\/author\/angelflores\/"},"rttpg_comment":0,"rttpg_category":"<a href=\"https:\/\/elfederalmendoza.com.ar\/index.php\/category\/mza\/\" rel=\"category tag\">Mendoza<\/a>","rttpg_excerpt":"La disparada del&nbsp;d\u00f3lar blue&nbsp;preocup\u00f3 a los mendocinos y muchos decidieron stockearse ante la incertidumbre cambiaria. En los&nbsp;supermercados&nbsp;mayoristas,&nbsp;una gran cantidad de consumidores abarrotaba los carros con productos de primera necesidad. La escena era una continuidad del fin de semana, pero con los turistas chilenos que se vieron beneficiados por el cambio. Las principales compras de los&hellip;","_links":{"self":[{"href":"https:\/\/elfederalmendoza.com.ar\/index.php\/wp-json\/wp\/v2\/posts\/22280","targetHints":{"allow":["GET"]}}],"collection":[{"href":"https:\/\/elfederalmendoza.com.ar\/index.php\/wp-json\/wp\/v2\/posts"}],"about":[{"href":"https:\/\/elfederalmendoza.com.ar\/index.php\/wp-json\/wp\/v2\/types\/post"}],"author":[{"embeddable":true,"href":"https:\/\/elfederalmendoza.com.ar\/index.php\/wp-json\/wp\/v2\/users\/2"}],"replies":[{"embeddable":true,"href":"https:\/\/elfederalmendoza.com.ar\/index.php\/wp-json\/wp\/v2\/comments?post=22280"}],"version-history":[{"count":2,"href":"https:\/\/elfederalmendoza.com.ar\/index.php\/wp-json\/wp\/v2\/posts\/22280\/revisions"}],"predecessor-version":[{"id":22283,"href":"https:\/\/elfederalmendoza.com.ar\/index.php\/wp-json\/wp\/v2\/posts\/22280\/revisions\/22283"}],"wp:featuredmedia":[{"embeddable":true,"href":"https:\/\/elfederalmendoza.com.ar\/index.php\/wp-json\/wp\/v2\/media\/22281"}],"wp:attachment":[{"href":"https:\/\/elfederalmendoza.com.ar\/index.php\/wp-json\/wp\/v2\/media?parent=22280"}],"wp:term":[{"taxonomy":"category","embeddable":true,"href":"https:\/\/elfederalmendoza.com.ar\/index.php\/wp-json\/wp\/v2\/categories?post=22280"},{"taxonomy":"post_tag","embeddable":true,"href":"https:\/\/elfederalmendoza.com.ar\/index.php\/wp-json\/wp\/v2\/tags?post=22280"}],"curies":[{"name":"wp","href":"https:\/\/api.w.org\/{rel}","templated":true}]}}