{"id":22293,"date":"2023-04-27T08:51:05","date_gmt":"2023-04-27T11:51:05","guid":{"rendered":"https:\/\/elfederalmendoza.com\/?p=22293"},"modified":"2023-04-27T09:49:05","modified_gmt":"2023-04-27T12:49:05","slug":"jose-luis-espert-de-avanza-libertad-ingreso-a-juntos-por-el-cambio-y-fortalecio-a-la-oposicion-para-las-elecciones","status":"publish","type":"post","link":"https:\/\/elfederalmendoza.com.ar\/index.php\/2023\/04\/27\/jose-luis-espert-de-avanza-libertad-ingreso-a-juntos-por-el-cambio-y-fortalecio-a-la-oposicion-para-las-elecciones\/","title":{"rendered":"Jos\u00e9 Luis Espert, de Avanza Libertad, ingres\u00f3 a Juntos por el Cambio y fortaleci\u00f3 a la oposici\u00f3n para las elecciones"},"content":{"rendered":"\n<p>El diputado y l\u00edder de la Avanza Libertad,\u00a0<strong>Jos\u00e9 Luis Espert,<\/strong>\u00a0recibi\u00f3 el apoyo de los tres de los cuatro presidentes de los partidos que integran Juntos por el Cambio, tras la solicitud que realiz\u00f3 el liberal para ingresar a la coalici\u00f3n opositora. El senador y precandidato a gobernador del oficialismo en Mendoza,<strong>\u00a0Alfredo Cornejo,<\/strong>\u00a0dijo que ampliar la coalici\u00f3n en clave para terminar con el kirchnerismo en las\u00a0<strong>elecciones 2023<\/strong>.<\/p>\n\n\n\n<p>\u00abLa inclusi\u00f3n de @jlespert a Juntos por el Cambio ser\u00e1 una novedad muy saludable.&nbsp;<strong>Es fundamental ampliar y fortalecer la coalici\u00f3n para terminar as\u00ed con el kirchnerismo.<\/strong>&nbsp;Jos\u00e9 Luis aporta con su reconocida trayectoria econ\u00f3mica y sus ideas de libertad\u00bb, escribi\u00f3 este mi\u00e9rcoles Cornejo en su cuenta de Twitter.<\/p>\n\n\n\n<p>El dato que quiz\u00e1s pocos recuerden es que<strong>&nbsp;Espert no tuvo la misma actitud con Cornejo cuando el liberal visit\u00f3 Mendoza<\/strong>&nbsp;en el 2021. De hecho, todav\u00eda aparece un video de \u00e9l en Youtube donde insulta al radical durante un acto pol\u00edtico en la plaza Independencia, hasta donde lleg\u00f3 de la mano del mendocino Luis Rosales.<\/p>\n\n\n\n<p>En ese momento, los libertarios hab\u00edan desembarcado en la provincia para hacerle frente al radicalismo, al cual calificaban de un \u00abkirchnerismo de buenos modales\u00bb.<\/p>\n\n\n\n<h2 class=\"wp-block-heading\"><strong>La llegada de Jos\u00e9 Luis Espert en Juntos por el Cambio<\/strong><\/h2>\n\n\n\n<p><strong>Uno de los primeros en avalarlo fue Miguel \u00c1ngel Pichetto, de Encuentro Republicano Federal<\/strong>, quien lanzar\u00e1 su precandidatura presidencial. \u00abTengo una mirada totalmente positiva. Aporta una mirada liberal y consolida el frente opositor\u00bb, sostuvo el ex senador nacional.<\/p>\n\n\n\n<p>A la declaraci\u00f3n del peronista&nbsp;<strong>se sum\u00f3<\/strong>&nbsp;<strong>Maximiliano Ferraro, titular de la Coalici\u00f3n C\u00edvica ARI, que lidera Elisa Carri\u00f3<\/strong>: \u00abJuntos por el Cambio debe ser siempre un espacio amplio, que sume a todos aquellos que defiendan la democracia, la libertad, el humanismo y los valores republicanos\u00bb.<\/p>\n\n\n\n<p><strong>La tercera fuerza que sali\u00f3 a respaldar el arribo del liberal fue la Uni\u00f3n C\u00edvica Radical (UCR)<\/strong>&nbsp;a trav\u00e9s del gobernador de Jujuy, Gerardo Morales: \u00abS\u00e9 de su enorme preocupaci\u00f3n por la fr\u00e1gil situaci\u00f3n del pa\u00eds. Es necesaria la ampliaci\u00f3n con espacios que est\u00e9n comprometidos con nuestra ciudadan\u00eda\u00bb.<\/p>\n\n\n\n<p><strong>El PRO es la \u00fanica fuerza que no se expres\u00f3 p\u00fablicamente.<\/strong>&nbsp;El representante del partido amarillo es su vicepresidente, Federico Angelini, diputado y cercano a la precandidata presidencial y titular del PRO, Patricia Bullrich.<\/p>\n\n\n\n<figure class=\"wp-block-image\"><img decoding=\"async\" src=\"https:\/\/media.diariouno.com.ar\/p\/e17b27610e56c5a2127cd3044591d2fa\/adjuntos\/298\/imagenes\/009\/105\/0009105412\/1200x0\/smart\/patricia-bullrichjpg.jpg\" alt=\"Patricia Bullrich, titular del PRO, el &uacute;nico partido que a&uacute;n no se expres&oacute; sobre el arribo de Jos&eacute; Luis Espert a la coalici&oacute;n opositora.\"\/><\/figure>\n\n\n\n<p>Patricia Bullrich, titular del PRO, el \u00fanico partido que a\u00fan no se expres\u00f3 sobre el arribo de Jos\u00e9 Luis Espert a la coalici\u00f3n opositora.<\/p>\n\n\n\n<h2 class=\"wp-block-heading\">El pedido de Avanza Libertad<\/h2>\n\n\n\n<p>Desde&nbsp;<strong>Avanza Libertad<\/strong>&nbsp;compartieron una&nbsp;<strong>carta firmada por Espert se\u00f1alando avances en el di\u00e1logo con los representantes opositores.<\/strong><\/p>\n\n\n\n<p>Se tratar\u00eda de un ingreso clave para el espacio de cara a las elecciones generales y el armado electoral en la provincia de Buenos Aires.<\/p>\n\n\n\n<p>En el escrito, el economista solicit\u00f3 el ingreso para la conformaci\u00f3n de un nuevo espacio con&nbsp;<strong>dos pedidos: el primero, la posibilidad de competir abiertamente por todos los cargos electivos.<\/strong><\/p>\n\n\n\n<p><strong>En segundo t\u00e9rmino, el documento propone que al nuevo espacio se lo denomine \u00abJuntos por el Cambio y la Libertad\u00bb<\/strong>&nbsp;con el objetivo de \u00abdar cuenta de la visi\u00f3n y la voluntad pol\u00edtica consensuada\u00bb que \u2014seg\u00fan indica el documento\u2014 dar\u00eda \u00abcuerpo e identidad\u00bb a esta nueva fuerza pol\u00edtica.<\/p>\n\n\n\n<p>El economista, oriundo de la ciudad bonaerense de Pergamino, fund\u00f3 su partido para las elecciones presidenciales de 2019, en las que compiti\u00f3 bajo el sello Frente Despertar y fue acompa\u00f1ado en la f\u00f3rmula por Luis Rosales.<\/p>\n\n\n\n<p><strong>En noviembre del a\u00f1o pasado, Espert lanz\u00f3 su candidatura a la gobernaci\u00f3n de provincia de Buenos Aires<\/strong>, donde present\u00f3 los ejes de su plan de gobierno poniendo \u00e9nfasis \u00aben las luchas contra las mafias\u00bb, la seguridad y una profunda reforma impositiva.<\/p>\n","protected":false},"excerpt":{"rendered":"<p>El diputado y l\u00edder de la Avanza Libertad,\u00a0Jos\u00e9 Luis Espert,\u00a0recibi\u00f3 el apoyo de los tres de los cuatro presidentes de los partidos que integran Juntos por el Cambio, tras la solicitud que realiz\u00f3 el liberal para ingresar a la coalici\u00f3n opositora. El senador y precandidato a gobernador del oficialismo en Mendoza,\u00a0Alfredo Cornejo,\u00a0dijo que ampliar la<a class=\"read-more\" href=\"https:\/\/elfederalmendoza.com.ar\/index.php\/2023\/04\/27\/jose-luis-espert-de-avanza-libertad-ingreso-a-juntos-por-el-cambio-y-fortalecio-a-la-oposicion-para-las-elecciones\/\"> [&hellip;]<\/a><\/p>\n","protected":false},"author":2,"featured_media":22294,"comment_status":"open","ping_status":"open","sticky":false,"template":"","format":"standard","meta":{"footnotes":""},"categories":[5618],"tags":[],"class_list":["post-22293","post","type-post","status-publish","format-standard","has-post-thumbnail","hentry","category-arg"],"rttpg_featured_image_url":{"full":["https:\/\/elfederalmendoza.com.ar\/wp-content\/uploads\/2023\/04\/ESPERT2.jpg",1103,623,false],"landscape":["https:\/\/elfederalmendoza.com.ar\/wp-content\/uploads\/2023\/04\/ESPERT2.jpg",1103,623,false],"portraits":["https:\/\/elfederalmendoza.com.ar\/wp-content\/uploads\/2023\/04\/ESPERT2.jpg",1103,623,false],"thumbnail":["https:\/\/elfederalmendoza.com.ar\/wp-content\/uploads\/2023\/04\/ESPERT2-150x150.jpg",150,150,true],"medium":["https:\/\/elfederalmendoza.com.ar\/wp-content\/uploads\/2023\/04\/ESPERT2-300x169.jpg",300,169,true],"large":["https:\/\/elfederalmendoza.com.ar\/wp-content\/uploads\/2023\/04\/ESPERT2-1024x578.jpg",640,361,true],"1536x1536":["https:\/\/elfederalmendoza.com.ar\/wp-content\/uploads\/2023\/04\/ESPERT2.jpg",1103,623,false],"2048x2048":["https:\/\/elfederalmendoza.com.ar\/wp-content\/uploads\/2023\/04\/ESPERT2.jpg",1103,623,false],"ultp_layout_landscape_large":["https:\/\/elfederalmendoza.com.ar\/wp-content\/uploads\/2023\/04\/ESPERT2.jpg",1103,623,false],"ultp_layout_landscape":["https:\/\/elfederalmendoza.com.ar\/wp-content\/uploads\/2023\/04\/ESPERT2-870x570.jpg",870,570,true],"ultp_layout_portrait":["https:\/\/elfederalmendoza.com.ar\/wp-content\/uploads\/2023\/04\/ESPERT2-600x623.jpg",600,623,true],"ultp_layout_square":["https:\/\/elfederalmendoza.com.ar\/wp-content\/uploads\/2023\/04\/ESPERT2-600x600.jpg",600,600,true],"rpwe-thumbnail":["https:\/\/elfederalmendoza.com.ar\/wp-content\/uploads\/2023\/04\/ESPERT2-45x45.jpg",45,45,true],"advps-thumb-one":["https:\/\/elfederalmendoza.com.ar\/wp-content\/uploads\/2023\/04\/ESPERT2-1103x420.jpg",1103,420,true]},"rttpg_author":{"display_name":"Redacci\u00f3n El Federal","author_link":"https:\/\/elfederalmendoza.com.ar\/index.php\/author\/angelflores\/"},"rttpg_comment":0,"rttpg_category":"<a href=\"https:\/\/elfederalmendoza.com.ar\/index.php\/category\/arg\/\" rel=\"category tag\">Argentina<\/a>","rttpg_excerpt":"El diputado y l\u00edder de la Avanza Libertad,\u00a0Jos\u00e9 Luis Espert,\u00a0recibi\u00f3 el apoyo de los tres de los cuatro presidentes de los partidos que integran Juntos por el Cambio, tras la solicitud que realiz\u00f3 el liberal para ingresar a la coalici\u00f3n opositora. El senador y precandidato a gobernador del oficialismo en Mendoza,\u00a0Alfredo Cornejo,\u00a0dijo que ampliar la&hellip;","_links":{"self":[{"href":"https:\/\/elfederalmendoza.com.ar\/index.php\/wp-json\/wp\/v2\/posts\/22293","targetHints":{"allow":["GET"]}}],"collection":[{"href":"https:\/\/elfederalmendoza.com.ar\/index.php\/wp-json\/wp\/v2\/posts"}],"about":[{"href":"https:\/\/elfederalmendoza.com.ar\/index.php\/wp-json\/wp\/v2\/types\/post"}],"author":[{"embeddable":true,"href":"https:\/\/elfederalmendoza.com.ar\/index.php\/wp-json\/wp\/v2\/users\/2"}],"replies":[{"embeddable":true,"href":"https:\/\/elfederalmendoza.com.ar\/index.php\/wp-json\/wp\/v2\/comments?post=22293"}],"version-history":[{"count":2,"href":"https:\/\/elfederalmendoza.com.ar\/index.php\/wp-json\/wp\/v2\/posts\/22293\/revisions"}],"predecessor-version":[{"id":22296,"href":"https:\/\/elfederalmendoza.com.ar\/index.php\/wp-json\/wp\/v2\/posts\/22293\/revisions\/22296"}],"wp:featuredmedia":[{"embeddable":true,"href":"https:\/\/elfederalmendoza.com.ar\/index.php\/wp-json\/wp\/v2\/media\/22294"}],"wp:attachment":[{"href":"https:\/\/elfederalmendoza.com.ar\/index.php\/wp-json\/wp\/v2\/media?parent=22293"}],"wp:term":[{"taxonomy":"category","embeddable":true,"href":"https:\/\/elfederalmendoza.com.ar\/index.php\/wp-json\/wp\/v2\/categories?post=22293"},{"taxonomy":"post_tag","embeddable":true,"href":"https:\/\/elfederalmendoza.com.ar\/index.php\/wp-json\/wp\/v2\/tags?post=22293"}],"curies":[{"name":"wp","href":"https:\/\/api.w.org\/{rel}","templated":true}]}}