{"id":22297,"date":"2023-04-27T10:25:30","date_gmt":"2023-04-27T13:25:30","guid":{"rendered":"https:\/\/elfederalmendoza.com\/?p=22297"},"modified":"2023-04-27T10:25:34","modified_gmt":"2023-04-27T13:25:34","slug":"fuerte-temblor-sorprendio-a-los-mendocinos-en-la-manana-del-jueves","status":"publish","type":"post","link":"https:\/\/elfederalmendoza.com.ar\/index.php\/2023\/04\/27\/fuerte-temblor-sorprendio-a-los-mendocinos-en-la-manana-del-jueves\/","title":{"rendered":"Fuerte temblor sorprendi\u00f3 a los mendocinos en la ma\u00f1ana del jueves"},"content":{"rendered":"\n<p>Un fuerte&nbsp;<strong>temblor&nbsp;<\/strong>se sinti\u00f3 durante la ma\u00f1ana de este&nbsp;<strong>jueves&nbsp;<\/strong>en la provincia de&nbsp;<strong>Mendoza<\/strong>. El movimiento fue percibido minutos despu\u00e9s de las 7.30 de la ma\u00f1ana.&nbsp;<\/p>\n\n\n\n<p>Seg\u00fan indica el\u00a0Instituto Nacional de Prevenci\u00f3n S\u00edsmica\u00a0(INPRES), el sismo se percibi\u00f3 a las 7.37 horas. Adem\u00e1s, indican que tuvo una profundidad de 136 kil\u00f3metros y una magnitud de 3.7 grados.\u00a0<\/p>\n\n\n\n<p>El movimiento se sinti\u00f3 a 22 km al Norte de Mendoza; 132 km al Sur de San Juan; y 35 km al O de Costa De Araujo.\u00a0<\/p>\n\n\n\n<p><\/p>\n","protected":false},"excerpt":{"rendered":"<p>Un fuerte&nbsp;temblor&nbsp;se sinti\u00f3 durante la ma\u00f1ana de este&nbsp;jueves&nbsp;en la provincia de&nbsp;Mendoza. El movimiento fue percibido minutos despu\u00e9s de las 7.30 de la ma\u00f1ana.&nbsp; Seg\u00fan indica el\u00a0Instituto Nacional de Prevenci\u00f3n S\u00edsmica\u00a0(INPRES), el sismo se percibi\u00f3 a las 7.37 horas. Adem\u00e1s, indican que tuvo una profundidad de 136 kil\u00f3metros y una magnitud de 3.7 grados.\u00a0 El movimiento<a class=\"read-more\" href=\"https:\/\/elfederalmendoza.com.ar\/index.php\/2023\/04\/27\/fuerte-temblor-sorprendio-a-los-mendocinos-en-la-manana-del-jueves\/\"> [&hellip;]<\/a><\/p>\n","protected":false},"author":2,"featured_media":22301,"comment_status":"open","ping_status":"open","sticky":false,"template":"","format":"standard","meta":{"footnotes":""},"categories":[1],"tags":[],"class_list":["post-22297","post","type-post","status-publish","format-standard","has-post-thumbnail","hentry","category-mza"],"rttpg_featured_image_url":{"full":["https:\/\/elfederalmendoza.com.ar\/wp-content\/uploads\/2023\/04\/image-7.png",480,360,false],"landscape":["https:\/\/elfederalmendoza.com.ar\/wp-content\/uploads\/2023\/04\/image-7.png",480,360,false],"portraits":["https:\/\/elfederalmendoza.com.ar\/wp-content\/uploads\/2023\/04\/image-7.png",480,360,false],"thumbnail":["https:\/\/elfederalmendoza.com.ar\/wp-content\/uploads\/2023\/04\/image-7-150x150.png",150,150,true],"medium":["https:\/\/elfederalmendoza.com.ar\/wp-content\/uploads\/2023\/04\/image-7-300x225.png",300,225,true],"large":["https:\/\/elfederalmendoza.com.ar\/wp-content\/uploads\/2023\/04\/image-7.png",480,360,false],"1536x1536":["https:\/\/elfederalmendoza.com.ar\/wp-content\/uploads\/2023\/04\/image-7.png",480,360,false],"2048x2048":["https:\/\/elfederalmendoza.com.ar\/wp-content\/uploads\/2023\/04\/image-7.png",480,360,false],"ultp_layout_landscape_large":["https:\/\/elfederalmendoza.com.ar\/wp-content\/uploads\/2023\/04\/image-7.png",480,360,false],"ultp_layout_landscape":["https:\/\/elfederalmendoza.com.ar\/wp-content\/uploads\/2023\/04\/image-7.png",480,360,false],"ultp_layout_portrait":["https:\/\/elfederalmendoza.com.ar\/wp-content\/uploads\/2023\/04\/image-7.png",480,360,false],"ultp_layout_square":["https:\/\/elfederalmendoza.com.ar\/wp-content\/uploads\/2023\/04\/image-7.png",480,360,false],"rpwe-thumbnail":["https:\/\/elfederalmendoza.com.ar\/wp-content\/uploads\/2023\/04\/image-7-45x45.png",45,45,true],"advps-thumb-one":["https:\/\/elfederalmendoza.com.ar\/wp-content\/uploads\/2023\/04\/image-7.png",480,360,false]},"rttpg_author":{"display_name":"Redacci\u00f3n El Federal","author_link":"https:\/\/elfederalmendoza.com.ar\/index.php\/author\/angelflores\/"},"rttpg_comment":0,"rttpg_category":"<a href=\"https:\/\/elfederalmendoza.com.ar\/index.php\/category\/mza\/\" rel=\"category tag\">Mendoza<\/a>","rttpg_excerpt":"Un fuerte&nbsp;temblor&nbsp;se sinti\u00f3 durante la ma\u00f1ana de este&nbsp;jueves&nbsp;en la provincia de&nbsp;Mendoza. El movimiento fue percibido minutos despu\u00e9s de las 7.30 de la ma\u00f1ana.&nbsp; Seg\u00fan indica el\u00a0Instituto Nacional de Prevenci\u00f3n S\u00edsmica\u00a0(INPRES), el sismo se percibi\u00f3 a las 7.37 horas. Adem\u00e1s, indican que tuvo una profundidad de 136 kil\u00f3metros y una magnitud de 3.7 grados.\u00a0 El movimiento&hellip;","_links":{"self":[{"href":"https:\/\/elfederalmendoza.com.ar\/index.php\/wp-json\/wp\/v2\/posts\/22297","targetHints":{"allow":["GET"]}}],"collection":[{"href":"https:\/\/elfederalmendoza.com.ar\/index.php\/wp-json\/wp\/v2\/posts"}],"about":[{"href":"https:\/\/elfederalmendoza.com.ar\/index.php\/wp-json\/wp\/v2\/types\/post"}],"author":[{"embeddable":true,"href":"https:\/\/elfederalmendoza.com.ar\/index.php\/wp-json\/wp\/v2\/users\/2"}],"replies":[{"embeddable":true,"href":"https:\/\/elfederalmendoza.com.ar\/index.php\/wp-json\/wp\/v2\/comments?post=22297"}],"version-history":[{"count":1,"href":"https:\/\/elfederalmendoza.com.ar\/index.php\/wp-json\/wp\/v2\/posts\/22297\/revisions"}],"predecessor-version":[{"id":22302,"href":"https:\/\/elfederalmendoza.com.ar\/index.php\/wp-json\/wp\/v2\/posts\/22297\/revisions\/22302"}],"wp:featuredmedia":[{"embeddable":true,"href":"https:\/\/elfederalmendoza.com.ar\/index.php\/wp-json\/wp\/v2\/media\/22301"}],"wp:attachment":[{"href":"https:\/\/elfederalmendoza.com.ar\/index.php\/wp-json\/wp\/v2\/media?parent=22297"}],"wp:term":[{"taxonomy":"category","embeddable":true,"href":"https:\/\/elfederalmendoza.com.ar\/index.php\/wp-json\/wp\/v2\/categories?post=22297"},{"taxonomy":"post_tag","embeddable":true,"href":"https:\/\/elfederalmendoza.com.ar\/index.php\/wp-json\/wp\/v2\/tags?post=22297"}],"curies":[{"name":"wp","href":"https:\/\/api.w.org\/{rel}","templated":true}]}}