{"id":22299,"date":"2023-04-27T09:55:14","date_gmt":"2023-04-27T12:55:14","guid":{"rendered":"https:\/\/elfederalmendoza.com\/?p=22299"},"modified":"2023-04-27T09:55:15","modified_gmt":"2023-04-27T12:55:15","slug":"una-adolescente-de-17-anos-fue-apunalada-en-la-cabeza-en-godoy-cruz","status":"publish","type":"post","link":"https:\/\/elfederalmendoza.com.ar\/index.php\/2023\/04\/27\/una-adolescente-de-17-anos-fue-apunalada-en-la-cabeza-en-godoy-cruz\/","title":{"rendered":"Una adolescente de 17 a\u00f1os fue apu\u00f1alada en la cabeza en Godoy Cruz"},"content":{"rendered":"\n<p>Una\u00a0<strong>chica de 17 a\u00f1os fue apu\u00f1alada<\/strong>\u00a0en medio de una pelea ocurrida en el departamento de Godoy Cruz y est\u00e1 internada en el Hospital Central con heridas en su cuerpo, seg\u00fan inform\u00f3 Mendoza Post.<\/p>\n\n\n\n<p>El hecho ocurri\u00f3 este mi\u00e9rcoles alrededor de las 22 horas&nbsp;<strong>en el barrio La Estanzuela<\/strong>, en el Oeste de la comuna, donde un grupo de mujeres mantuvo una discusi\u00f3n que pas\u00f3 a mayores.<\/p>\n\n\n\n<p>Una joven de s\u00f3lo 17 a\u00f1os fue atacada con un arma blanca,<strong> recibi\u00f3 una pu\u00f1alada en su pierna y tambi\u00e9n en su cabeza<\/strong>. Por esto debi\u00f3 ser trasladada al Hospital Central, donde recibi\u00f3 atenci\u00f3n m\u00e9dica.\u00a0<\/p>\n\n\n\n<p><\/p>\n","protected":false},"excerpt":{"rendered":"<p>Una\u00a0chica de 17 a\u00f1os fue apu\u00f1alada\u00a0en medio de una pelea ocurrida en el departamento de Godoy Cruz y est\u00e1 internada en el Hospital Central con heridas en su cuerpo, seg\u00fan inform\u00f3 Mendoza Post. El hecho ocurri\u00f3 este mi\u00e9rcoles alrededor de las 22 horas&nbsp;en el barrio La Estanzuela, en el Oeste de la comuna, donde un<a class=\"read-more\" href=\"https:\/\/elfederalmendoza.com.ar\/index.php\/2023\/04\/27\/una-adolescente-de-17-anos-fue-apunalada-en-la-cabeza-en-godoy-cruz\/\"> [&hellip;]<\/a><\/p>\n","protected":false},"author":2,"featured_media":21781,"comment_status":"open","ping_status":"open","sticky":false,"template":"","format":"standard","meta":{"footnotes":""},"categories":[1],"tags":[],"class_list":["post-22299","post","type-post","status-publish","format-standard","has-post-thumbnail","hentry","category-mza"],"rttpg_featured_image_url":{"full":["https:\/\/elfederalmendoza.com.ar\/wp-content\/uploads\/2023\/04\/rastrillaje-abigail-movil-movil-policial-policia-policias-473734.webp",790,527,false],"landscape":["https:\/\/elfederalmendoza.com.ar\/wp-content\/uploads\/2023\/04\/rastrillaje-abigail-movil-movil-policial-policia-policias-473734.webp",790,527,false],"portraits":["https:\/\/elfederalmendoza.com.ar\/wp-content\/uploads\/2023\/04\/rastrillaje-abigail-movil-movil-policial-policia-policias-473734.webp",790,527,false],"thumbnail":["https:\/\/elfederalmendoza.com.ar\/wp-content\/uploads\/2023\/04\/rastrillaje-abigail-movil-movil-policial-policia-policias-473734-150x150.webp",150,150,true],"medium":["https:\/\/elfederalmendoza.com.ar\/wp-content\/uploads\/2023\/04\/rastrillaje-abigail-movil-movil-policial-policia-policias-473734-300x200.webp",300,200,true],"large":["https:\/\/elfederalmendoza.com.ar\/wp-content\/uploads\/2023\/04\/rastrillaje-abigail-movil-movil-policial-policia-policias-473734.webp",640,427,false],"1536x1536":["https:\/\/elfederalmendoza.com.ar\/wp-content\/uploads\/2023\/04\/rastrillaje-abigail-movil-movil-policial-policia-policias-473734.webp",790,527,false],"2048x2048":["https:\/\/elfederalmendoza.com.ar\/wp-content\/uploads\/2023\/04\/rastrillaje-abigail-movil-movil-policial-policia-policias-473734.webp",790,527,false],"ultp_layout_landscape_large":["https:\/\/elfederalmendoza.com.ar\/wp-content\/uploads\/2023\/04\/rastrillaje-abigail-movil-movil-policial-policia-policias-473734.webp",790,527,false],"ultp_layout_landscape":["https:\/\/elfederalmendoza.com.ar\/wp-content\/uploads\/2023\/04\/rastrillaje-abigail-movil-movil-policial-policia-policias-473734.webp",790,527,false],"ultp_layout_portrait":["https:\/\/elfederalmendoza.com.ar\/wp-content\/uploads\/2023\/04\/rastrillaje-abigail-movil-movil-policial-policia-policias-473734-600x527.webp",600,527,true],"ultp_layout_square":["https:\/\/elfederalmendoza.com.ar\/wp-content\/uploads\/2023\/04\/rastrillaje-abigail-movil-movil-policial-policia-policias-473734-600x527.webp",600,527,true],"rpwe-thumbnail":["https:\/\/elfederalmendoza.com.ar\/wp-content\/uploads\/2023\/04\/rastrillaje-abigail-movil-movil-policial-policia-policias-473734-45x45.webp",45,45,true],"advps-thumb-one":["https:\/\/elfederalmendoza.com.ar\/wp-content\/uploads\/2023\/04\/rastrillaje-abigail-movil-movil-policial-policia-policias-473734-790x420.webp",790,420,true]},"rttpg_author":{"display_name":"Redacci\u00f3n El Federal","author_link":"https:\/\/elfederalmendoza.com.ar\/index.php\/author\/angelflores\/"},"rttpg_comment":0,"rttpg_category":"<a href=\"https:\/\/elfederalmendoza.com.ar\/index.php\/category\/mza\/\" rel=\"category tag\">Mendoza<\/a>","rttpg_excerpt":"Una\u00a0chica de 17 a\u00f1os fue apu\u00f1alada\u00a0en medio de una pelea ocurrida en el departamento de Godoy Cruz y est\u00e1 internada en el Hospital Central con heridas en su cuerpo, seg\u00fan inform\u00f3 Mendoza Post. El hecho ocurri\u00f3 este mi\u00e9rcoles alrededor de las 22 horas&nbsp;en el barrio La Estanzuela, en el Oeste de la comuna, donde un&hellip;","_links":{"self":[{"href":"https:\/\/elfederalmendoza.com.ar\/index.php\/wp-json\/wp\/v2\/posts\/22299","targetHints":{"allow":["GET"]}}],"collection":[{"href":"https:\/\/elfederalmendoza.com.ar\/index.php\/wp-json\/wp\/v2\/posts"}],"about":[{"href":"https:\/\/elfederalmendoza.com.ar\/index.php\/wp-json\/wp\/v2\/types\/post"}],"author":[{"embeddable":true,"href":"https:\/\/elfederalmendoza.com.ar\/index.php\/wp-json\/wp\/v2\/users\/2"}],"replies":[{"embeddable":true,"href":"https:\/\/elfederalmendoza.com.ar\/index.php\/wp-json\/wp\/v2\/comments?post=22299"}],"version-history":[{"count":1,"href":"https:\/\/elfederalmendoza.com.ar\/index.php\/wp-json\/wp\/v2\/posts\/22299\/revisions"}],"predecessor-version":[{"id":22300,"href":"https:\/\/elfederalmendoza.com.ar\/index.php\/wp-json\/wp\/v2\/posts\/22299\/revisions\/22300"}],"wp:featuredmedia":[{"embeddable":true,"href":"https:\/\/elfederalmendoza.com.ar\/index.php\/wp-json\/wp\/v2\/media\/21781"}],"wp:attachment":[{"href":"https:\/\/elfederalmendoza.com.ar\/index.php\/wp-json\/wp\/v2\/media?parent=22299"}],"wp:term":[{"taxonomy":"category","embeddable":true,"href":"https:\/\/elfederalmendoza.com.ar\/index.php\/wp-json\/wp\/v2\/categories?post=22299"},{"taxonomy":"post_tag","embeddable":true,"href":"https:\/\/elfederalmendoza.com.ar\/index.php\/wp-json\/wp\/v2\/tags?post=22299"}],"curies":[{"name":"wp","href":"https:\/\/api.w.org\/{rel}","templated":true}]}}