{"id":22303,"date":"2023-04-27T04:38:00","date_gmt":"2023-04-27T07:38:00","guid":{"rendered":"https:\/\/elfederalmendoza.com\/?p=22303"},"modified":"2023-04-27T11:38:52","modified_gmt":"2023-04-27T14:38:52","slug":"anibal-fernandez-desmintio-al-kirchnerismo-la-proscripcion-no-existe-no-se-que-ventaja-se-busca","status":"publish","type":"post","link":"https:\/\/elfederalmendoza.com.ar\/index.php\/2023\/04\/27\/anibal-fernandez-desmintio-al-kirchnerismo-la-proscripcion-no-existe-no-se-que-ventaja-se-busca\/","title":{"rendered":"An\u00edbal Fern\u00e1ndez desminti\u00f3 al kirchnerismo: \u00abLa proscripci\u00f3n no existe, no s\u00e9 qu\u00e9 ventaja se busca\u00bb"},"content":{"rendered":"\n<p>El ministro de Seguridad,&nbsp;<strong>An\u00edbal Fern\u00e1ndez<\/strong>, habl\u00f3 este jueves de la vicepresidenta<strong>&nbsp;Cristina Kirchner<\/strong>, justo en la previa de la presentaci\u00f3n que tendr\u00e1 en La Plata, donde se espera que la ex mandataria realice anuncios sobre las Elecciones 2023.<\/p>\n\n\n\n<p>\u201c<strong>La proscripci\u00f3n no existe<\/strong>. No est\u00e1 proscripta, no s\u00e9 qu\u00e9 quisieron hacer, siempre&nbsp;<strong>aparecen esas expresiones antojadizas&nbsp;<\/strong>que no s\u00e9 la ventaja que se busca\u201d, manifest\u00f3 el funcionario nacional en comunicaci\u00f3n con CNN Radio.<\/p>\n\n\n\n<p>Y sum\u00f3: \u201c<strong>Nadie puede negar qui\u00e9n es Cristina<\/strong>, los compa\u00f1eros que trabajan con ella en ese segmento y que no han tenido otra manera de ver las cosas, tienen alguien importante en quien intentar presionar e insistir\u201d.<\/p>\n","protected":false},"excerpt":{"rendered":"<p>El ministro de Seguridad,&nbsp;An\u00edbal Fern\u00e1ndez, habl\u00f3 este jueves de la vicepresidenta&nbsp;Cristina Kirchner, justo en la previa de la presentaci\u00f3n que tendr\u00e1 en La Plata, donde se espera que la ex mandataria realice anuncios sobre las Elecciones 2023. \u201cLa proscripci\u00f3n no existe. No est\u00e1 proscripta, no s\u00e9 qu\u00e9 quisieron hacer, siempre&nbsp;aparecen esas expresiones antojadizas&nbsp;que no s\u00e9<a class=\"read-more\" href=\"https:\/\/elfederalmendoza.com.ar\/index.php\/2023\/04\/27\/anibal-fernandez-desmintio-al-kirchnerismo-la-proscripcion-no-existe-no-se-que-ventaja-se-busca\/\"> [&hellip;]<\/a><\/p>\n","protected":false},"author":2,"featured_media":21937,"comment_status":"open","ping_status":"open","sticky":false,"template":"","format":"standard","meta":{"footnotes":""},"categories":[5618],"tags":[],"class_list":["post-22303","post","type-post","status-publish","format-standard","has-post-thumbnail","hentry","category-arg"],"rttpg_featured_image_url":{"full":["https:\/\/elfederalmendoza.com.ar\/wp-content\/uploads\/2023\/04\/CANIBAL.jpg",980,551,false],"landscape":["https:\/\/elfederalmendoza.com.ar\/wp-content\/uploads\/2023\/04\/CANIBAL.jpg",980,551,false],"portraits":["https:\/\/elfederalmendoza.com.ar\/wp-content\/uploads\/2023\/04\/CANIBAL.jpg",980,551,false],"thumbnail":["https:\/\/elfederalmendoza.com.ar\/wp-content\/uploads\/2023\/04\/CANIBAL-150x150.jpg",150,150,true],"medium":["https:\/\/elfederalmendoza.com.ar\/wp-content\/uploads\/2023\/04\/CANIBAL-300x169.jpg",300,169,true],"large":["https:\/\/elfederalmendoza.com.ar\/wp-content\/uploads\/2023\/04\/CANIBAL.jpg",640,360,false],"1536x1536":["https:\/\/elfederalmendoza.com.ar\/wp-content\/uploads\/2023\/04\/CANIBAL.jpg",980,551,false],"2048x2048":["https:\/\/elfederalmendoza.com.ar\/wp-content\/uploads\/2023\/04\/CANIBAL.jpg",980,551,false],"ultp_layout_landscape_large":["https:\/\/elfederalmendoza.com.ar\/wp-content\/uploads\/2023\/04\/CANIBAL.jpg",980,551,false],"ultp_layout_landscape":["https:\/\/elfederalmendoza.com.ar\/wp-content\/uploads\/2023\/04\/CANIBAL-870x551.jpg",870,551,true],"ultp_layout_portrait":["https:\/\/elfederalmendoza.com.ar\/wp-content\/uploads\/2023\/04\/CANIBAL-600x551.jpg",600,551,true],"ultp_layout_square":["https:\/\/elfederalmendoza.com.ar\/wp-content\/uploads\/2023\/04\/CANIBAL-600x551.jpg",600,551,true],"rpwe-thumbnail":["https:\/\/elfederalmendoza.com.ar\/wp-content\/uploads\/2023\/04\/CANIBAL-45x45.jpg",45,45,true],"advps-thumb-one":["https:\/\/elfederalmendoza.com.ar\/wp-content\/uploads\/2023\/04\/CANIBAL-980x420.jpg",980,420,true]},"rttpg_author":{"display_name":"Redacci\u00f3n El Federal","author_link":"https:\/\/elfederalmendoza.com.ar\/index.php\/author\/angelflores\/"},"rttpg_comment":0,"rttpg_category":"<a href=\"https:\/\/elfederalmendoza.com.ar\/index.php\/category\/arg\/\" rel=\"category tag\">Argentina<\/a>","rttpg_excerpt":"El ministro de Seguridad,&nbsp;An\u00edbal Fern\u00e1ndez, habl\u00f3 este jueves de la vicepresidenta&nbsp;Cristina Kirchner, justo en la previa de la presentaci\u00f3n que tendr\u00e1 en La Plata, donde se espera que la ex mandataria realice anuncios sobre las Elecciones 2023. \u201cLa proscripci\u00f3n no existe. No est\u00e1 proscripta, no s\u00e9 qu\u00e9 quisieron hacer, siempre&nbsp;aparecen esas expresiones antojadizas&nbsp;que no s\u00e9&hellip;","_links":{"self":[{"href":"https:\/\/elfederalmendoza.com.ar\/index.php\/wp-json\/wp\/v2\/posts\/22303","targetHints":{"allow":["GET"]}}],"collection":[{"href":"https:\/\/elfederalmendoza.com.ar\/index.php\/wp-json\/wp\/v2\/posts"}],"about":[{"href":"https:\/\/elfederalmendoza.com.ar\/index.php\/wp-json\/wp\/v2\/types\/post"}],"author":[{"embeddable":true,"href":"https:\/\/elfederalmendoza.com.ar\/index.php\/wp-json\/wp\/v2\/users\/2"}],"replies":[{"embeddable":true,"href":"https:\/\/elfederalmendoza.com.ar\/index.php\/wp-json\/wp\/v2\/comments?post=22303"}],"version-history":[{"count":1,"href":"https:\/\/elfederalmendoza.com.ar\/index.php\/wp-json\/wp\/v2\/posts\/22303\/revisions"}],"predecessor-version":[{"id":22304,"href":"https:\/\/elfederalmendoza.com.ar\/index.php\/wp-json\/wp\/v2\/posts\/22303\/revisions\/22304"}],"wp:featuredmedia":[{"embeddable":true,"href":"https:\/\/elfederalmendoza.com.ar\/index.php\/wp-json\/wp\/v2\/media\/21937"}],"wp:attachment":[{"href":"https:\/\/elfederalmendoza.com.ar\/index.php\/wp-json\/wp\/v2\/media?parent=22303"}],"wp:term":[{"taxonomy":"category","embeddable":true,"href":"https:\/\/elfederalmendoza.com.ar\/index.php\/wp-json\/wp\/v2\/categories?post=22303"},{"taxonomy":"post_tag","embeddable":true,"href":"https:\/\/elfederalmendoza.com.ar\/index.php\/wp-json\/wp\/v2\/tags?post=22303"}],"curies":[{"name":"wp","href":"https:\/\/api.w.org\/{rel}","templated":true}]}}