{"id":22305,"date":"2023-04-27T11:50:51","date_gmt":"2023-04-27T14:50:51","guid":{"rendered":"https:\/\/elfederalmendoza.com\/?p=22305"},"modified":"2023-04-27T11:50:54","modified_gmt":"2023-04-27T14:50:54","slug":"cortocircuito-en-el-debut-legislativo-del-bloque-de-de-marchi","status":"publish","type":"post","link":"https:\/\/elfederalmendoza.com.ar\/index.php\/2023\/04\/27\/cortocircuito-en-el-debut-legislativo-del-bloque-de-de-marchi\/","title":{"rendered":"Cortocircuito en el debut legislativo del bloque de De Marchi"},"content":{"rendered":"\n<p><strong>La Uni\u00f3n Mendocina debut\u00f3 hoy en la sesi\u00f3n de la C\u00e1mara de Diputados de Mendoza votando en forma dividida el proyecto de ampliaci\u00f3n del programa Mendoza Audiovisual<\/strong>. Los\u00a0<strong>legisladores que adscriben al PRO de Omar De Marchi votaron a favor<\/strong>, igual que los de Cambia Mendoza y la aliada del Partido Dem\u00f3crata,\u00a0<strong>Mercedes Llano, lo hizo en contra<\/strong>.<\/p>\n\n\n\n<p>Este programa fue el puntapi\u00e9 para&nbsp;<strong>generar inversiones en Mendoza por parte de este sector<\/strong>&nbsp;y que promete seguir en esa l\u00ednea despu\u00e9s de la primera experiencia.&nbsp;<\/p>\n\n\n\n<p>Durante la votaci\u00f3n, l<strong>a \u00fanica que vot\u00f3 en contra fue justamente Llano, diputada del PD, fuerza integrante de La Uni\u00f3n Mendocina<\/strong>, quien como en otras oportunidades, manifest\u00f3 que \u00abel Estado s\u00f3lo debe ocuparse de los servicios b\u00e1sicos\u00bb, y argument\u00f3 que deber\u00eda manejarse sobre la base del juego de oferta y demanda, sin intervenci\u00f3n ni financiamiento del Estado.<\/p>\n\n\n\n<p><strong>El programa fue aprobado a fines de 2022, con el objetivo de impulsar a la provincia como centro de la industria de cine, televisi\u00f3n, publicidades, streaming y series<\/strong>. En su primera convocatoria logr\u00f3 la adhesi\u00f3n de 12 nuevos proyectos, lo que significa inversiones por m\u00e1s de $700 millones y miles puestos de trabajo, seg\u00fan las cifras que inform\u00f3 el Gobierno.<\/p>\n\n\n\n<p>Los funcionarios del Ministerio de Econom\u00eda, al evaluar el proyecto, destacaron que \u00abcon el presupuesto asignado, pudimos cubrir 6 de los 12 proyectos presentados. Con esta segunda versi\u00f3n del&nbsp;<strong>Cash Rebate<\/strong>, queremos hacer una nueva convocatoria, y adem\u00e1s cubrir los 6 proyectos restantes que quedaron sin recursos en el primer llamado\u00bb.<\/p>\n\n\n\n<p>La iniciativa solicita la reasignaci\u00f3n y ampliaci\u00f3n presupuestaria hasta un total de $1.750 millones, con la idea de fomentar el arribo de inversiones del resto del pa\u00eds y del mundo para la preproducci\u00f3n, producci\u00f3n y posproducci\u00f3n de contenidos audiovisuales que tengan alto impacto en la creaci\u00f3n de empleo, adem\u00e1s de consolidar la imagen de la provincia como polo de desarrollo de industrias creativas.<\/p>\n\n\n\n<p>\u00abEn esta nueva versi\u00f3n se incluyen las producciones musicales y los videoclips. Adem\u00e1s, en todos los casos, las productoras deben asociarse con una empresa local. Hay varias pel\u00edculas que ya comenzaron su rodaje, como es el caso de Jaque Mate\u00bb, se\u00f1alaron.<\/p>\n\n\n\n<p><strong>El programa funciona de un modo similar al de Mendoza Activa<\/strong>: a trav\u00e9s del sistema Ticket, los realizadores ingresan sus proyectos y pueden hacer todo el seguimiento y la presentaci\u00f3n de documentaci\u00f3n de manera digital a trav\u00e9s de la p\u00e1gina del Ministerio de Econom\u00eda y Energ\u00eda.<\/p>\n\n\n\n<p>Pueden participar, con hasta 2 proyectos, realizaciones de contenidos audiovisuales, servicios de producci\u00f3n audiovisual, de contrataci\u00f3n de profesionales y t\u00e9cnicos y de adquisiciones y contrataciones destinadas a vestuario, maquillaje, utiler\u00eda, escenograf\u00eda, m\u00fasica, edici\u00f3n, proceso de sonido, alquiler y\/o compra de equipos de c\u00e1mara y luces, efectos especiales, comidas y alojamiento.<\/p>\n\n\n\n<p>El monto m\u00ednimo de la inversi\u00f3n es de $40 millones, con tope m\u00e1ximo de $250 millones. Si la realizaci\u00f3n supera el monto m\u00e1ximo, la Provincia reconoce el reintegro sobre lo fijado por ley, con lo cual quienes proyecten realizaciones de mayor envergadura podr\u00e1n solventar una parte con este programa.<\/p>\n\n\n\n<p><em>Fuente: Memo<\/em><\/p>\n","protected":false},"excerpt":{"rendered":"<p>La Uni\u00f3n Mendocina debut\u00f3 hoy en la sesi\u00f3n de la C\u00e1mara de Diputados de Mendoza votando en forma dividida el proyecto de ampliaci\u00f3n del programa Mendoza Audiovisual. Los\u00a0legisladores que adscriben al PRO de Omar De Marchi votaron a favor, igual que los de Cambia Mendoza y la aliada del Partido Dem\u00f3crata,\u00a0Mercedes Llano, lo hizo en<a class=\"read-more\" href=\"https:\/\/elfederalmendoza.com.ar\/index.php\/2023\/04\/27\/cortocircuito-en-el-debut-legislativo-del-bloque-de-de-marchi\/\"> [&hellip;]<\/a><\/p>\n","protected":false},"author":2,"featured_media":22306,"comment_status":"open","ping_status":"open","sticky":false,"template":"","format":"standard","meta":{"footnotes":""},"categories":[1],"tags":[],"class_list":["post-22305","post","type-post","status-publish","format-standard","has-post-thumbnail","hentry","category-mza"],"rttpg_featured_image_url":{"full":["https:\/\/elfederalmendoza.com.ar\/wp-content\/uploads\/2023\/04\/portada-jpeg.jpeg",1200,900,false],"landscape":["https:\/\/elfederalmendoza.com.ar\/wp-content\/uploads\/2023\/04\/portada-jpeg.jpeg",1200,900,false],"portraits":["https:\/\/elfederalmendoza.com.ar\/wp-content\/uploads\/2023\/04\/portada-jpeg.jpeg",1200,900,false],"thumbnail":["https:\/\/elfederalmendoza.com.ar\/wp-content\/uploads\/2023\/04\/portada-jpeg-150x150.jpeg",150,150,true],"medium":["https:\/\/elfederalmendoza.com.ar\/wp-content\/uploads\/2023\/04\/portada-jpeg-300x225.jpeg",300,225,true],"large":["https:\/\/elfederalmendoza.com.ar\/wp-content\/uploads\/2023\/04\/portada-jpeg-1024x768.jpeg",640,480,true],"1536x1536":["https:\/\/elfederalmendoza.com.ar\/wp-content\/uploads\/2023\/04\/portada-jpeg.jpeg",1200,900,false],"2048x2048":["https:\/\/elfederalmendoza.com.ar\/wp-content\/uploads\/2023\/04\/portada-jpeg.jpeg",1200,900,false],"ultp_layout_landscape_large":["https:\/\/elfederalmendoza.com.ar\/wp-content\/uploads\/2023\/04\/portada-jpeg-1200x800.jpeg",1200,800,true],"ultp_layout_landscape":["https:\/\/elfederalmendoza.com.ar\/wp-content\/uploads\/2023\/04\/portada-jpeg-870x570.jpeg",870,570,true],"ultp_layout_portrait":["https:\/\/elfederalmendoza.com.ar\/wp-content\/uploads\/2023\/04\/portada-jpeg-600x900.jpeg",600,900,true],"ultp_layout_square":["https:\/\/elfederalmendoza.com.ar\/wp-content\/uploads\/2023\/04\/portada-jpeg-600x600.jpeg",600,600,true],"rpwe-thumbnail":["https:\/\/elfederalmendoza.com.ar\/wp-content\/uploads\/2023\/04\/portada-jpeg-45x45.jpeg",45,45,true],"advps-thumb-one":["https:\/\/elfederalmendoza.com.ar\/wp-content\/uploads\/2023\/04\/portada-jpeg-1200x420.jpeg",1200,420,true]},"rttpg_author":{"display_name":"Redacci\u00f3n El Federal","author_link":"https:\/\/elfederalmendoza.com.ar\/index.php\/author\/angelflores\/"},"rttpg_comment":0,"rttpg_category":"<a href=\"https:\/\/elfederalmendoza.com.ar\/index.php\/category\/mza\/\" rel=\"category tag\">Mendoza<\/a>","rttpg_excerpt":"La Uni\u00f3n Mendocina debut\u00f3 hoy en la sesi\u00f3n de la C\u00e1mara de Diputados de Mendoza votando en forma dividida el proyecto de ampliaci\u00f3n del programa Mendoza Audiovisual. Los\u00a0legisladores que adscriben al PRO de Omar De Marchi votaron a favor, igual que los de Cambia Mendoza y la aliada del Partido Dem\u00f3crata,\u00a0Mercedes Llano, lo hizo en&hellip;","_links":{"self":[{"href":"https:\/\/elfederalmendoza.com.ar\/index.php\/wp-json\/wp\/v2\/posts\/22305","targetHints":{"allow":["GET"]}}],"collection":[{"href":"https:\/\/elfederalmendoza.com.ar\/index.php\/wp-json\/wp\/v2\/posts"}],"about":[{"href":"https:\/\/elfederalmendoza.com.ar\/index.php\/wp-json\/wp\/v2\/types\/post"}],"author":[{"embeddable":true,"href":"https:\/\/elfederalmendoza.com.ar\/index.php\/wp-json\/wp\/v2\/users\/2"}],"replies":[{"embeddable":true,"href":"https:\/\/elfederalmendoza.com.ar\/index.php\/wp-json\/wp\/v2\/comments?post=22305"}],"version-history":[{"count":1,"href":"https:\/\/elfederalmendoza.com.ar\/index.php\/wp-json\/wp\/v2\/posts\/22305\/revisions"}],"predecessor-version":[{"id":22307,"href":"https:\/\/elfederalmendoza.com.ar\/index.php\/wp-json\/wp\/v2\/posts\/22305\/revisions\/22307"}],"wp:featuredmedia":[{"embeddable":true,"href":"https:\/\/elfederalmendoza.com.ar\/index.php\/wp-json\/wp\/v2\/media\/22306"}],"wp:attachment":[{"href":"https:\/\/elfederalmendoza.com.ar\/index.php\/wp-json\/wp\/v2\/media?parent=22305"}],"wp:term":[{"taxonomy":"category","embeddable":true,"href":"https:\/\/elfederalmendoza.com.ar\/index.php\/wp-json\/wp\/v2\/categories?post=22305"},{"taxonomy":"post_tag","embeddable":true,"href":"https:\/\/elfederalmendoza.com.ar\/index.php\/wp-json\/wp\/v2\/tags?post=22305"}],"curies":[{"name":"wp","href":"https:\/\/api.w.org\/{rel}","templated":true}]}}