{"id":22308,"date":"2023-04-27T11:54:09","date_gmt":"2023-04-27T14:54:09","guid":{"rendered":"https:\/\/elfederalmendoza.com\/?p=22308"},"modified":"2023-04-27T12:58:26","modified_gmt":"2023-04-27T15:58:26","slug":"imputaron-a-cuatro-empleados-de-san-carlos-que-fueron-filmados-mientras-rompian-carteles-de-cambia-mendoza","status":"publish","type":"post","link":"https:\/\/elfederalmendoza.com.ar\/index.php\/2023\/04\/27\/imputaron-a-cuatro-empleados-de-san-carlos-que-fueron-filmados-mientras-rompian-carteles-de-cambia-mendoza\/","title":{"rendered":"Imputaron a cuatro empleados de San Carlos que fueron filmados mientras romp\u00edan carteles de Cambia Mendoza"},"content":{"rendered":"\n<p>A s\u00f3lo cinco d\u00edas de que se realicen las PASO, cuatro empleados de la&nbsp;<strong>Municipalidad de San Carlos<\/strong>&nbsp;fueron imputados en las \u00faltimas horas por romper carteler\u00eda pol\u00edtica con la imagen de&nbsp;<strong>Silvio Pannocchia<\/strong>, quien es el precandidato a intendente del departamento por&nbsp;<strong>Cambia Mendoza<\/strong>&nbsp;y cu\u00f1ado de&nbsp;<strong>Alfredo Cornejo<\/strong>.<\/p>\n\n\n\n<p>Se trata de&nbsp;<strong>Luis Jarpa, Oscar Gallardo, N\u00e9stor Micames y Mat\u00edas Guerra<\/strong>, quienes desempe\u00f1an diariamente tareas en la comuna del Valle de Uco y fueron filmados por c\u00e1maras de seguridad en el preciso momento en que da\u00f1aban los carteles.<\/p>\n\n\n\n<p>Luego de una denuncia que se hizo al 911, los agresores fueron identificados e imputados por el delito de da\u00f1os en la v\u00eda p\u00fablica. Seg\u00fan fuentes policiales, tambi\u00e9n un testigo los reconoci\u00f3.<\/p>\n\n\n\n<p>La causa qued\u00f3 a cargo de la fiscal\u00eda 18 de San Carlos. Seg\u00fan las mismas fuentes, se&nbsp;bajaron cuatro individuos&nbsp;de una camioneta blanca Amarok,&nbsp;uno quedando en cercan\u00edas al rodado y los otros tres con escaleras a descolgar los carteles para luego colocar otros.<\/p>\n\n\n\n<p>Este domingo 30 de abril se realizar\u00e1n las elecciones PASO municipales en San Carlos, y parece que los da\u00f1os a la carteler\u00eda est\u00e1n a la orden del d\u00eda.&nbsp;<\/p>\n","protected":false},"excerpt":{"rendered":"<p>A s\u00f3lo cinco d\u00edas de que se realicen las PASO, cuatro empleados de la&nbsp;Municipalidad de San Carlos&nbsp;fueron imputados en las \u00faltimas horas por romper carteler\u00eda pol\u00edtica con la imagen de&nbsp;Silvio Pannocchia, quien es el precandidato a intendente del departamento por&nbsp;Cambia Mendoza&nbsp;y cu\u00f1ado de&nbsp;Alfredo Cornejo. Se trata de&nbsp;Luis Jarpa, Oscar Gallardo, N\u00e9stor Micames y Mat\u00edas Guerra,<a class=\"read-more\" href=\"https:\/\/elfederalmendoza.com.ar\/index.php\/2023\/04\/27\/imputaron-a-cuatro-empleados-de-san-carlos-que-fueron-filmados-mientras-rompian-carteles-de-cambia-mendoza\/\"> [&hellip;]<\/a><\/p>\n","protected":false},"author":2,"featured_media":22313,"comment_status":"open","ping_status":"open","sticky":false,"template":"","format":"standard","meta":{"footnotes":""},"categories":[1],"tags":[],"class_list":["post-22308","post","type-post","status-publish","format-standard","has-post-thumbnail","hentry","category-mza"],"rttpg_featured_image_url":{"full":["https:\/\/elfederalmendoza.com.ar\/wp-content\/uploads\/2023\/04\/san-carlos2.jpg",800,446,false],"landscape":["https:\/\/elfederalmendoza.com.ar\/wp-content\/uploads\/2023\/04\/san-carlos2.jpg",800,446,false],"portraits":["https:\/\/elfederalmendoza.com.ar\/wp-content\/uploads\/2023\/04\/san-carlos2.jpg",800,446,false],"thumbnail":["https:\/\/elfederalmendoza.com.ar\/wp-content\/uploads\/2023\/04\/san-carlos2-150x150.jpg",150,150,true],"medium":["https:\/\/elfederalmendoza.com.ar\/wp-content\/uploads\/2023\/04\/san-carlos2-300x167.jpg",300,167,true],"large":["https:\/\/elfederalmendoza.com.ar\/wp-content\/uploads\/2023\/04\/san-carlos2.jpg",640,357,false],"1536x1536":["https:\/\/elfederalmendoza.com.ar\/wp-content\/uploads\/2023\/04\/san-carlos2.jpg",800,446,false],"2048x2048":["https:\/\/elfederalmendoza.com.ar\/wp-content\/uploads\/2023\/04\/san-carlos2.jpg",800,446,false],"ultp_layout_landscape_large":["https:\/\/elfederalmendoza.com.ar\/wp-content\/uploads\/2023\/04\/san-carlos2.jpg",800,446,false],"ultp_layout_landscape":["https:\/\/elfederalmendoza.com.ar\/wp-content\/uploads\/2023\/04\/san-carlos2.jpg",800,446,false],"ultp_layout_portrait":["https:\/\/elfederalmendoza.com.ar\/wp-content\/uploads\/2023\/04\/san-carlos2-600x446.jpg",600,446,true],"ultp_layout_square":["https:\/\/elfederalmendoza.com.ar\/wp-content\/uploads\/2023\/04\/san-carlos2-600x446.jpg",600,446,true],"rpwe-thumbnail":["https:\/\/elfederalmendoza.com.ar\/wp-content\/uploads\/2023\/04\/san-carlos2-45x45.jpg",45,45,true],"advps-thumb-one":["https:\/\/elfederalmendoza.com.ar\/wp-content\/uploads\/2023\/04\/san-carlos2-800x420.jpg",800,420,true]},"rttpg_author":{"display_name":"Redacci\u00f3n El Federal","author_link":"https:\/\/elfederalmendoza.com.ar\/index.php\/author\/angelflores\/"},"rttpg_comment":0,"rttpg_category":"<a href=\"https:\/\/elfederalmendoza.com.ar\/index.php\/category\/mza\/\" rel=\"category tag\">Mendoza<\/a>","rttpg_excerpt":"A s\u00f3lo cinco d\u00edas de que se realicen las PASO, cuatro empleados de la&nbsp;Municipalidad de San Carlos&nbsp;fueron imputados en las \u00faltimas horas por romper carteler\u00eda pol\u00edtica con la imagen de&nbsp;Silvio Pannocchia, quien es el precandidato a intendente del departamento por&nbsp;Cambia Mendoza&nbsp;y cu\u00f1ado de&nbsp;Alfredo Cornejo. Se trata de&nbsp;Luis Jarpa, Oscar Gallardo, N\u00e9stor Micames y Mat\u00edas Guerra,&hellip;","_links":{"self":[{"href":"https:\/\/elfederalmendoza.com.ar\/index.php\/wp-json\/wp\/v2\/posts\/22308","targetHints":{"allow":["GET"]}}],"collection":[{"href":"https:\/\/elfederalmendoza.com.ar\/index.php\/wp-json\/wp\/v2\/posts"}],"about":[{"href":"https:\/\/elfederalmendoza.com.ar\/index.php\/wp-json\/wp\/v2\/types\/post"}],"author":[{"embeddable":true,"href":"https:\/\/elfederalmendoza.com.ar\/index.php\/wp-json\/wp\/v2\/users\/2"}],"replies":[{"embeddable":true,"href":"https:\/\/elfederalmendoza.com.ar\/index.php\/wp-json\/wp\/v2\/comments?post=22308"}],"version-history":[{"count":2,"href":"https:\/\/elfederalmendoza.com.ar\/index.php\/wp-json\/wp\/v2\/posts\/22308\/revisions"}],"predecessor-version":[{"id":22314,"href":"https:\/\/elfederalmendoza.com.ar\/index.php\/wp-json\/wp\/v2\/posts\/22308\/revisions\/22314"}],"wp:featuredmedia":[{"embeddable":true,"href":"https:\/\/elfederalmendoza.com.ar\/index.php\/wp-json\/wp\/v2\/media\/22313"}],"wp:attachment":[{"href":"https:\/\/elfederalmendoza.com.ar\/index.php\/wp-json\/wp\/v2\/media?parent=22308"}],"wp:term":[{"taxonomy":"category","embeddable":true,"href":"https:\/\/elfederalmendoza.com.ar\/index.php\/wp-json\/wp\/v2\/categories?post=22308"},{"taxonomy":"post_tag","embeddable":true,"href":"https:\/\/elfederalmendoza.com.ar\/index.php\/wp-json\/wp\/v2\/tags?post=22308"}],"curies":[{"name":"wp","href":"https:\/\/api.w.org\/{rel}","templated":true}]}}