{"id":22310,"date":"2023-04-27T08:03:00","date_gmt":"2023-04-27T11:03:00","guid":{"rendered":"https:\/\/elfederalmendoza.com\/?p=22310"},"modified":"2023-04-27T12:09:36","modified_gmt":"2023-04-27T15:09:36","slug":"atropellaron-a-un-cachorro-de-zorro-gris-en-lujan-y-dos-mujeres-lo-rescataron","status":"publish","type":"post","link":"https:\/\/elfederalmendoza.com.ar\/index.php\/2023\/04\/27\/atropellaron-a-un-cachorro-de-zorro-gris-en-lujan-y-dos-mujeres-lo-rescataron\/","title":{"rendered":"Atropellaron a un cachorro de zorro gris en Luj\u00e1n y dos mujeres lo rescataron"},"content":{"rendered":"\n<p>Un\u00a0<strong>zorrito gris de 6 meses fue atropellado en Luj\u00e1n<\/strong>\u00a0y rescatado por dos mujeres que lo llevaron a la Fundaci\u00f3n Cullinche, donde se dedican a proteger y cuidar la fauna silvestre de Mendoza. All\u00ed los veterinarios le hicieron estudios y una radiograf\u00eda, en la que no encontraron ninguna lesi\u00f3n, pero por el golpe el animal a\u00fan no mueve sus patas y\u00a0<strong>su estado es reservado, seg\u00fan inform\u00f3 Diario Los Andes.<\/strong><\/p>\n\n\n\n<p>El animal fue encontrado el domingo en el&nbsp;<strong>barrio Aguaribay, en la zona del piedemonte de Luj\u00e1n<\/strong>, donde hay una comunidad de zorros en una zona sin desmontar a la que varios vecinos le llaman reserva. Creen que el cachorro de 6 meses sali\u00f3 de all\u00ed en busca de comida, cuando&nbsp;<strong>fue atropellado.<\/strong><\/p>\n\n\n\n<figure class=\"wp-block-image\"><img decoding=\"async\" src=\"https:\/\/media.diariouno.com.ar\/p\/c578cb6d7f925134b9285cbc8852a2df\/adjuntos\/298\/imagenes\/009\/148\/0009148145\/1200x0\/smart\/fundacion-cullunche-zorro-atropellado-lujanjpg.jpg\" alt=\"Las mujeres que encontraron al zorro gris en mal estado lo metieron en una caja y lo taparon para protegerlo mientras lo llevaban a la Fundaci\u00f3n Cullunche.\"\/><\/figure>\n\n\n\n<p>Las mujeres que encontraron al <strong>zorro gris en mal estado lo metieron en una caja<\/strong> y lo taparon para protegerlo mientras lo llevaban a la Fundaci\u00f3n Cullunche.<\/p>\n\n\n\n<p>Dos mujeres lo encontraron y al ver el mal estado del zorro,&nbsp;<strong>lo metieron en una caja, lo taparon para protegerlo y lo trasladaron a la Fundaci\u00f3n Cullunche<\/strong>, ubicada en la calle Jujuy al 900, de Capital, a una cuadra de la rotonda del avi\u00f3n.<\/p>\n\n\n\n<p>All\u00ed los veterinarios que lo recibieron indicaron que el zorrito macho&nbsp;<strong>ten\u00eda heridas compatibles con el golpe de un veh\u00edculo<\/strong>. Lo primero que hicieron fue hidratarlo bajo anestesia, lo medicaron y le sacaron radiograf\u00edas en las que&nbsp;<strong>no hallaron ninguna lesi\u00f3n en su columna<\/strong>, pero se\u00f1alaron que presenta compromiso neurol\u00f3gico de sus patitas y su pron\u00f3stico es reservado.<\/p>\n\n\n\n<figure class=\"wp-block-image\"><img decoding=\"async\" src=\"https:\/\/media.diariouno.com.ar\/p\/3ec6fe89fb354a3170975d76a95539ab\/adjuntos\/298\/imagenes\/009\/148\/0009148153\/1200x0\/smart\/fundacion-cullunche-zorro-atropellado-lujan-4jpg.jpg\" alt=\"Los veterinarios de la Fundaci\u00f3n Cullunche no vieron lesiones en la radiograf\u00eda que le hicieron al zorrito de 6 meses.\"\/><\/figure>\n\n\n\n<p>Los veterinarios de la Fundaci\u00f3n Cullunche no vieron lesiones en la radiograf\u00eda que le hicieron al zorrito de 6 meses.<\/p>\n\n\n\n<h2 class=\"wp-block-heading\">Los cuidados en la Fundaci\u00f3n Cullunche<\/h2>\n\n\n\n<p>La titular de la fundaci\u00f3n, Jennifer Ibarra dijo: \u00abProducto del impacto que sufri\u00f3&nbsp;<strong>tiene un golpe en la cadera<\/strong>&nbsp;y puede ser por eso que no puede mover sus patas\u00bb.<\/p>\n\n\n\n<p>A pesar de esto, Ibarra se\u00f1al\u00f3 que lo alentador es que acept\u00f3 la comida que le dieron: \u00ab<strong>Comi\u00f3 pollo crudo<\/strong>. Tambi\u00e9n se le puede dar alimento balanceado, y&nbsp;<strong>son comedores de frutas, como manzanas, y muchas semillas<\/strong>&nbsp;especialmente de algarrobo. Su materia fecal estaba llena de semillitas\u00bb.<\/p>\n\n\n\n<figure class=\"wp-block-image\"><img decoding=\"async\" src=\"https:\/\/media.diariouno.com.ar\/p\/f87ab52f8b5fafedb24f99ca92443c87\/adjuntos\/298\/imagenes\/009\/148\/0009148156\/1200x0\/smart\/fundacion-cullunche-zorro-atropellado-lujan-3jpg.jpg\" alt=\"El zorro gris qued\u00f3 bajo los cuidados de los veterinarios de la Fundaci\u00f3n Cullunche.\"\/><\/figure>\n\n\n\n<p>El zorro gris qued\u00f3 bajo los cuidados de los veterinarios de la Fundaci\u00f3n Cullunche.<\/p>\n\n\n\n<p>Esperan que su condici\u00f3n y su \u00e1nimo mejoren d\u00eda a d\u00eda, y que se desinflame la zona de la cadera para que&nbsp;<strong>empiece a mover sus patas y volver a caminar<\/strong>. De lo contrario, deber\u00e1n hacer una nueva evaluaci\u00f3n para determinar los pasos a seguir.<\/p>\n","protected":false},"excerpt":{"rendered":"<p>Un\u00a0zorrito gris de 6 meses fue atropellado en Luj\u00e1n\u00a0y rescatado por dos mujeres que lo llevaron a la Fundaci\u00f3n Cullinche, donde se dedican a proteger y cuidar la fauna silvestre de Mendoza. All\u00ed los veterinarios le hicieron estudios y una radiograf\u00eda, en la que no encontraron ninguna lesi\u00f3n, pero por el golpe el animal a\u00fan<a class=\"read-more\" href=\"https:\/\/elfederalmendoza.com.ar\/index.php\/2023\/04\/27\/atropellaron-a-un-cachorro-de-zorro-gris-en-lujan-y-dos-mujeres-lo-rescataron\/\"> [&hellip;]<\/a><\/p>\n","protected":false},"author":2,"featured_media":22311,"comment_status":"open","ping_status":"open","sticky":false,"template":"","format":"standard","meta":{"footnotes":""},"categories":[1],"tags":[],"class_list":["post-22310","post","type-post","status-publish","format-standard","has-post-thumbnail","hentry","category-mza"],"rttpg_featured_image_url":{"full":["https:\/\/elfederalmendoza.com.ar\/wp-content\/uploads\/2023\/04\/zorrito.jpg",1089,604,false],"landscape":["https:\/\/elfederalmendoza.com.ar\/wp-content\/uploads\/2023\/04\/zorrito.jpg",1089,604,false],"portraits":["https:\/\/elfederalmendoza.com.ar\/wp-content\/uploads\/2023\/04\/zorrito.jpg",1089,604,false],"thumbnail":["https:\/\/elfederalmendoza.com.ar\/wp-content\/uploads\/2023\/04\/zorrito-150x150.jpg",150,150,true],"medium":["https:\/\/elfederalmendoza.com.ar\/wp-content\/uploads\/2023\/04\/zorrito-300x166.jpg",300,166,true],"large":["https:\/\/elfederalmendoza.com.ar\/wp-content\/uploads\/2023\/04\/zorrito-1024x568.jpg",640,355,true],"1536x1536":["https:\/\/elfederalmendoza.com.ar\/wp-content\/uploads\/2023\/04\/zorrito.jpg",1089,604,false],"2048x2048":["https:\/\/elfederalmendoza.com.ar\/wp-content\/uploads\/2023\/04\/zorrito.jpg",1089,604,false],"ultp_layout_landscape_large":["https:\/\/elfederalmendoza.com.ar\/wp-content\/uploads\/2023\/04\/zorrito.jpg",1089,604,false],"ultp_layout_landscape":["https:\/\/elfederalmendoza.com.ar\/wp-content\/uploads\/2023\/04\/zorrito-870x570.jpg",870,570,true],"ultp_layout_portrait":["https:\/\/elfederalmendoza.com.ar\/wp-content\/uploads\/2023\/04\/zorrito-600x604.jpg",600,604,true],"ultp_layout_square":["https:\/\/elfederalmendoza.com.ar\/wp-content\/uploads\/2023\/04\/zorrito-600x600.jpg",600,600,true],"rpwe-thumbnail":["https:\/\/elfederalmendoza.com.ar\/wp-content\/uploads\/2023\/04\/zorrito-45x45.jpg",45,45,true],"advps-thumb-one":["https:\/\/elfederalmendoza.com.ar\/wp-content\/uploads\/2023\/04\/zorrito-1089x420.jpg",1089,420,true]},"rttpg_author":{"display_name":"Redacci\u00f3n El Federal","author_link":"https:\/\/elfederalmendoza.com.ar\/index.php\/author\/angelflores\/"},"rttpg_comment":0,"rttpg_category":"<a href=\"https:\/\/elfederalmendoza.com.ar\/index.php\/category\/mza\/\" rel=\"category tag\">Mendoza<\/a>","rttpg_excerpt":"Un\u00a0zorrito gris de 6 meses fue atropellado en Luj\u00e1n\u00a0y rescatado por dos mujeres que lo llevaron a la Fundaci\u00f3n Cullinche, donde se dedican a proteger y cuidar la fauna silvestre de Mendoza. All\u00ed los veterinarios le hicieron estudios y una radiograf\u00eda, en la que no encontraron ninguna lesi\u00f3n, pero por el golpe el animal a\u00fan&hellip;","_links":{"self":[{"href":"https:\/\/elfederalmendoza.com.ar\/index.php\/wp-json\/wp\/v2\/posts\/22310","targetHints":{"allow":["GET"]}}],"collection":[{"href":"https:\/\/elfederalmendoza.com.ar\/index.php\/wp-json\/wp\/v2\/posts"}],"about":[{"href":"https:\/\/elfederalmendoza.com.ar\/index.php\/wp-json\/wp\/v2\/types\/post"}],"author":[{"embeddable":true,"href":"https:\/\/elfederalmendoza.com.ar\/index.php\/wp-json\/wp\/v2\/users\/2"}],"replies":[{"embeddable":true,"href":"https:\/\/elfederalmendoza.com.ar\/index.php\/wp-json\/wp\/v2\/comments?post=22310"}],"version-history":[{"count":1,"href":"https:\/\/elfederalmendoza.com.ar\/index.php\/wp-json\/wp\/v2\/posts\/22310\/revisions"}],"predecessor-version":[{"id":22312,"href":"https:\/\/elfederalmendoza.com.ar\/index.php\/wp-json\/wp\/v2\/posts\/22310\/revisions\/22312"}],"wp:featuredmedia":[{"embeddable":true,"href":"https:\/\/elfederalmendoza.com.ar\/index.php\/wp-json\/wp\/v2\/media\/22311"}],"wp:attachment":[{"href":"https:\/\/elfederalmendoza.com.ar\/index.php\/wp-json\/wp\/v2\/media?parent=22310"}],"wp:term":[{"taxonomy":"category","embeddable":true,"href":"https:\/\/elfederalmendoza.com.ar\/index.php\/wp-json\/wp\/v2\/categories?post=22310"},{"taxonomy":"post_tag","embeddable":true,"href":"https:\/\/elfederalmendoza.com.ar\/index.php\/wp-json\/wp\/v2\/tags?post=22310"}],"curies":[{"name":"wp","href":"https:\/\/api.w.org\/{rel}","templated":true}]}}