{"id":22320,"date":"2023-04-27T18:49:25","date_gmt":"2023-04-27T21:49:25","guid":{"rendered":"https:\/\/elfederalmendoza.com\/?p=22320"},"modified":"2023-04-27T18:49:25","modified_gmt":"2023-04-27T21:49:25","slug":"santi-maratea-recaudo-para-independiente-en-5-horas-la-increible-cifra-de-300-millones-de-pesos-y-contando","status":"publish","type":"post","link":"https:\/\/elfederalmendoza.com.ar\/index.php\/2023\/04\/27\/santi-maratea-recaudo-para-independiente-en-5-horas-la-increible-cifra-de-300-millones-de-pesos-y-contando\/","title":{"rendered":"Santi Maratea recaud\u00f3 para Independiente en 5 horas la incre\u00edble cifra de 300 millones de pesos y contando"},"content":{"rendered":"\n<p>La colecta para pagar las deudas de\u00a0<strong>Independiente de Avellaneda<\/strong>, lanzada este jueves por el reconocido influencer\u00a0<strong>Santiago Maratea\u00a0<\/strong>en compa\u00f1\u00eda de\u00a0<strong>Miguel \u00c1ngel Santoro<\/strong>, una leyenda del club que m\u00e1s veces gan\u00f3 la Copa Libertadores arranc\u00f3 con todo y en apenas cinco horas recaud\u00f3 una cifra impresionante.<\/p>\n\n\n\n<p><strong>Maratea<\/strong>&nbsp;dio a conocer en su perfil de Instagram el alias de Mercado Pago para poder sumarse a las colaboraciones, y en plena conferencia de prensa, cuando se hab\u00eda cumplido una hora desde el lanzamiento, revel\u00f3 que ya se hab\u00edan juntado 74 millones de pesos.<\/p>\n\n\n\n<p>Y luego de cinco horas de haber sido lanzada la colecta para Independiente, el n\u00famero lleg\u00f3 a 324 millones de pesos, con una meta de 20 millones de d\u00f3lares que, seg\u00fan estimaciones del propio\u00a0<strong>Maratea<\/strong>, podr\u00edan ser alcanzados en un plazo de tres semanas.<\/p>\n\n\n\n<p>A la campa\u00f1a se sumaron varios exfutbolistas e hinchas famosos de Independiente. De hecho, el escritor&nbsp;<strong>Eduardo<\/strong>&nbsp;<strong>Sacheri<\/strong>&nbsp;se manifest\u00f3 en Twitter: \u00abCreo que hay pocas cosas que importen realmente en la vida. Cuidar y ayudar a quienes amamos es una de esas cosas. Si mi familia me necesita tengo que hacer lo posible por estar. Y mi club es, tambi\u00e9n, mi familia. Siempre con vos Independiente. Siempre con vos. Y punto\u00bb.<\/p>\n\n\n\n<figure class=\"wp-block-image is-resized\"><img loading=\"lazy\" decoding=\"async\" src=\"https:\/\/www.mendozapost.com\/files\/image\/476\/476921\/644ae3999f3d5_570_400!.jpg?s=5e7161478d6397dcf9121830ee45d0ae&amp;d=1682629532\" alt=\"\" width=\"952\" height=\"668\"\/><figcaption class=\"wp-element-caption\">Pep\u00e9 Santoro le agradeci\u00f3 a Santi Maratea.<\/figcaption><\/figure>\n\n\n\n<p>\u00abComo hoy se lanza el proyecto, me parece justo compartir con el resto de nosotros eso que pienso, sin la pretensi\u00f3n de dictar c\u00e1tedra (no soy qui\u00e9n) ni ofender a nadie (no lo deseo)\u00bb, continu\u00f3.<\/p>\n\n\n\n<p>Los dep\u00f3sitos para la recaudaci\u00f3n se realizan mediante links por montos de 4.000, 8.000, 16.000 y 32.000 pesos, que remiten a la cuenta del titular. Pero tambi\u00e9n se puede aportar la cifra que cada uno quiera o pueda, a trav\u00e9s del alias&nbsp;<strong>Maratearojo<\/strong>.<\/p>\n\n\n\n<figure class=\"wp-block-image is-resized\"><img loading=\"lazy\" decoding=\"async\" src=\"https:\/\/www.mendozapost.com\/files\/image\/476\/476923\/644ae41ce5051_570_300!.jpg?s=1e5116f8914ad51a73710a9c3144d783&amp;d=1682629663\" alt=\"\" width=\"950\" height=\"500\"\/><figcaption class=\"wp-element-caption\">La colecta comenz\u00f3 cerca de las 13 y a las 18 Maratea public\u00f3 este tweet.<\/figcaption><\/figure>\n\n\n\n<p><strong>Independiente<\/strong>&nbsp;debe un aproximado de&nbsp;<strong>20 millones de d\u00f3lares<\/strong>, pero la mayor urgencia pasa por levantar la deuda con el Am\u00e9rica de M\u00e9xico (5.700.000 de d\u00f3lares) por el pase del futbolista paraguayo Cecilio Dom\u00ednguez, lo que mantiene al club inhibido.<\/p>\n","protected":false},"excerpt":{"rendered":"<p>La colecta para pagar las deudas de\u00a0Independiente de Avellaneda, lanzada este jueves por el reconocido influencer\u00a0Santiago Maratea\u00a0en compa\u00f1\u00eda de\u00a0Miguel \u00c1ngel Santoro, una leyenda del club que m\u00e1s veces gan\u00f3 la Copa Libertadores arranc\u00f3 con todo y en apenas cinco horas recaud\u00f3 una cifra impresionante. Maratea&nbsp;dio a conocer en su perfil de Instagram el alias de<a class=\"read-more\" href=\"https:\/\/elfederalmendoza.com.ar\/index.php\/2023\/04\/27\/santi-maratea-recaudo-para-independiente-en-5-horas-la-increible-cifra-de-300-millones-de-pesos-y-contando\/\"> [&hellip;]<\/a><\/p>\n","protected":false},"author":2,"featured_media":22321,"comment_status":"open","ping_status":"open","sticky":false,"template":"","format":"standard","meta":{"footnotes":""},"categories":[5618],"tags":[],"class_list":["post-22320","post","type-post","status-publish","format-standard","has-post-thumbnail","hentry","category-arg"],"rttpg_featured_image_url":{"full":["https:\/\/elfederalmendoza.com.ar\/wp-content\/uploads\/2023\/04\/santi-maratea1.jpg",893,646,false],"landscape":["https:\/\/elfederalmendoza.com.ar\/wp-content\/uploads\/2023\/04\/santi-maratea1.jpg",893,646,false],"portraits":["https:\/\/elfederalmendoza.com.ar\/wp-content\/uploads\/2023\/04\/santi-maratea1.jpg",893,646,false],"thumbnail":["https:\/\/elfederalmendoza.com.ar\/wp-content\/uploads\/2023\/04\/santi-maratea1-150x150.jpg",150,150,true],"medium":["https:\/\/elfederalmendoza.com.ar\/wp-content\/uploads\/2023\/04\/santi-maratea1-300x217.jpg",300,217,true],"large":["https:\/\/elfederalmendoza.com.ar\/wp-content\/uploads\/2023\/04\/santi-maratea1.jpg",640,463,false],"1536x1536":["https:\/\/elfederalmendoza.com.ar\/wp-content\/uploads\/2023\/04\/santi-maratea1.jpg",893,646,false],"2048x2048":["https:\/\/elfederalmendoza.com.ar\/wp-content\/uploads\/2023\/04\/santi-maratea1.jpg",893,646,false],"ultp_layout_landscape_large":["https:\/\/elfederalmendoza.com.ar\/wp-content\/uploads\/2023\/04\/santi-maratea1.jpg",893,646,false],"ultp_layout_landscape":["https:\/\/elfederalmendoza.com.ar\/wp-content\/uploads\/2023\/04\/santi-maratea1-870x570.jpg",870,570,true],"ultp_layout_portrait":["https:\/\/elfederalmendoza.com.ar\/wp-content\/uploads\/2023\/04\/santi-maratea1-600x646.jpg",600,646,true],"ultp_layout_square":["https:\/\/elfederalmendoza.com.ar\/wp-content\/uploads\/2023\/04\/santi-maratea1-600x600.jpg",600,600,true],"rpwe-thumbnail":["https:\/\/elfederalmendoza.com.ar\/wp-content\/uploads\/2023\/04\/santi-maratea1-45x45.jpg",45,45,true],"advps-thumb-one":["https:\/\/elfederalmendoza.com.ar\/wp-content\/uploads\/2023\/04\/santi-maratea1-893x420.jpg",893,420,true]},"rttpg_author":{"display_name":"Redacci\u00f3n El Federal","author_link":"https:\/\/elfederalmendoza.com.ar\/index.php\/author\/angelflores\/"},"rttpg_comment":0,"rttpg_category":"<a href=\"https:\/\/elfederalmendoza.com.ar\/index.php\/category\/arg\/\" rel=\"category tag\">Argentina<\/a>","rttpg_excerpt":"La colecta para pagar las deudas de\u00a0Independiente de Avellaneda, lanzada este jueves por el reconocido influencer\u00a0Santiago Maratea\u00a0en compa\u00f1\u00eda de\u00a0Miguel \u00c1ngel Santoro, una leyenda del club que m\u00e1s veces gan\u00f3 la Copa Libertadores arranc\u00f3 con todo y en apenas cinco horas recaud\u00f3 una cifra impresionante. Maratea&nbsp;dio a conocer en su perfil de Instagram el alias de&hellip;","_links":{"self":[{"href":"https:\/\/elfederalmendoza.com.ar\/index.php\/wp-json\/wp\/v2\/posts\/22320","targetHints":{"allow":["GET"]}}],"collection":[{"href":"https:\/\/elfederalmendoza.com.ar\/index.php\/wp-json\/wp\/v2\/posts"}],"about":[{"href":"https:\/\/elfederalmendoza.com.ar\/index.php\/wp-json\/wp\/v2\/types\/post"}],"author":[{"embeddable":true,"href":"https:\/\/elfederalmendoza.com.ar\/index.php\/wp-json\/wp\/v2\/users\/2"}],"replies":[{"embeddable":true,"href":"https:\/\/elfederalmendoza.com.ar\/index.php\/wp-json\/wp\/v2\/comments?post=22320"}],"version-history":[{"count":1,"href":"https:\/\/elfederalmendoza.com.ar\/index.php\/wp-json\/wp\/v2\/posts\/22320\/revisions"}],"predecessor-version":[{"id":22322,"href":"https:\/\/elfederalmendoza.com.ar\/index.php\/wp-json\/wp\/v2\/posts\/22320\/revisions\/22322"}],"wp:featuredmedia":[{"embeddable":true,"href":"https:\/\/elfederalmendoza.com.ar\/index.php\/wp-json\/wp\/v2\/media\/22321"}],"wp:attachment":[{"href":"https:\/\/elfederalmendoza.com.ar\/index.php\/wp-json\/wp\/v2\/media?parent=22320"}],"wp:term":[{"taxonomy":"category","embeddable":true,"href":"https:\/\/elfederalmendoza.com.ar\/index.php\/wp-json\/wp\/v2\/categories?post=22320"},{"taxonomy":"post_tag","embeddable":true,"href":"https:\/\/elfederalmendoza.com.ar\/index.php\/wp-json\/wp\/v2\/tags?post=22320"}],"curies":[{"name":"wp","href":"https:\/\/api.w.org\/{rel}","templated":true}]}}