{"id":22326,"date":"2023-04-28T07:40:12","date_gmt":"2023-04-28T10:40:12","guid":{"rendered":"https:\/\/elfederalmendoza.com\/?p=22326"},"modified":"2023-04-28T07:40:14","modified_gmt":"2023-04-28T10:40:14","slug":"vecinos-amigos-y-familiares-piden-justicia-por-el-crimen-de-sergio-keko-morales","status":"publish","type":"post","link":"https:\/\/elfederalmendoza.com.ar\/index.php\/2023\/04\/28\/vecinos-amigos-y-familiares-piden-justicia-por-el-crimen-de-sergio-keko-morales\/","title":{"rendered":"Vecinos, amigos y familiares piden justicia por el crimen de Sergio \u00abKeko\u00bb Morales"},"content":{"rendered":"\n<p>La v\u00edctima agoniz\u00f3 una semana y muri\u00f3. Sus amigos lo despidieron, sin consuelo, en las redes sociales. El agresor escap\u00f3 despu\u00e9s del fatal ataque y tiene pedido de captura nacional. <\/p>\n\n\n\n<blockquote class=\"wp-block-quote is-layout-flow wp-block-quote-is-layout-flow\">\n<p><strong>Vecinos, amigos y familiares har\u00e1n una convocatoria en la Legislatura de Mendoza, y un homenaje en el Club Pedro Molina de Guaymall\u00e9n<\/strong><\/p>\n<\/blockquote>\n\n\n\n<p>Sergio \u201cKeko\u201d Morales, el hombre que hab\u00eda sido<strong>&nbsp;baleado por la expareja de una amiga&nbsp;<\/strong>mientras hac\u00eda un asado en la casa de la mujer en Guayamall\u00e9n, muri\u00f3 este domingo tras una semana de agon\u00eda.<\/p>\n\n\n\n<p>\u201cY se nos fue\u2026 Esta ma\u00f1ana del domingo se nos fue nuestro compa\u00f1ero,\u00a0<strong>se nos fue un miembro de esta familia.<\/strong>\u00a0Nos queda el recuerdo de todos esos momentos hermosos, de las batallas art\u00edsticas que dimos, que dimos hombro a hombro con el alma hecha fuego\u201d, lo despidi\u00f3 en Facebook el grupo La Gota Teatro, del cual la v\u00edctima formaba parte.<\/p>\n\n\n\n<figure class=\"wp-block-image size-large is-resized\"><img loading=\"lazy\" decoding=\"async\" src=\"https:\/\/elfederalmendoza.com\/wp-content\/uploads\/2023\/04\/keko-740x1024.jpg\" alt=\"\" class=\"wp-image-22327\" width=\"946\" height=\"1309\" srcset=\"https:\/\/elfederalmendoza.com.ar\/wp-content\/uploads\/2023\/04\/keko-740x1024.jpg 740w, https:\/\/elfederalmendoza.com.ar\/wp-content\/uploads\/2023\/04\/keko-217x300.jpg 217w, https:\/\/elfederalmendoza.com.ar\/wp-content\/uploads\/2023\/04\/keko-768x1063.jpg 768w, https:\/\/elfederalmendoza.com.ar\/wp-content\/uploads\/2023\/04\/keko.jpg 925w\" sizes=\"auto, (max-width: 946px) 100vw, 946px\" \/><\/figure>\n\n\n\n<p>Y completaron: \u201cSolo decirte que fuiste una bell\u00edsima persona y que te vamos a recordar siempre con una sonrisa, siempre con la calidez que puede brindar&nbsp;<strong>un verdadero guerrero como lo fuiste.&nbsp;<\/strong>Te amamos y estar\u00e1s siempre en nuestros corazones, hermano Keko\u201d.<\/p>\n\n\n\n<figure class=\"wp-block-image is-resized\"><img loading=\"lazy\" decoding=\"async\" src=\"https:\/\/tn.com.ar\/resizer\/KluB8WRK44imwI8as8xqULndYLs=\/767x0\/smart\/filters:format(webp)\/cloudfront-us-east-1.images.arcpublishing.com\/artear\/57U6S4D24BGD7FC6BTIQ7G3VTU.PNG\" alt=\"Mensajes de dolor y consternaci\u00f3n en las redes tras la muerte de Morales. (Foto: Facebook).\" width=\"946\" height=\"1026\"\/><figcaption class=\"wp-element-caption\">Mensajes de dolor y consternaci\u00f3n en las redes tras la muerte de Morales. (Foto: Facebook).<\/figcaption><\/figure>\n\n\n\n<p>En tanto, V\u00edctor Hugo S\u00e1nchez, el presunto tirador que habr\u00eda actuado en medio de un ataque de celos al creer que Morales era la nueva pareja de su exmujer, <strong>sigue pr\u00f3fugo y tiene pedido de captura<\/strong>.<\/p>\n\n\n\n<figure class=\"wp-block-image size-large\"><img loading=\"lazy\" decoding=\"async\" width=\"1024\" height=\"937\" src=\"https:\/\/elfederalmendoza.com\/wp-content\/uploads\/2023\/04\/keko1-1024x937.jpg\" alt=\"\" class=\"wp-image-22328\" srcset=\"https:\/\/elfederalmendoza.com.ar\/wp-content\/uploads\/2023\/04\/keko1-1024x937.jpg 1024w, https:\/\/elfederalmendoza.com.ar\/wp-content\/uploads\/2023\/04\/keko1-300x274.jpg 300w, https:\/\/elfederalmendoza.com.ar\/wp-content\/uploads\/2023\/04\/keko1-768x703.jpg 768w, https:\/\/elfederalmendoza.com.ar\/wp-content\/uploads\/2023\/04\/keko1.jpg 1080w\" sizes=\"auto, (max-width: 1024px) 100vw, 1024px\" \/><\/figure>\n\n\n\n<h2 class=\"wp-block-heading\">El crimen<\/h2>\n\n\n\n<p>El viernes 14 de abril cerca de las 22, Morales estaba haciendo<strong>&nbsp;un asado para su novia y una amiga&nbsp;<\/strong>de la joven, que los hab\u00eda invitado a su casa en la calle Julio Le\u00f3nidas Aguirre al 1500, cuando de repente un balazo impact\u00f3 en su cuello.<\/p>\n\n\n\n<p>No hab\u00eda sido una bala perdida. Tampoco un caso de inseguridad. El hombre que dispar\u00f3 era&nbsp;<strong>el exmarido de la propietaria<\/strong>&nbsp;de la vivienda. S\u00e1nchez&nbsp;<strong>se hab\u00eda trepado al techo<\/strong>&nbsp;y al ver a la v\u00edctima, sin mediar palabra, dispar\u00f3.<\/p>\n\n\n\n<p>\u201cNuestro amigo Sergio Morales \u201cEl Keko\u201d fue v\u00edctima de esas<strong>&nbsp;balas envenenadas de maldad,&nbsp;<\/strong>esas balas que solo sabe el Universo porque tienen que ser las cosas como son\u201d, escribieron entonces sus compa\u00f1eros de La Gota Teatro, consternados por la noticia<\/p>\n\n\n\n<p>Morales agoniz\u00f3 una semana en el Hospital Central, donde fue operado de urgencia y le quitaron el proyectil que hab\u00eda quedado incrustado en su cuello. El da\u00f1o, sin embargo, ya estaba hecho: la bala le hab\u00eda<strong>\u00a0perforado el es\u00f3fago y las cervicales, provoc\u00e1ndole una lesi\u00f3n medular<\/strong>, y su pron\u00f3stico era reservado.<\/p>\n\n\n\n<figure class=\"wp-block-image size-large is-resized\"><img loading=\"lazy\" decoding=\"async\" src=\"https:\/\/elfederalmendoza.com\/wp-content\/uploads\/2023\/04\/asesino-de-keko-749x1024.jpg\" alt=\"\" class=\"wp-image-22329\" width=\"945\" height=\"1292\" srcset=\"https:\/\/elfederalmendoza.com.ar\/wp-content\/uploads\/2023\/04\/asesino-de-keko-749x1024.jpg 749w, https:\/\/elfederalmendoza.com.ar\/wp-content\/uploads\/2023\/04\/asesino-de-keko-219x300.jpg 219w, https:\/\/elfederalmendoza.com.ar\/wp-content\/uploads\/2023\/04\/asesino-de-keko-768x1050.jpg 768w, https:\/\/elfederalmendoza.com.ar\/wp-content\/uploads\/2023\/04\/asesino-de-keko.jpg 790w\" sizes=\"auto, (max-width: 945px) 100vw, 945px\" \/><\/figure>\n\n\n\n<p>Finalmente, pese al esfuerzo de los m\u00e9dicos por salvarlo, Morales&nbsp;<strong>muri\u00f3 este domingo a la madrugada<\/strong>. El caso es investigado por la fiscal de Homicidios Claudia R\u00edos, quien ya libr\u00f3&nbsp;<strong>una orden de captura nacional&nbsp;<\/strong>para el presunto homicida, que permanece pr\u00f3fugo.<\/p>\n","protected":false},"excerpt":{"rendered":"<p>La v\u00edctima agoniz\u00f3 una semana y muri\u00f3. Sus amigos lo despidieron, sin consuelo, en las redes sociales. El agresor escap\u00f3 despu\u00e9s del fatal ataque y tiene pedido de captura nacional. Vecinos, amigos y familiares har\u00e1n una convocatoria en la Legislatura de Mendoza, y un homenaje en el Club Pedro Molina de Guaymall\u00e9n Sergio \u201cKeko\u201d Morales,<a class=\"read-more\" href=\"https:\/\/elfederalmendoza.com.ar\/index.php\/2023\/04\/28\/vecinos-amigos-y-familiares-piden-justicia-por-el-crimen-de-sergio-keko-morales\/\"> [&hellip;]<\/a><\/p>\n","protected":false},"author":2,"featured_media":22330,"comment_status":"open","ping_status":"open","sticky":false,"template":"","format":"standard","meta":{"footnotes":""},"categories":[1],"tags":[],"class_list":["post-22326","post","type-post","status-publish","format-standard","has-post-thumbnail","hentry","category-mza"],"rttpg_featured_image_url":{"full":["https:\/\/elfederalmendoza.com.ar\/wp-content\/uploads\/2023\/04\/keko2.jpg",1040,585,false],"landscape":["https:\/\/elfederalmendoza.com.ar\/wp-content\/uploads\/2023\/04\/keko2.jpg",1040,585,false],"portraits":["https:\/\/elfederalmendoza.com.ar\/wp-content\/uploads\/2023\/04\/keko2.jpg",1040,585,false],"thumbnail":["https:\/\/elfederalmendoza.com.ar\/wp-content\/uploads\/2023\/04\/keko2-150x150.jpg",150,150,true],"medium":["https:\/\/elfederalmendoza.com.ar\/wp-content\/uploads\/2023\/04\/keko2-300x169.jpg",300,169,true],"large":["https:\/\/elfederalmendoza.com.ar\/wp-content\/uploads\/2023\/04\/keko2-1024x576.jpg",640,360,true],"1536x1536":["https:\/\/elfederalmendoza.com.ar\/wp-content\/uploads\/2023\/04\/keko2.jpg",1040,585,false],"2048x2048":["https:\/\/elfederalmendoza.com.ar\/wp-content\/uploads\/2023\/04\/keko2.jpg",1040,585,false],"ultp_layout_landscape_large":["https:\/\/elfederalmendoza.com.ar\/wp-content\/uploads\/2023\/04\/keko2.jpg",1040,585,false],"ultp_layout_landscape":["https:\/\/elfederalmendoza.com.ar\/wp-content\/uploads\/2023\/04\/keko2-870x570.jpg",870,570,true],"ultp_layout_portrait":["https:\/\/elfederalmendoza.com.ar\/wp-content\/uploads\/2023\/04\/keko2-600x585.jpg",600,585,true],"ultp_layout_square":["https:\/\/elfederalmendoza.com.ar\/wp-content\/uploads\/2023\/04\/keko2-600x585.jpg",600,585,true],"rpwe-thumbnail":["https:\/\/elfederalmendoza.com.ar\/wp-content\/uploads\/2023\/04\/keko2-45x45.jpg",45,45,true],"advps-thumb-one":["https:\/\/elfederalmendoza.com.ar\/wp-content\/uploads\/2023\/04\/keko2-1040x420.jpg",1040,420,true]},"rttpg_author":{"display_name":"Redacci\u00f3n El Federal","author_link":"https:\/\/elfederalmendoza.com.ar\/index.php\/author\/angelflores\/"},"rttpg_comment":0,"rttpg_category":"<a href=\"https:\/\/elfederalmendoza.com.ar\/index.php\/category\/mza\/\" rel=\"category tag\">Mendoza<\/a>","rttpg_excerpt":"La v\u00edctima agoniz\u00f3 una semana y muri\u00f3. Sus amigos lo despidieron, sin consuelo, en las redes sociales. El agresor escap\u00f3 despu\u00e9s del fatal ataque y tiene pedido de captura nacional. Vecinos, amigos y familiares har\u00e1n una convocatoria en la Legislatura de Mendoza, y un homenaje en el Club Pedro Molina de Guaymall\u00e9n Sergio \u201cKeko\u201d Morales,&hellip;","_links":{"self":[{"href":"https:\/\/elfederalmendoza.com.ar\/index.php\/wp-json\/wp\/v2\/posts\/22326","targetHints":{"allow":["GET"]}}],"collection":[{"href":"https:\/\/elfederalmendoza.com.ar\/index.php\/wp-json\/wp\/v2\/posts"}],"about":[{"href":"https:\/\/elfederalmendoza.com.ar\/index.php\/wp-json\/wp\/v2\/types\/post"}],"author":[{"embeddable":true,"href":"https:\/\/elfederalmendoza.com.ar\/index.php\/wp-json\/wp\/v2\/users\/2"}],"replies":[{"embeddable":true,"href":"https:\/\/elfederalmendoza.com.ar\/index.php\/wp-json\/wp\/v2\/comments?post=22326"}],"version-history":[{"count":1,"href":"https:\/\/elfederalmendoza.com.ar\/index.php\/wp-json\/wp\/v2\/posts\/22326\/revisions"}],"predecessor-version":[{"id":22331,"href":"https:\/\/elfederalmendoza.com.ar\/index.php\/wp-json\/wp\/v2\/posts\/22326\/revisions\/22331"}],"wp:featuredmedia":[{"embeddable":true,"href":"https:\/\/elfederalmendoza.com.ar\/index.php\/wp-json\/wp\/v2\/media\/22330"}],"wp:attachment":[{"href":"https:\/\/elfederalmendoza.com.ar\/index.php\/wp-json\/wp\/v2\/media?parent=22326"}],"wp:term":[{"taxonomy":"category","embeddable":true,"href":"https:\/\/elfederalmendoza.com.ar\/index.php\/wp-json\/wp\/v2\/categories?post=22326"},{"taxonomy":"post_tag","embeddable":true,"href":"https:\/\/elfederalmendoza.com.ar\/index.php\/wp-json\/wp\/v2\/tags?post=22326"}],"curies":[{"name":"wp","href":"https:\/\/api.w.org\/{rel}","templated":true}]}}