{"id":22332,"date":"2023-04-28T08:46:22","date_gmt":"2023-04-28T11:46:22","guid":{"rendered":"https:\/\/elfederalmendoza.com\/?p=22332"},"modified":"2023-04-28T08:46:23","modified_gmt":"2023-04-28T11:46:23","slug":"video-la-bersuit-intimo-a-milei-por-usar-una-cancion-de-ellos-se-viene","status":"publish","type":"post","link":"https:\/\/elfederalmendoza.com.ar\/index.php\/2023\/04\/28\/video-la-bersuit-intimo-a-milei-por-usar-una-cancion-de-ellos-se-viene\/","title":{"rendered":"-VIDEO- La Bersuit intim\u00f3 a Milei por usar una canci\u00f3n de ellos: \u00abSe viene\u00bb"},"content":{"rendered":"\n<p><strong>La Libertad Avanza,<\/strong>\u00a0el partido de libertario Javier\u00a0<strong>Milei,<\/strong>\u00a0recibi\u00f3 hoy una intimaci\u00f3n. Se trata de una<strong>\u00a0carta documento<\/strong>\u00a0de la\u00a0<strong>Bersuit Vergarabat<\/strong>, que intima al espacio pol\u00edtico a no usar m\u00e1s una canci\u00f3n de su autor\u00eda.<\/p>\n\n\n\n<p>Es que\u00a0<strong>Ricardo Bussi<\/strong>, el candidato que la agrupaci\u00f3n libertaria tiene en\u00a0<strong>Tucum\u00e1n<\/strong>, realiz\u00f3 un spot de campa\u00f1a con el\u00a0<strong>tema \u00abSe viene\u00bb<\/strong>, una canci\u00f3n de protesta cuyo estribillo advierte: \u00abSe viene el estallido, de mi guitarra, de tu gobierno, tambi\u00e9n\u00bb.<\/p>\n\n\n\n<figure class=\"wp-block-embed is-type-video is-provider-youtube wp-block-embed-youtube wp-embed-aspect-4-3 wp-has-aspect-ratio\"><div class=\"wp-block-embed__wrapper\">\n<iframe loading=\"lazy\" title=\"Bersuit Vergarabat - Se Viene\" width=\"640\" height=\"480\" src=\"https:\/\/www.youtube.com\/embed\/ACRVZzKu5h0?feature=oembed\" frameborder=\"0\" allow=\"accelerometer; autoplay; clipboard-write; encrypted-media; gyroscope; picture-in-picture; web-share\" referrerpolicy=\"strict-origin-when-cross-origin\" allowfullscreen><\/iframe>\n<\/div><\/figure>\n\n\n\n<p><em>\u00abSolicito por este medio que a partir de recibida la presente carta documento,<strong>\u00a0cese inmediatamente el uso indebido de mi composici\u00f3n musical \u00abSe viene\u00bb,\u00a0<\/strong>interpretada por la banda musical denominada\u00a0<strong>Bersuit Vergarabat\u00a0<\/strong>o por cualquier otro artista, en relaci\u00f3n a la promoci\u00f3n, difusi\u00f3n o cualquier otro uso partidario y\/o pol\u00edtico sin la debida autorizaci\u00f3n escrita y expresa, autorizaci\u00f3n que no han solicitado, y que me genera un agravio personal y su consecuente da\u00f1o econ\u00f3mico\u00bb<\/em>, dice la carta.<\/p>\n\n\n\n<figure class=\"wp-block-image is-resized\"><img loading=\"lazy\" decoding=\"async\" src=\"https:\/\/www.mendozapost.com\/files\/image\/476\/476955\/644b0c47674e3.jpg\" alt=\"\" width=\"1144\" height=\"763\"\/><figcaption class=\"wp-element-caption\">Bussi y Milei.<\/figcaption><\/figure>\n\n\n\n<p>El remitente, que lleva la firma de\u00a0<strong>V\u00edctor Alberto Verenzuela Garc\u00eda<\/strong>, fue emitido directamente al\u00a0<strong>Partido Libertario<\/strong>. Y dice tambi\u00e9n:<em>\u00a0\u00abLes hago saber que ya se han iniciado los tr\u00e1mites, tanto por mi parte como por parte de la editorial que administra mi obra art\u00edstica, a los fines de que\u00a0<strong>SADAIC\u00a0<\/strong>emita una prohibici\u00f3n expresa del uso de la composici\u00f3n en cuesti\u00f3n sin la debida autorizaci\u00f3n\u00bb.<\/em><\/p>\n\n\n\n<blockquote class=\"twitter-tweet\"><p lang=\"es\" dir=\"ltr\">La Bersuit le mand\u00f3 carta documento a Milei para que no use &quot;Se viene&quot; <br>\ud83d\udc47 <a href=\"https:\/\/t.co\/vwOQ6WNmvI\">pic.twitter.com\/vwOQ6WNmvI<\/a><\/p>&mdash; ari lijalad (@arilijalad) <a href=\"https:\/\/twitter.com\/arilijalad\/status\/1651606843628683265?ref_src=twsrc%5Etfw\">April 27, 2023<\/a><\/blockquote> <script async src=\"https:\/\/platform.twitter.com\/widgets.js\" charset=\"utf-8\"><\/script>\n\n\n\n<p>La intimaci\u00f3n adem\u00e1s agrega que&nbsp;<em>\u00abest\u00e1 de m\u00e1s mencionar que hago reserva expresa de reclamar por los da\u00f1os materiales y morales causados por vuestra dolosa actitud. Es ir\u00f3nico que un espacio pol\u00edtico cuyas caras m\u00e1s visibles se llenan las bocas de la&nbsp;<strong>palabra Libertad y la utilizan como un latiguillo vac\u00edo, desvirtuando su profundo significado, pisoteen la libertad de otros, en este caso la m\u00eda, de no permitir ni autorizar el uso pol\u00edtico de mi obra art\u00edstica, y pasen por encima de la propiedad privada que tanto declaman defender.<\/strong>&nbsp;Lo que queda claro es que muestran una incongruencia absoluta entre su discurso p\u00fablico y sus actos, incongruencia preocupante para quien quiere dirigir los destinos de este pa\u00eds y sus habitantes\u00bb<\/em>, cierra la documentaci\u00f3n enviada a&nbsp;<strong>Milei y compa\u00f1\u00eda.<\/strong><\/p>\n\n\n\n<figure class=\"wp-block-image is-resized\"><img loading=\"lazy\" decoding=\"async\" src=\"https:\/\/www.mendozapost.com\/files\/image\/476\/476957\/644b0cbeb897b_570_357!.jpg?s=34c1295672add27d8994073350f1f5b3&amp;d=1682640068\" alt=\"\" width=\"948\" height=\"594\"\/><figcaption class=\"wp-element-caption\">Ricardo Bussi, el candidato de Milei que us\u00f3 el tema de Bersuit para su campa\u00f1a.<\/figcaption><\/figure>\n","protected":false},"excerpt":{"rendered":"<p>La Libertad Avanza,\u00a0el partido de libertario Javier\u00a0Milei,\u00a0recibi\u00f3 hoy una intimaci\u00f3n. Se trata de una\u00a0carta documento\u00a0de la\u00a0Bersuit Vergarabat, que intima al espacio pol\u00edtico a no usar m\u00e1s una canci\u00f3n de su autor\u00eda. Es que\u00a0Ricardo Bussi, el candidato que la agrupaci\u00f3n libertaria tiene en\u00a0Tucum\u00e1n, realiz\u00f3 un spot de campa\u00f1a con el\u00a0tema \u00abSe viene\u00bb, una canci\u00f3n de protesta<a class=\"read-more\" href=\"https:\/\/elfederalmendoza.com.ar\/index.php\/2023\/04\/28\/video-la-bersuit-intimo-a-milei-por-usar-una-cancion-de-ellos-se-viene\/\"> [&hellip;]<\/a><\/p>\n","protected":false},"author":2,"featured_media":22333,"comment_status":"open","ping_status":"open","sticky":false,"template":"","format":"standard","meta":{"footnotes":""},"categories":[5618],"tags":[],"class_list":["post-22332","post","type-post","status-publish","format-standard","has-post-thumbnail","hentry","category-arg"],"rttpg_featured_image_url":{"full":["https:\/\/elfederalmendoza.com.ar\/wp-content\/uploads\/2023\/04\/MILEI-SE-VIENE.jpg",1128,637,false],"landscape":["https:\/\/elfederalmendoza.com.ar\/wp-content\/uploads\/2023\/04\/MILEI-SE-VIENE.jpg",1128,637,false],"portraits":["https:\/\/elfederalmendoza.com.ar\/wp-content\/uploads\/2023\/04\/MILEI-SE-VIENE.jpg",1128,637,false],"thumbnail":["https:\/\/elfederalmendoza.com.ar\/wp-content\/uploads\/2023\/04\/MILEI-SE-VIENE-150x150.jpg",150,150,true],"medium":["https:\/\/elfederalmendoza.com.ar\/wp-content\/uploads\/2023\/04\/MILEI-SE-VIENE-300x169.jpg",300,169,true],"large":["https:\/\/elfederalmendoza.com.ar\/wp-content\/uploads\/2023\/04\/MILEI-SE-VIENE-1024x578.jpg",640,361,true],"1536x1536":["https:\/\/elfederalmendoza.com.ar\/wp-content\/uploads\/2023\/04\/MILEI-SE-VIENE.jpg",1128,637,false],"2048x2048":["https:\/\/elfederalmendoza.com.ar\/wp-content\/uploads\/2023\/04\/MILEI-SE-VIENE.jpg",1128,637,false],"ultp_layout_landscape_large":["https:\/\/elfederalmendoza.com.ar\/wp-content\/uploads\/2023\/04\/MILEI-SE-VIENE.jpg",1128,637,false],"ultp_layout_landscape":["https:\/\/elfederalmendoza.com.ar\/wp-content\/uploads\/2023\/04\/MILEI-SE-VIENE-870x570.jpg",870,570,true],"ultp_layout_portrait":["https:\/\/elfederalmendoza.com.ar\/wp-content\/uploads\/2023\/04\/MILEI-SE-VIENE-600x637.jpg",600,637,true],"ultp_layout_square":["https:\/\/elfederalmendoza.com.ar\/wp-content\/uploads\/2023\/04\/MILEI-SE-VIENE-600x600.jpg",600,600,true],"rpwe-thumbnail":["https:\/\/elfederalmendoza.com.ar\/wp-content\/uploads\/2023\/04\/MILEI-SE-VIENE-45x45.jpg",45,45,true],"advps-thumb-one":["https:\/\/elfederalmendoza.com.ar\/wp-content\/uploads\/2023\/04\/MILEI-SE-VIENE-1128x420.jpg",1128,420,true]},"rttpg_author":{"display_name":"Redacci\u00f3n El Federal","author_link":"https:\/\/elfederalmendoza.com.ar\/index.php\/author\/angelflores\/"},"rttpg_comment":0,"rttpg_category":"<a href=\"https:\/\/elfederalmendoza.com.ar\/index.php\/category\/arg\/\" rel=\"category tag\">Argentina<\/a>","rttpg_excerpt":"La Libertad Avanza,\u00a0el partido de libertario Javier\u00a0Milei,\u00a0recibi\u00f3 hoy una intimaci\u00f3n. Se trata de una\u00a0carta documento\u00a0de la\u00a0Bersuit Vergarabat, que intima al espacio pol\u00edtico a no usar m\u00e1s una canci\u00f3n de su autor\u00eda. Es que\u00a0Ricardo Bussi, el candidato que la agrupaci\u00f3n libertaria tiene en\u00a0Tucum\u00e1n, realiz\u00f3 un spot de campa\u00f1a con el\u00a0tema \u00abSe viene\u00bb, una canci\u00f3n de protesta&hellip;","_links":{"self":[{"href":"https:\/\/elfederalmendoza.com.ar\/index.php\/wp-json\/wp\/v2\/posts\/22332","targetHints":{"allow":["GET"]}}],"collection":[{"href":"https:\/\/elfederalmendoza.com.ar\/index.php\/wp-json\/wp\/v2\/posts"}],"about":[{"href":"https:\/\/elfederalmendoza.com.ar\/index.php\/wp-json\/wp\/v2\/types\/post"}],"author":[{"embeddable":true,"href":"https:\/\/elfederalmendoza.com.ar\/index.php\/wp-json\/wp\/v2\/users\/2"}],"replies":[{"embeddable":true,"href":"https:\/\/elfederalmendoza.com.ar\/index.php\/wp-json\/wp\/v2\/comments?post=22332"}],"version-history":[{"count":1,"href":"https:\/\/elfederalmendoza.com.ar\/index.php\/wp-json\/wp\/v2\/posts\/22332\/revisions"}],"predecessor-version":[{"id":22334,"href":"https:\/\/elfederalmendoza.com.ar\/index.php\/wp-json\/wp\/v2\/posts\/22332\/revisions\/22334"}],"wp:featuredmedia":[{"embeddable":true,"href":"https:\/\/elfederalmendoza.com.ar\/index.php\/wp-json\/wp\/v2\/media\/22333"}],"wp:attachment":[{"href":"https:\/\/elfederalmendoza.com.ar\/index.php\/wp-json\/wp\/v2\/media?parent=22332"}],"wp:term":[{"taxonomy":"category","embeddable":true,"href":"https:\/\/elfederalmendoza.com.ar\/index.php\/wp-json\/wp\/v2\/categories?post=22332"},{"taxonomy":"post_tag","embeddable":true,"href":"https:\/\/elfederalmendoza.com.ar\/index.php\/wp-json\/wp\/v2\/tags?post=22332"}],"curies":[{"name":"wp","href":"https:\/\/api.w.org\/{rel}","templated":true}]}}