{"id":22335,"date":"2023-04-28T09:32:22","date_gmt":"2023-04-28T12:32:22","guid":{"rendered":"https:\/\/elfederalmendoza.com\/?p=22335"},"modified":"2023-04-28T09:32:22","modified_gmt":"2023-04-28T12:32:22","slug":"asesinaron-a-un-hombre-de-un-puntazo-y-todo-quedo-grabado-por-una-camara-de-seguridad","status":"publish","type":"post","link":"https:\/\/elfederalmendoza.com.ar\/index.php\/2023\/04\/28\/asesinaron-a-un-hombre-de-un-puntazo-y-todo-quedo-grabado-por-una-camara-de-seguridad\/","title":{"rendered":"Asesinaron a un hombre de un \u00abpuntazo\u00bb y todo qued\u00f3 grabado por una c\u00e1mara de seguridad"},"content":{"rendered":"\n<p><strong>Un hombre de 65 a\u00f1os fue asesinado de un puntazo este viernes por la madrugada en\u00a0Ciudad, Mendoza.<\/strong>\u00a0A la v\u00edctima la encontraron tirada en la calle y, al revisarla, se dieron cuenta que ten\u00eda una herida de arma blanca en el costado izquierdo del pecho. <strong>Por las c\u00e1maras de seguridad pudieron identificar al presunto autor, quien qued\u00f3 aprehendido<\/strong>. Investigan el m\u00f3vil del ataque, seg\u00fan inform\u00f3 Sitio Andino.<\/p>\n\n\n\n<p><strong>El hecho se conoci\u00f3 pasada la 1 cuando un llamado al 911 alert\u00f3 sobre el hallazgo de una persona herida en la calle\u00a0Jujuy, casi Jufr\u00e9 de la Cuarta Este, en Ciudad<\/strong>. Los polic\u00edas de la Comisar\u00eda Cuarta llegaron a la escena y confirmaron que el hombre, identificado como <strong>Manuel Germ\u00e1n Bustos<\/strong> y agente de quiniela, ten\u00eda una herida de arma blanca en el costado del pecho, cerca de la axila.<a href=\"https:\/\/www.sitioandino.com.ar\/cultura\/noche-jazz-artistas-mendoza-y-cordoba-n5651621\"><\/a><\/p>\n\n\n\n<p><strong>Los polic\u00edas entrevistaron a un sujeto de la zona, quien explic\u00f3 que escuch\u00f3 ladrar a sus perros y, al salir del domicilio, encontr\u00f3 a la v\u00edctima tirada<\/strong>. De inmediato los polic\u00edas pidieron una ambulancia al Servicio de Emergencia Coordinada y los m\u00e9dicos arribaron de urgencia. Los profesionales s\u00f3lo constataron el deceso del hombre, sin poder reanimarlo.<\/p>\n\n\n\n<p><strong>La fiscal Andrea Lazo, de la Fiscal\u00eda de Instrucci\u00f3n N\u00ba21 de Homicidios, se hizo cargo de la pesquisa y los polic\u00edas de Investigaciones trabajaron en la escena, al igual que Polic\u00eda Cient\u00edfica<\/strong>. Por las im\u00e1genes de unas c\u00e1maras de seguridad, supieron c\u00f3mo fue la secuencia del crimen.<\/p>\n\n\n\n<p>Tras revisar las im\u00e1genes, observaron a unos posibles sospechosos y, con esas caracter\u00edsticas, realizaron un rastrillaje por la zona y aprehendieron a dos sujetos que, en un principio, no tendr\u00edan relaci\u00f3n con el hecho.<strong>&nbsp;Adem\u00e1s, en las im\u00e1genes observaron c\u00f3mo fue la secuencia: la v\u00edctima iba caminando hacia el oeste cuando un sujeto, desde atr\u00e1s, se le acerc\u00f3 y lo abraz\u00f3.<\/strong><\/p>\n\n\n\n<p><strong>En ese momento observa que tiene un arma blanca y lo apu\u00f1ala<\/strong>. Luego se ve al autor mientras arrastra a la v\u00edctima, por lo menos, unos cinco metros. Seg\u00fan la principal hip\u00f3tesis que se maneja hasta el momento,<strong>\u00a0el hecho ocurri\u00f3 en un contexto de un robo.<\/strong><\/p>\n\n\n\n<p>Esto porque, seg\u00fan la mec\u00e1nica,<strong>&nbsp;el individuo se le acerc\u00f3 y lo abraz\u00f3 para amenazarlo con el cuchillo con intenciones de robo<\/strong>. Adem\u00e1s, confirmaron que al sujeto le faltaba un elemento que ten\u00eda entre sus prendas de vestir, confirm\u00f3 luego Cient\u00edfica.<\/p>\n\n\n\n<p>Con toda esa informaci\u00f3n, explicaron que podr\u00edan estar cerca de encontrar al autor material del asesinato, quien ser\u00e1 acusado por un homicidio criminis causa. Esto porque entienden que lo mat\u00f3 para ocultar el robo. Las actuaciones quedaron en la&nbsp;<strong>Oficina Fiscal N\u00ba13 de Ciudad.<\/strong><\/p>\n","protected":false},"excerpt":{"rendered":"<p>Un hombre de 65 a\u00f1os fue asesinado de un puntazo este viernes por la madrugada en\u00a0Ciudad, Mendoza.\u00a0A la v\u00edctima la encontraron tirada en la calle y, al revisarla, se dieron cuenta que ten\u00eda una herida de arma blanca en el costado izquierdo del pecho. Por las c\u00e1maras de seguridad pudieron identificar al presunto autor, quien<a class=\"read-more\" href=\"https:\/\/elfederalmendoza.com.ar\/index.php\/2023\/04\/28\/asesinaron-a-un-hombre-de-un-puntazo-y-todo-quedo-grabado-por-una-camara-de-seguridad\/\"> [&hellip;]<\/a><\/p>\n","protected":false},"author":2,"featured_media":22336,"comment_status":"open","ping_status":"open","sticky":false,"template":"","format":"standard","meta":{"footnotes":""},"categories":[1],"tags":[],"class_list":["post-22335","post","type-post","status-publish","format-standard","has-post-thumbnail","hentry","category-mza"],"rttpg_featured_image_url":{"full":["https:\/\/elfederalmendoza.com.ar\/wp-content\/uploads\/2023\/04\/quinielero.jpg",840,593,false],"landscape":["https:\/\/elfederalmendoza.com.ar\/wp-content\/uploads\/2023\/04\/quinielero.jpg",840,593,false],"portraits":["https:\/\/elfederalmendoza.com.ar\/wp-content\/uploads\/2023\/04\/quinielero.jpg",840,593,false],"thumbnail":["https:\/\/elfederalmendoza.com.ar\/wp-content\/uploads\/2023\/04\/quinielero-150x150.jpg",150,150,true],"medium":["https:\/\/elfederalmendoza.com.ar\/wp-content\/uploads\/2023\/04\/quinielero-300x212.jpg",300,212,true],"large":["https:\/\/elfederalmendoza.com.ar\/wp-content\/uploads\/2023\/04\/quinielero.jpg",640,452,false],"1536x1536":["https:\/\/elfederalmendoza.com.ar\/wp-content\/uploads\/2023\/04\/quinielero.jpg",840,593,false],"2048x2048":["https:\/\/elfederalmendoza.com.ar\/wp-content\/uploads\/2023\/04\/quinielero.jpg",840,593,false],"ultp_layout_landscape_large":["https:\/\/elfederalmendoza.com.ar\/wp-content\/uploads\/2023\/04\/quinielero.jpg",840,593,false],"ultp_layout_landscape":["https:\/\/elfederalmendoza.com.ar\/wp-content\/uploads\/2023\/04\/quinielero-840x570.jpg",840,570,true],"ultp_layout_portrait":["https:\/\/elfederalmendoza.com.ar\/wp-content\/uploads\/2023\/04\/quinielero-600x593.jpg",600,593,true],"ultp_layout_square":["https:\/\/elfederalmendoza.com.ar\/wp-content\/uploads\/2023\/04\/quinielero-600x593.jpg",600,593,true],"rpwe-thumbnail":["https:\/\/elfederalmendoza.com.ar\/wp-content\/uploads\/2023\/04\/quinielero-45x45.jpg",45,45,true],"advps-thumb-one":["https:\/\/elfederalmendoza.com.ar\/wp-content\/uploads\/2023\/04\/quinielero-840x420.jpg",840,420,true]},"rttpg_author":{"display_name":"Redacci\u00f3n El Federal","author_link":"https:\/\/elfederalmendoza.com.ar\/index.php\/author\/angelflores\/"},"rttpg_comment":0,"rttpg_category":"<a href=\"https:\/\/elfederalmendoza.com.ar\/index.php\/category\/mza\/\" rel=\"category tag\">Mendoza<\/a>","rttpg_excerpt":"Un hombre de 65 a\u00f1os fue asesinado de un puntazo este viernes por la madrugada en\u00a0Ciudad, Mendoza.\u00a0A la v\u00edctima la encontraron tirada en la calle y, al revisarla, se dieron cuenta que ten\u00eda una herida de arma blanca en el costado izquierdo del pecho. Por las c\u00e1maras de seguridad pudieron identificar al presunto autor, quien&hellip;","_links":{"self":[{"href":"https:\/\/elfederalmendoza.com.ar\/index.php\/wp-json\/wp\/v2\/posts\/22335","targetHints":{"allow":["GET"]}}],"collection":[{"href":"https:\/\/elfederalmendoza.com.ar\/index.php\/wp-json\/wp\/v2\/posts"}],"about":[{"href":"https:\/\/elfederalmendoza.com.ar\/index.php\/wp-json\/wp\/v2\/types\/post"}],"author":[{"embeddable":true,"href":"https:\/\/elfederalmendoza.com.ar\/index.php\/wp-json\/wp\/v2\/users\/2"}],"replies":[{"embeddable":true,"href":"https:\/\/elfederalmendoza.com.ar\/index.php\/wp-json\/wp\/v2\/comments?post=22335"}],"version-history":[{"count":1,"href":"https:\/\/elfederalmendoza.com.ar\/index.php\/wp-json\/wp\/v2\/posts\/22335\/revisions"}],"predecessor-version":[{"id":22337,"href":"https:\/\/elfederalmendoza.com.ar\/index.php\/wp-json\/wp\/v2\/posts\/22335\/revisions\/22337"}],"wp:featuredmedia":[{"embeddable":true,"href":"https:\/\/elfederalmendoza.com.ar\/index.php\/wp-json\/wp\/v2\/media\/22336"}],"wp:attachment":[{"href":"https:\/\/elfederalmendoza.com.ar\/index.php\/wp-json\/wp\/v2\/media?parent=22335"}],"wp:term":[{"taxonomy":"category","embeddable":true,"href":"https:\/\/elfederalmendoza.com.ar\/index.php\/wp-json\/wp\/v2\/categories?post=22335"},{"taxonomy":"post_tag","embeddable":true,"href":"https:\/\/elfederalmendoza.com.ar\/index.php\/wp-json\/wp\/v2\/tags?post=22335"}],"curies":[{"name":"wp","href":"https:\/\/api.w.org\/{rel}","templated":true}]}}