{"id":22338,"date":"2023-04-28T10:10:43","date_gmt":"2023-04-28T13:10:43","guid":{"rendered":"https:\/\/elfederalmendoza.com\/?p=22338"},"modified":"2023-04-28T10:10:44","modified_gmt":"2023-04-28T13:10:44","slug":"alerta-naranja-por-viento-zonda-con-rafagas-de-85-km-h-en-mendoza","status":"publish","type":"post","link":"https:\/\/elfederalmendoza.com.ar\/index.php\/2023\/04\/28\/alerta-naranja-por-viento-zonda-con-rafagas-de-85-km-h-en-mendoza\/","title":{"rendered":"Alerta naranja por viento Zonda con r\u00e1fagas de 85 km\/h en Mendoza"},"content":{"rendered":"\n<p>El\u00a0<strong>Servicio Meteorol\u00f3gico Nacional (SMN)<\/strong>\u00a0anticip\u00f3 que este viernes se registrar\u00e1\u00a0ascenso de la temperatura. El sistema nacional emiti\u00f3 un\u00a0<strong>alerta<\/strong>\u00a0naranja y amarilla por\u00a0<strong>viento Zonda<\/strong>\u00a0en gran parte del territorio mendocino que puede provocar\u00a0da\u00f1os o interrupci\u00f3n de actividades en la provincia de Mendoza.<\/p>\n\n\n\n<p>El\u00a0<strong>pron\u00f3stico<\/strong>\u00a0para este viernes en Mendoza indica que el\u00a0cielo se mantendr\u00e1 con nubosidad variable durante toda la jornada, con\u00a0ascenso de la temperatura. Las condiciones meteorol\u00f3gicas en alta monta\u00f1a ser\u00e1n inestables. La temperatura m\u00ednima esperada ser\u00e1 de 14\u00b0, mientras que la m\u00e1xima podr\u00eda superar los 30\u00b0 debido a la ocurrencia de\u00a0<strong>viento Zonda<\/strong>.<\/p>\n\n\n\n<p>Seg\u00fan la Direcci\u00f3n de Contingencias Clim\u00e1ticas de la provincia de Mendoza, las r\u00e1fagas de\u00a0<strong>viento Zonda<\/strong>\u00a0se har\u00e1n presentes en la precordillera mendocina\u00a0y el departamento de\u00a0Malarg\u00fce durante horas de la ma\u00f1ana y el mediod\u00eda mientras que, hacia horas de la tarde, el viento bajar\u00eda al\u00a0llano.\u00a0Se espera que el fen\u00f3meno pueda afectar tambi\u00e9n San Rafael, en menor intensidad Valle de Uco, sectores del Gran Mendoza y Lavalle.<\/p>\n\n\n\n<figure class=\"wp-block-image size-full\"><img loading=\"lazy\" decoding=\"async\" width=\"912\" height=\"593\" src=\"https:\/\/elfederalmendoza.com\/wp-content\/uploads\/2023\/04\/viento-zonda5.jpg\" alt=\"\" class=\"wp-image-22340\" srcset=\"https:\/\/elfederalmendoza.com.ar\/wp-content\/uploads\/2023\/04\/viento-zonda5.jpg 912w, https:\/\/elfederalmendoza.com.ar\/wp-content\/uploads\/2023\/04\/viento-zonda5-300x195.jpg 300w, https:\/\/elfederalmendoza.com.ar\/wp-content\/uploads\/2023\/04\/viento-zonda5-768x499.jpg 768w\" sizes=\"auto, (max-width: 912px) 100vw, 912px\" \/><\/figure>\n\n\n\n<p>El\u00a0<strong>SMN\u00a0<\/strong>emiti\u00f3 una alerta naranja para el departamento de Malarg\u00fce ya que ser\u00e1 el m\u00e1s afectado. \u00abEl \u00e1rea ser\u00e1 afectada por\u00a0<strong>viento Zonda<\/strong>\u00a0con intensidades entre 55 y 70 km\/h, con r\u00e1fagas que pueden superar los 85 km\/h. Este fen\u00f3meno puede provocar reducci\u00f3n de la visibilidad, un repentino aumento de temperaturas y condiciones de baja humedad relativa\u00bb, expresa la p\u00e1gina del organismo oficial.<\/p>\n\n\n\n<blockquote class=\"wp-block-quote is-layout-flow wp-block-quote-is-layout-flow\">\n<p><strong>Se espera que el fen\u00f3meno pueda afectar tambi\u00e9n San Rafael, en menor intensidad Valle de Uco, sectores del Gran Mendoza y Lavalle<\/strong><\/p>\n<\/blockquote>\n\n\n\n<p>En el resto del territorio, hay alerta amarilla. \u00abEl \u00e1rea ser\u00e1 afectada por\u00a0<strong>viento Zonda<\/strong>\u00a0con velocidades entre 35 y 50 km\/h, y r\u00e1fagas que pueden alcanzar los 75 km\/h\u00bb, destaca el SMN.<\/p>\n\n\n\n<figure class=\"wp-block-image is-resized\"><img loading=\"lazy\" decoding=\"async\" src=\"https:\/\/www.mdzol.com\/u\/fotografias\/m\/2023\/4\/27\/f768x1-1402463_1402590_211.png\" alt=\"\" width=\"942\" height=\"1596\"\/><figcaption class=\"wp-element-caption\">MAPA DE ALERTAS<\/figcaption><\/figure>\n\n\n\n<p>Desde&nbsp;<strong>Defensa Civil<\/strong>&nbsp;a\u00fan no brindaron precisiones acerca de la suspensi\u00f3n de actividades pero emitieron una serie de recomendaciones a la poblaci\u00f3n para extremar los cuidados y prevenir accidentes.<\/p>\n\n\n\n<ul class=\"wp-block-list\">\n<li>Hidratarse permanentemente, sobre todo ni\u00f1os y adultos mayores.<\/li>\n\n\n\n<li>Tener a mano la medicaci\u00f3n en caso de sufrir asma o cualquier otra enfermedad bronquial o pulmonar.<\/li>\n\n\n\n<li>Cerrar la casa lo m\u00e1s herm\u00e9ticamente posible para evitar la entrada del aire seco y caliente del exterior. Tapar con trapos h\u00famedos todas las peque\u00f1as aberturas, como marcos de puertas y ventanas.<\/li>\n\n\n\n<li>En casos extremos, aumentar artificialmente la humedad del interior de la casa mediante rociado o regado del piso o paredes.<\/li>\n\n\n\n<li>Tratar de reducir al m\u00ednimo la permanencia en el exterior, evitando exponerse a la radiaci\u00f3n solar por mucho tiempo. Suele ser aconsejable tomar duchas de agua fresca.<\/li>\n\n\n\n<li>Evitar la inhalaci\u00f3n del polvo suspendido en el aire que arrastra el viento y protegerse los ojos. No tocar objetos met\u00e1licos, ya que se pueden producir descargas el\u00e9ctricas.<\/li>\n\n\n\n<li>Ser precavido en lugares descubiertos. Por momentos, las fuertes r\u00e1fagas del viento Zonda pueden arrancar chapas, tejas u otros objetos de los techos y ser arrojados con fuerza a grandes distancias.<\/li>\n\n\n\n<li>Mantenerse alejado de los \u00e1rboles grandes y frondosos de madera fr\u00e1gil. La fuerza del viento puede quebrar ramas y arrojarlas sobre las personas.<\/li>\n\n\n\n<li>No estacionar el autom\u00f3vil bajo \u00e1rboles.<\/li>\n\n\n\n<li>Al conducir extremar la precauci\u00f3n.<\/li>\n\n\n\n<li>Ser precavido con el manejo de materiales inflamables y elementos que pueden provocar chispas o fuego, ya que la sequedad del ambiente durante el Zonda, eleva la posibilidad de incendios. Asegurarse de apagar completamente la colilla del cigarrillo antes de arrojarla.<\/li>\n<\/ul>\n","protected":false},"excerpt":{"rendered":"<p>El\u00a0Servicio Meteorol\u00f3gico Nacional (SMN)\u00a0anticip\u00f3 que este viernes se registrar\u00e1\u00a0ascenso de la temperatura. El sistema nacional emiti\u00f3 un\u00a0alerta\u00a0naranja y amarilla por\u00a0viento Zonda\u00a0en gran parte del territorio mendocino que puede provocar\u00a0da\u00f1os o interrupci\u00f3n de actividades en la provincia de Mendoza. El\u00a0pron\u00f3stico\u00a0para este viernes en Mendoza indica que el\u00a0cielo se mantendr\u00e1 con nubosidad variable durante toda la jornada,<a class=\"read-more\" href=\"https:\/\/elfederalmendoza.com.ar\/index.php\/2023\/04\/28\/alerta-naranja-por-viento-zonda-con-rafagas-de-85-km-h-en-mendoza\/\"> [&hellip;]<\/a><\/p>\n","protected":false},"author":2,"featured_media":22339,"comment_status":"open","ping_status":"open","sticky":false,"template":"","format":"standard","meta":{"footnotes":""},"categories":[1],"tags":[],"class_list":["post-22338","post","type-post","status-publish","format-standard","has-post-thumbnail","hentry","category-mza"],"rttpg_featured_image_url":{"full":["https:\/\/elfederalmendoza.com.ar\/wp-content\/uploads\/2023\/04\/viento-zonda4.jpg",1204,672,false],"landscape":["https:\/\/elfederalmendoza.com.ar\/wp-content\/uploads\/2023\/04\/viento-zonda4.jpg",1204,672,false],"portraits":["https:\/\/elfederalmendoza.com.ar\/wp-content\/uploads\/2023\/04\/viento-zonda4.jpg",1204,672,false],"thumbnail":["https:\/\/elfederalmendoza.com.ar\/wp-content\/uploads\/2023\/04\/viento-zonda4-150x150.jpg",150,150,true],"medium":["https:\/\/elfederalmendoza.com.ar\/wp-content\/uploads\/2023\/04\/viento-zonda4-300x167.jpg",300,167,true],"large":["https:\/\/elfederalmendoza.com.ar\/wp-content\/uploads\/2023\/04\/viento-zonda4-1024x572.jpg",640,358,true],"1536x1536":["https:\/\/elfederalmendoza.com.ar\/wp-content\/uploads\/2023\/04\/viento-zonda4.jpg",1204,672,false],"2048x2048":["https:\/\/elfederalmendoza.com.ar\/wp-content\/uploads\/2023\/04\/viento-zonda4.jpg",1204,672,false],"ultp_layout_landscape_large":["https:\/\/elfederalmendoza.com.ar\/wp-content\/uploads\/2023\/04\/viento-zonda4-1200x672.jpg",1200,672,true],"ultp_layout_landscape":["https:\/\/elfederalmendoza.com.ar\/wp-content\/uploads\/2023\/04\/viento-zonda4-870x570.jpg",870,570,true],"ultp_layout_portrait":["https:\/\/elfederalmendoza.com.ar\/wp-content\/uploads\/2023\/04\/viento-zonda4-600x672.jpg",600,672,true],"ultp_layout_square":["https:\/\/elfederalmendoza.com.ar\/wp-content\/uploads\/2023\/04\/viento-zonda4-600x600.jpg",600,600,true],"rpwe-thumbnail":["https:\/\/elfederalmendoza.com.ar\/wp-content\/uploads\/2023\/04\/viento-zonda4-45x45.jpg",45,45,true],"advps-thumb-one":["https:\/\/elfederalmendoza.com.ar\/wp-content\/uploads\/2023\/04\/viento-zonda4-1200x420.jpg",1200,420,true]},"rttpg_author":{"display_name":"Redacci\u00f3n El Federal","author_link":"https:\/\/elfederalmendoza.com.ar\/index.php\/author\/angelflores\/"},"rttpg_comment":0,"rttpg_category":"<a href=\"https:\/\/elfederalmendoza.com.ar\/index.php\/category\/mza\/\" rel=\"category tag\">Mendoza<\/a>","rttpg_excerpt":"El\u00a0Servicio Meteorol\u00f3gico Nacional (SMN)\u00a0anticip\u00f3 que este viernes se registrar\u00e1\u00a0ascenso de la temperatura. El sistema nacional emiti\u00f3 un\u00a0alerta\u00a0naranja y amarilla por\u00a0viento Zonda\u00a0en gran parte del territorio mendocino que puede provocar\u00a0da\u00f1os o interrupci\u00f3n de actividades en la provincia de Mendoza. El\u00a0pron\u00f3stico\u00a0para este viernes en Mendoza indica que el\u00a0cielo se mantendr\u00e1 con nubosidad variable durante toda la jornada,&hellip;","_links":{"self":[{"href":"https:\/\/elfederalmendoza.com.ar\/index.php\/wp-json\/wp\/v2\/posts\/22338","targetHints":{"allow":["GET"]}}],"collection":[{"href":"https:\/\/elfederalmendoza.com.ar\/index.php\/wp-json\/wp\/v2\/posts"}],"about":[{"href":"https:\/\/elfederalmendoza.com.ar\/index.php\/wp-json\/wp\/v2\/types\/post"}],"author":[{"embeddable":true,"href":"https:\/\/elfederalmendoza.com.ar\/index.php\/wp-json\/wp\/v2\/users\/2"}],"replies":[{"embeddable":true,"href":"https:\/\/elfederalmendoza.com.ar\/index.php\/wp-json\/wp\/v2\/comments?post=22338"}],"version-history":[{"count":1,"href":"https:\/\/elfederalmendoza.com.ar\/index.php\/wp-json\/wp\/v2\/posts\/22338\/revisions"}],"predecessor-version":[{"id":22341,"href":"https:\/\/elfederalmendoza.com.ar\/index.php\/wp-json\/wp\/v2\/posts\/22338\/revisions\/22341"}],"wp:featuredmedia":[{"embeddable":true,"href":"https:\/\/elfederalmendoza.com.ar\/index.php\/wp-json\/wp\/v2\/media\/22339"}],"wp:attachment":[{"href":"https:\/\/elfederalmendoza.com.ar\/index.php\/wp-json\/wp\/v2\/media?parent=22338"}],"wp:term":[{"taxonomy":"category","embeddable":true,"href":"https:\/\/elfederalmendoza.com.ar\/index.php\/wp-json\/wp\/v2\/categories?post=22338"},{"taxonomy":"post_tag","embeddable":true,"href":"https:\/\/elfederalmendoza.com.ar\/index.php\/wp-json\/wp\/v2\/tags?post=22338"}],"curies":[{"name":"wp","href":"https:\/\/api.w.org\/{rel}","templated":true}]}}