{"id":22342,"date":"2023-04-28T06:28:00","date_gmt":"2023-04-28T09:28:00","guid":{"rendered":"https:\/\/elfederalmendoza.com\/?p=22342"},"modified":"2023-04-28T10:39:18","modified_gmt":"2023-04-28T13:39:18","slug":"jose-luis-espert-exploto-contra-cristina-kirchner-nos-cago-de-hambre-a-todos-con-su-plancito","status":"publish","type":"post","link":"https:\/\/elfederalmendoza.com.ar\/index.php\/2023\/04\/28\/jose-luis-espert-exploto-contra-cristina-kirchner-nos-cago-de-hambre-a-todos-con-su-plancito\/","title":{"rendered":"Jos\u00e9 Luis Espert explot\u00f3 contra Cristina Kirchner: \u00abnos cag\u00f3 de hambre a todos con su plancito\u00bb"},"content":{"rendered":"\n<p><strong>Jos\u00e9 Luis Espert<\/strong>&nbsp;explot\u00f3 contra&nbsp;<strong>Cristina Fern\u00e1ndez de Kirchner<\/strong>&nbsp;tras el acto de la vicepresidenta en La Plata y, en la previa de su incorporaci\u00f3n a Juntos por el Cambio, cometi\u00f3 todo tipo de exabruptos contra la compa\u00f1era de f\u00f3rmula de Alberto Fern\u00e1ndez.<\/p>\n\n\n\n<p>El\u00a0diputado y l\u00edder de\u00a0<strong>Avanza Libertad<\/strong>, se\u00f1al\u00f3: \u00abCristina dice ahora que el d\u00e9ficit fiscal no genera inflaci\u00f3n sino la devaluaci\u00f3n del peso y si hay d\u00e9ficit es porque se paga poco Impuesto a las Ganancias (a pesar que nos violan con el resto de los impuestos). Int\u00e9rnenla\u00bb.<\/p>\n\n\n\n<blockquote class=\"twitter-tweet\"><p lang=\"es\" dir=\"ltr\">Cristina dice ahora que el d\u00e9ficit fiscal no genera inflaci\u00f3n sino la devaluaci\u00f3n del peso y si hay d\u00e9ficit es porque se paga poco Impuesto a las Ganancias (a pesar que nos violan con el resto de los impuestos). Int\u00e9rnenla.<\/p>&mdash; Jos\u00e9 Luis Espert (@jlespert) <a href=\"https:\/\/twitter.com\/jlespert\/status\/1651725657636851714?ref_src=twsrc%5Etfw\">April 27, 2023<\/a><\/blockquote> <script async src=\"https:\/\/platform.twitter.com\/widgets.js\" charset=\"utf-8\"><\/script>\n\n\n\n<p>Para\u00a0<strong>Jos\u00e9 Luis Espert<\/strong>\u00a0el Gobierno caer\u00eda \u00aben los mismos errores de siempre\u00bb si avanza con un acuerdo de precios y salarios. En una metralla de twits luego del acto del kirchnerismo en La Plata, el precandidato presidencial de\u00a0<strong>Avanza Libertad<\/strong>\u00a0tambi\u00e9n critic\u00f3 a\u00a0<strong>Cristina Fern\u00e1ndez de Kirchner<\/strong>\u00a0por su f\u00e1bula pol\u00edtica sobre halcones, palomas y ping\u00fcinos.<\/p>\n\n\n\n<p>\u00abAhora Cristi da una clase de zoolog\u00eda y dice que las palomas y los halcones son aves que vuelan solitas, en cambio ella, ping\u00fcina, es una ave colectiva. Claro, en vez de matarse de hambre sola, nos cag\u00f3 de hambre a todos con su plancito\u00bb, public\u00f3 en su red social de Twitter.<\/p>\n\n\n\n<blockquote class=\"twitter-tweet\"><p lang=\"es\" dir=\"ltr\">Ahora Cristi da una clase de zoolog\u00eda y dice que las palomas y los halcones son aves que vuelan solitas, en cambio ella, ping\u00fcina, es una ave colectiva. Claro, en vez de matarse de hambre sola, nos cag\u00f3 de hambre a todos con su plancito.<\/p>&mdash; Jos\u00e9 Luis Espert (@jlespert) <a href=\"https:\/\/twitter.com\/jlespert\/status\/1651723710250852353?ref_src=twsrc%5Etfw\">April 27, 2023<\/a><\/blockquote> <script async src=\"https:\/\/platform.twitter.com\/widgets.js\" charset=\"utf-8\"><\/script>\n\n\n\n<p>\u00abEso ser\u00eda repetir fracasos. Hemos hecho m\u00e1s acuerdos de precios y salarios que almuerzos y cenas en los \u00faltimos 50 a\u00f1os\u00bb, sostuvo el legislador, en referencia a la intenci\u00f3n del ministro de Econom\u00eda, Sergio Massa, de acordar con empresarios y sindicalistas un acuerdo de ese tipo, por 90 d\u00edas. Seg\u00fan\u00a0<strong>Jos\u00e9 Luis Espert<\/strong>, el jefe del Palacio de Hacienda \u00abest\u00e1 tratando, sin escr\u00fapulos, de que el kirchnerismo tenga los menores costos posibles del desastre que ha generado\u00bb, a la vez que indic\u00f3: \u00abEsto es lo que tendremos de ac\u00e1 hasta octubre\u00bb, cuando se realicen las elecciones presidenciales.<\/p>\n\n\n\n<p>En declaraciones al programa HTH, de FM Blue, el economista se\u00f1al\u00f3 adem\u00e1s: \u00abEl kirchnerismo no va a renunciar al empresariado corrupto con el que negocia todo. Y no van a hacer una reforma del Estado para reducir el gasto porque tambi\u00e9n es su negocio\u00bb.<br>\u00abTampoco van a cambiar las leyes laborales porque no le importa el trabajador, sino que le importan los sindicalistas corruptos\u00bb, se quej\u00f3. Espert le pidi\u00f3 al presidente Alberto Fern\u00e1ndez que \u00abpor m\u00e1s que haya decidido no ir por la reelecci\u00f3n, no abandone a los argentinos y no deje de gobernar\u00bb.<\/p>\n\n\n\n<p>A nivel pol\u00edtico, el legislador ratific\u00f3 su inter\u00e9s de formar parte de Juntos por el Cambio, pero aclar\u00f3: \u00abEl liberalismo va a tener su propia lista de candidatos y va a competir contra la lista de (Horario) Rodr\u00edguez Larreta y la de (Patricia) Bullrich\u00bb.<\/p>\n","protected":false},"excerpt":{"rendered":"<p>Jos\u00e9 Luis Espert&nbsp;explot\u00f3 contra&nbsp;Cristina Fern\u00e1ndez de Kirchner&nbsp;tras el acto de la vicepresidenta en La Plata y, en la previa de su incorporaci\u00f3n a Juntos por el Cambio, cometi\u00f3 todo tipo de exabruptos contra la compa\u00f1era de f\u00f3rmula de Alberto Fern\u00e1ndez. El\u00a0diputado y l\u00edder de\u00a0Avanza Libertad, se\u00f1al\u00f3: \u00abCristina dice ahora que el d\u00e9ficit fiscal no genera<a class=\"read-more\" href=\"https:\/\/elfederalmendoza.com.ar\/index.php\/2023\/04\/28\/jose-luis-espert-exploto-contra-cristina-kirchner-nos-cago-de-hambre-a-todos-con-su-plancito\/\"> [&hellip;]<\/a><\/p>\n","protected":false},"author":2,"featured_media":22343,"comment_status":"open","ping_status":"open","sticky":false,"template":"","format":"standard","meta":{"footnotes":""},"categories":[5618],"tags":[],"class_list":["post-22342","post","type-post","status-publish","format-standard","has-post-thumbnail","hentry","category-arg"],"rttpg_featured_image_url":{"full":["https:\/\/elfederalmendoza.com.ar\/wp-content\/uploads\/2023\/04\/espert-exploto.jpg",919,513,false],"landscape":["https:\/\/elfederalmendoza.com.ar\/wp-content\/uploads\/2023\/04\/espert-exploto.jpg",919,513,false],"portraits":["https:\/\/elfederalmendoza.com.ar\/wp-content\/uploads\/2023\/04\/espert-exploto.jpg",919,513,false],"thumbnail":["https:\/\/elfederalmendoza.com.ar\/wp-content\/uploads\/2023\/04\/espert-exploto-150x150.jpg",150,150,true],"medium":["https:\/\/elfederalmendoza.com.ar\/wp-content\/uploads\/2023\/04\/espert-exploto-300x167.jpg",300,167,true],"large":["https:\/\/elfederalmendoza.com.ar\/wp-content\/uploads\/2023\/04\/espert-exploto.jpg",640,357,false],"1536x1536":["https:\/\/elfederalmendoza.com.ar\/wp-content\/uploads\/2023\/04\/espert-exploto.jpg",919,513,false],"2048x2048":["https:\/\/elfederalmendoza.com.ar\/wp-content\/uploads\/2023\/04\/espert-exploto.jpg",919,513,false],"ultp_layout_landscape_large":["https:\/\/elfederalmendoza.com.ar\/wp-content\/uploads\/2023\/04\/espert-exploto.jpg",919,513,false],"ultp_layout_landscape":["https:\/\/elfederalmendoza.com.ar\/wp-content\/uploads\/2023\/04\/espert-exploto-870x513.jpg",870,513,true],"ultp_layout_portrait":["https:\/\/elfederalmendoza.com.ar\/wp-content\/uploads\/2023\/04\/espert-exploto-600x513.jpg",600,513,true],"ultp_layout_square":["https:\/\/elfederalmendoza.com.ar\/wp-content\/uploads\/2023\/04\/espert-exploto-600x513.jpg",600,513,true],"rpwe-thumbnail":["https:\/\/elfederalmendoza.com.ar\/wp-content\/uploads\/2023\/04\/espert-exploto-45x45.jpg",45,45,true],"advps-thumb-one":["https:\/\/elfederalmendoza.com.ar\/wp-content\/uploads\/2023\/04\/espert-exploto-919x420.jpg",919,420,true]},"rttpg_author":{"display_name":"Redacci\u00f3n El Federal","author_link":"https:\/\/elfederalmendoza.com.ar\/index.php\/author\/angelflores\/"},"rttpg_comment":0,"rttpg_category":"<a href=\"https:\/\/elfederalmendoza.com.ar\/index.php\/category\/arg\/\" rel=\"category tag\">Argentina<\/a>","rttpg_excerpt":"Jos\u00e9 Luis Espert&nbsp;explot\u00f3 contra&nbsp;Cristina Fern\u00e1ndez de Kirchner&nbsp;tras el acto de la vicepresidenta en La Plata y, en la previa de su incorporaci\u00f3n a Juntos por el Cambio, cometi\u00f3 todo tipo de exabruptos contra la compa\u00f1era de f\u00f3rmula de Alberto Fern\u00e1ndez. El\u00a0diputado y l\u00edder de\u00a0Avanza Libertad, se\u00f1al\u00f3: \u00abCristina dice ahora que el d\u00e9ficit fiscal no genera&hellip;","_links":{"self":[{"href":"https:\/\/elfederalmendoza.com.ar\/index.php\/wp-json\/wp\/v2\/posts\/22342","targetHints":{"allow":["GET"]}}],"collection":[{"href":"https:\/\/elfederalmendoza.com.ar\/index.php\/wp-json\/wp\/v2\/posts"}],"about":[{"href":"https:\/\/elfederalmendoza.com.ar\/index.php\/wp-json\/wp\/v2\/types\/post"}],"author":[{"embeddable":true,"href":"https:\/\/elfederalmendoza.com.ar\/index.php\/wp-json\/wp\/v2\/users\/2"}],"replies":[{"embeddable":true,"href":"https:\/\/elfederalmendoza.com.ar\/index.php\/wp-json\/wp\/v2\/comments?post=22342"}],"version-history":[{"count":1,"href":"https:\/\/elfederalmendoza.com.ar\/index.php\/wp-json\/wp\/v2\/posts\/22342\/revisions"}],"predecessor-version":[{"id":22344,"href":"https:\/\/elfederalmendoza.com.ar\/index.php\/wp-json\/wp\/v2\/posts\/22342\/revisions\/22344"}],"wp:featuredmedia":[{"embeddable":true,"href":"https:\/\/elfederalmendoza.com.ar\/index.php\/wp-json\/wp\/v2\/media\/22343"}],"wp:attachment":[{"href":"https:\/\/elfederalmendoza.com.ar\/index.php\/wp-json\/wp\/v2\/media?parent=22342"}],"wp:term":[{"taxonomy":"category","embeddable":true,"href":"https:\/\/elfederalmendoza.com.ar\/index.php\/wp-json\/wp\/v2\/categories?post=22342"},{"taxonomy":"post_tag","embeddable":true,"href":"https:\/\/elfederalmendoza.com.ar\/index.php\/wp-json\/wp\/v2\/tags?post=22342"}],"curies":[{"name":"wp","href":"https:\/\/api.w.org\/{rel}","templated":true}]}}