{"id":22345,"date":"2023-04-28T11:25:10","date_gmt":"2023-04-28T14:25:10","guid":{"rendered":"https:\/\/elfederalmendoza.com\/?p=22345"},"modified":"2023-04-28T11:25:12","modified_gmt":"2023-04-28T14:25:12","slug":"una-pareja-en-mendoza-fue-detenida-acusados-de-violar-y-filmar-a-sus-hijos","status":"publish","type":"post","link":"https:\/\/elfederalmendoza.com.ar\/index.php\/2023\/04\/28\/una-pareja-en-mendoza-fue-detenida-acusados-de-violar-y-filmar-a-sus-hijos\/","title":{"rendered":"Una pareja en Mendoza fue detenida acusados de violar y filmar a sus hijos"},"content":{"rendered":"\n<p>El\u00a0<strong>fanatismo por los Guns N&#8217; Roses<\/strong>\u00a0fue la clave para encaminar\u00a0una investigaci\u00f3n por\u00a0<strong>pedofilia en Mendoza\u00a0<\/strong>que deriv\u00f3 en la detenci\u00f3n de un hombre y una mujer oriundos de\u00a0<strong>Malarg\u00fce<\/strong>. La Justicia dict\u00f3 la\u00a0<strong>prisi\u00f3n preventiva<\/strong>\u00a0con los dos sospechosos abuso sexual contra sus hijos\/as, que adem\u00e1s\u00a0<strong>filmaban las im\u00e1genes y las compart\u00edan por Internet<\/strong>.<\/p>\n\n\n\n<p>En los \u00faltimos meses del a\u00f1o pasado, la Justicia provincial recibi\u00f3 un reporte de organismos internacionales que luchan contra la distribuci\u00f3n de&nbsp;<strong>MASI (material de abuso sexual infantil)<\/strong>&nbsp;por la red. El informe alert\u00f3 sobre&nbsp;<strong>un usuario de Gmail -el correo electr\u00f3nico de Google- que hab\u00eda subido a la nube virtual una decena de archivos ped\u00f3filos.<\/strong><\/p>\n\n\n\n<p>Los especialistas detectaron que<strong>&nbsp;el dispositivo se encontraba ubicado en Malarg\u00fce<\/strong>&nbsp;y el expediente fue a parar a manos del fiscal&nbsp;<strong>Javier Giaroli<\/strong>, quien investiga este tipo de ciberdelitos en el Sur provincial. La investigaci\u00f3n tecnol\u00f3gica determin\u00f3 que<strong>&nbsp;la mujer no s\u00f3lo ten\u00eda contenidos de otros usuarios que hab\u00eda subido a Google Drive sino que tambi\u00e9n fotografi\u00f3 y film\u00f3 las partes \u00edntimas de su hijo\/a -se reserva el g\u00e9nero para resguardar la identidad- que ten\u00eda menos de dos a\u00f1os.<\/strong><\/p>\n\n\n\n<h2 class=\"wp-block-heading\">Paciencia<\/h2>\n\n\n\n<p>Pero las autoridades esperaron algunas semanas para realizar los allanamientos ya que detectaron que la sospechosa de 35 a\u00f1os&nbsp;<strong>hab\u00eda compartido archivos con otro sujeto mediante una aplicaci\u00f3n de mensajer\u00eda llamada Line.<\/strong>&nbsp;Debieron encarar un trabajo de hormiga para poder detectar a ese otro sospechoso.<\/p>\n\n\n\n<p>El primer dato concreto fue que tambi\u00e9n estaba ubicado en Malarg\u00fce. Pero ese no era el \u00fanico punto en com\u00fan:&nbsp;<strong>ambos eran fan\u00e1ticos de la banda de rock estadounidense Guns N&#8217; Roses.<\/strong>&nbsp;Incluso la mujer ten\u00eda tatuada la frase&nbsp;<strong>\u00abPatience\u00bb -una de las baladas m\u00e1s conocidas de ese grupo-<\/strong>&nbsp;y el hombre tambi\u00e9n ten\u00eda&nbsp;<strong>otro tatuaje alusivo a la banda.<\/strong><\/p>\n\n\n\n<figure class=\"wp-block-image\"><img decoding=\"async\" src=\"https:\/\/media.diariouno.com.ar\/p\/feb0206aa6ef7e7642d8b0cfce0575a2\/adjuntos\/298\/imagenes\/009\/148\/0009148635\/pedofilos-3jpg.jpg?2023-04-27-10-14-24\" alt=\"El sospechoso sol&iacute;a subir im&aacute;genes de los Guns N' Roses en Facebook.&nbsp;\"\/><\/figure>\n\n\n\n<p>El sospechoso sol\u00eda subir im\u00e1genes de los Guns N&#8217; Roses en Facebook.<\/p>\n\n\n\n<p>Finalmente\u00a0<strong>el hombre de 42 a\u00f1os fue identificado<\/strong>\u00a0y detectaron que los archivos ped\u00f3filos que ten\u00eda hab\u00edan sido de producci\u00f3n propia.<\/p>\n\n\n\n<figure class=\"wp-block-image size-full is-resized\"><img loading=\"lazy\" decoding=\"async\" src=\"https:\/\/elfederalmendoza.com\/wp-content\/uploads\/2023\/04\/pedofilo-malargue1.jpg\" alt=\"\" class=\"wp-image-22348\" width=\"951\" height=\"507\" srcset=\"https:\/\/elfederalmendoza.com.ar\/wp-content\/uploads\/2023\/04\/pedofilo-malargue1.jpg 804w, https:\/\/elfederalmendoza.com.ar\/wp-content\/uploads\/2023\/04\/pedofilo-malargue1-300x160.jpg 300w, https:\/\/elfederalmendoza.com.ar\/wp-content\/uploads\/2023\/04\/pedofilo-malargue1-768x410.jpg 768w\" sizes=\"auto, (max-width: 951px) 100vw, 951px\" \/><\/figure>\n\n\n\n<p>Uno de los detenidos por la causa de pedofilia en Mendoza<\/p>\n\n\n\n<p><strong>En una de las paredes de la habitaci\u00f3n donde se film\u00f3 un abuso estaba escrita la palabra \u00abSlash\u00bb<\/strong><\/p>\n\n\n\n<p>Eran<strong>&nbsp;im\u00e1genes y videos<\/strong>&nbsp;de \u00e9l mismo&nbsp;<strong>abusando de su hijo\/a que ten\u00eda menos de 10 a\u00f1os.&nbsp;<\/strong>Los investigadores notaron que era material filmado por el sospechoso ya que&nbsp;<strong>en una de las paredes de la habitaci\u00f3n estaba escrito \u00abSlash\u00bb, en referencia al guitarrista principal de los Guns N&#8217; Roses.<\/strong><\/p>\n\n\n\n<p>A mediados de abril se realizaron los allanamientos en\u00a0<strong>Malarg\u00fce<\/strong>\u00a0donde ambos sospechosos fueron detenidos. El fiscal Giaroli los imput\u00f3 por una bater\u00eda de delitos entre los que se encuentran\u00a0<strong>abuso sexual con acceso carnal agravado<\/strong>\u00a0por el v\u00ednculo y por la convivencia,\u00a0<strong>corrupci\u00f3n de menores agravada<\/strong>\u00a0y producci\u00f3n, tenencia y facilitaci\u00f3n de\u00a0<strong>material de abuso sexual infantil<\/strong>. Arriesgan una potencial condena de\u00a0<strong>entre 10 a 50 a\u00f1os de c\u00e1rcel.<\/strong><\/p>\n\n\n\n<p>Diario Uno<\/p>\n\n\n\n<p><\/p>\n","protected":false},"excerpt":{"rendered":"<p>El\u00a0fanatismo por los Guns N&#8217; Roses\u00a0fue la clave para encaminar\u00a0una investigaci\u00f3n por\u00a0pedofilia en Mendoza\u00a0que deriv\u00f3 en la detenci\u00f3n de un hombre y una mujer oriundos de\u00a0Malarg\u00fce. La Justicia dict\u00f3 la\u00a0prisi\u00f3n preventiva\u00a0con los dos sospechosos abuso sexual contra sus hijos\/as, que adem\u00e1s\u00a0filmaban las im\u00e1genes y las compart\u00edan por Internet. En los \u00faltimos meses del a\u00f1o pasado,<a class=\"read-more\" href=\"https:\/\/elfederalmendoza.com.ar\/index.php\/2023\/04\/28\/una-pareja-en-mendoza-fue-detenida-acusados-de-violar-y-filmar-a-sus-hijos\/\"> [&hellip;]<\/a><\/p>\n","protected":false},"author":2,"featured_media":22347,"comment_status":"open","ping_status":"open","sticky":false,"template":"","format":"standard","meta":{"footnotes":""},"categories":[1],"tags":[],"class_list":["post-22345","post","type-post","status-publish","format-standard","has-post-thumbnail","hentry","category-mza"],"rttpg_featured_image_url":{"full":["https:\/\/elfederalmendoza.com.ar\/wp-content\/uploads\/2023\/04\/pedofilos-malargue.jpg",959,509,false],"landscape":["https:\/\/elfederalmendoza.com.ar\/wp-content\/uploads\/2023\/04\/pedofilos-malargue.jpg",959,509,false],"portraits":["https:\/\/elfederalmendoza.com.ar\/wp-content\/uploads\/2023\/04\/pedofilos-malargue.jpg",959,509,false],"thumbnail":["https:\/\/elfederalmendoza.com.ar\/wp-content\/uploads\/2023\/04\/pedofilos-malargue-150x150.jpg",150,150,true],"medium":["https:\/\/elfederalmendoza.com.ar\/wp-content\/uploads\/2023\/04\/pedofilos-malargue-300x159.jpg",300,159,true],"large":["https:\/\/elfederalmendoza.com.ar\/wp-content\/uploads\/2023\/04\/pedofilos-malargue.jpg",640,340,false],"1536x1536":["https:\/\/elfederalmendoza.com.ar\/wp-content\/uploads\/2023\/04\/pedofilos-malargue.jpg",959,509,false],"2048x2048":["https:\/\/elfederalmendoza.com.ar\/wp-content\/uploads\/2023\/04\/pedofilos-malargue.jpg",959,509,false],"ultp_layout_landscape_large":["https:\/\/elfederalmendoza.com.ar\/wp-content\/uploads\/2023\/04\/pedofilos-malargue.jpg",959,509,false],"ultp_layout_landscape":["https:\/\/elfederalmendoza.com.ar\/wp-content\/uploads\/2023\/04\/pedofilos-malargue-870x509.jpg",870,509,true],"ultp_layout_portrait":["https:\/\/elfederalmendoza.com.ar\/wp-content\/uploads\/2023\/04\/pedofilos-malargue-600x509.jpg",600,509,true],"ultp_layout_square":["https:\/\/elfederalmendoza.com.ar\/wp-content\/uploads\/2023\/04\/pedofilos-malargue-600x509.jpg",600,509,true],"rpwe-thumbnail":["https:\/\/elfederalmendoza.com.ar\/wp-content\/uploads\/2023\/04\/pedofilos-malargue-45x45.jpg",45,45,true],"advps-thumb-one":["https:\/\/elfederalmendoza.com.ar\/wp-content\/uploads\/2023\/04\/pedofilos-malargue-959x420.jpg",959,420,true]},"rttpg_author":{"display_name":"Redacci\u00f3n El Federal","author_link":"https:\/\/elfederalmendoza.com.ar\/index.php\/author\/angelflores\/"},"rttpg_comment":0,"rttpg_category":"<a href=\"https:\/\/elfederalmendoza.com.ar\/index.php\/category\/mza\/\" rel=\"category tag\">Mendoza<\/a>","rttpg_excerpt":"El\u00a0fanatismo por los Guns N&#8217; Roses\u00a0fue la clave para encaminar\u00a0una investigaci\u00f3n por\u00a0pedofilia en Mendoza\u00a0que deriv\u00f3 en la detenci\u00f3n de un hombre y una mujer oriundos de\u00a0Malarg\u00fce. La Justicia dict\u00f3 la\u00a0prisi\u00f3n preventiva\u00a0con los dos sospechosos abuso sexual contra sus hijos\/as, que adem\u00e1s\u00a0filmaban las im\u00e1genes y las compart\u00edan por Internet. En los \u00faltimos meses del a\u00f1o pasado,&hellip;","_links":{"self":[{"href":"https:\/\/elfederalmendoza.com.ar\/index.php\/wp-json\/wp\/v2\/posts\/22345","targetHints":{"allow":["GET"]}}],"collection":[{"href":"https:\/\/elfederalmendoza.com.ar\/index.php\/wp-json\/wp\/v2\/posts"}],"about":[{"href":"https:\/\/elfederalmendoza.com.ar\/index.php\/wp-json\/wp\/v2\/types\/post"}],"author":[{"embeddable":true,"href":"https:\/\/elfederalmendoza.com.ar\/index.php\/wp-json\/wp\/v2\/users\/2"}],"replies":[{"embeddable":true,"href":"https:\/\/elfederalmendoza.com.ar\/index.php\/wp-json\/wp\/v2\/comments?post=22345"}],"version-history":[{"count":1,"href":"https:\/\/elfederalmendoza.com.ar\/index.php\/wp-json\/wp\/v2\/posts\/22345\/revisions"}],"predecessor-version":[{"id":22349,"href":"https:\/\/elfederalmendoza.com.ar\/index.php\/wp-json\/wp\/v2\/posts\/22345\/revisions\/22349"}],"wp:featuredmedia":[{"embeddable":true,"href":"https:\/\/elfederalmendoza.com.ar\/index.php\/wp-json\/wp\/v2\/media\/22347"}],"wp:attachment":[{"href":"https:\/\/elfederalmendoza.com.ar\/index.php\/wp-json\/wp\/v2\/media?parent=22345"}],"wp:term":[{"taxonomy":"category","embeddable":true,"href":"https:\/\/elfederalmendoza.com.ar\/index.php\/wp-json\/wp\/v2\/categories?post=22345"},{"taxonomy":"post_tag","embeddable":true,"href":"https:\/\/elfederalmendoza.com.ar\/index.php\/wp-json\/wp\/v2\/tags?post=22345"}],"curies":[{"name":"wp","href":"https:\/\/api.w.org\/{rel}","templated":true}]}}