{"id":22346,"date":"2023-04-28T04:16:00","date_gmt":"2023-04-28T07:16:00","guid":{"rendered":"https:\/\/elfederalmendoza.com\/?p=22346"},"modified":"2023-04-28T12:51:52","modified_gmt":"2023-04-28T15:51:52","slug":"alberto-fernandez-estrenaria-el-nuevo-avion-presidencial-con-un-viaje-a-tucuman","status":"publish","type":"post","link":"https:\/\/elfederalmendoza.com.ar\/index.php\/2023\/04\/28\/alberto-fernandez-estrenaria-el-nuevo-avion-presidencial-con-un-viaje-a-tucuman\/","title":{"rendered":"Alberto Fern\u00e1ndez estrenar\u00eda el nuevo avi\u00f3n presidencial con un viaje a Tucum\u00e1n"},"content":{"rendered":"\n<p><strong>Pese a que en su entorno le acercaron al Presidente algunos consejos para que espere un tiempo para subir al flamante b\u00f3lido celeste,&nbsp;Alberto Fern\u00e1ndez&nbsp;parece decidido a disfrutar de su adquisici\u00f3n.<\/strong><\/p>\n\n\n\n<p>Le pidieron que demoren la entrega, pero el Presidente lo quiere ya. En principio, para el&nbsp;acto del 25 de mayo, cuando vaya a Tucum\u00e1n. Adem\u00e1s, piensa utilizarlo para ir a&nbsp;Brasil, a fines de mayo, a una reuni\u00f3n de la Unasur convocada por el presidente&nbsp;Lula Da Silva, en la que se dar\u00e1 el regreso de la Argentina, Chile y de Brasil al bloque de naciones que actualmente integran Bolivia, Guyana, Surinam y Venezuela.<\/p>\n\n\n\n<p>La compra, que se realiz\u00f3 a trav\u00e9s de la\u00a0Organizaci\u00f3n de Aviaci\u00f3n Civil Internacional (OACI), una agencia de la\u00a0Organizaci\u00f3n de las Naciones Unidas (ONU)\u00a0creada para uniformar las reglas aeron\u00e1uticas globales, seguramente ser\u00e1 revisada con lupa. Sucede que hay algunas empresas que intermediaron en la operaci\u00f3n. Y en \u00e9pocas de pagos al exterior con d\u00f3lar oficial, las comisiones que puedan haberse facturado afuera son motivo de miradas puntuales necesarias para despejar sospechas.<\/p>\n\n\n\n<p>Hay otra novedad. Fern\u00e1ndez, adem\u00e1s de decidir pagar por el avi\u00f3n alrededor de 21,7 millones de d\u00f3lares m\u00e1s el valor de mercado del\u00a0Tango-01\u00a0que se queda el vendedor, tom\u00f3 otra decisi\u00f3n. La nueva perla celeste no tendr\u00e1 la matr\u00edcula Tango, como todos los aviones que conformaban la flota presidencial.<\/p>\n","protected":false},"excerpt":{"rendered":"<p>Pese a que en su entorno le acercaron al Presidente algunos consejos para que espere un tiempo para subir al flamante b\u00f3lido celeste,&nbsp;Alberto Fern\u00e1ndez&nbsp;parece decidido a disfrutar de su adquisici\u00f3n. Le pidieron que demoren la entrega, pero el Presidente lo quiere ya. En principio, para el&nbsp;acto del 25 de mayo, cuando vaya a Tucum\u00e1n. Adem\u00e1s,<a class=\"read-more\" href=\"https:\/\/elfederalmendoza.com.ar\/index.php\/2023\/04\/28\/alberto-fernandez-estrenaria-el-nuevo-avion-presidencial-con-un-viaje-a-tucuman\/\"> [&hellip;]<\/a><\/p>\n","protected":false},"author":2,"featured_media":22350,"comment_status":"open","ping_status":"open","sticky":false,"template":"","format":"standard","meta":{"footnotes":""},"categories":[5618],"tags":[],"class_list":["post-22346","post","type-post","status-publish","format-standard","has-post-thumbnail","hentry","category-arg"],"rttpg_featured_image_url":{"full":["https:\/\/elfederalmendoza.com.ar\/wp-content\/uploads\/2023\/04\/WhatsApp-Image-2023-04-28-at-12.51.16.jpeg",767,575,false],"landscape":["https:\/\/elfederalmendoza.com.ar\/wp-content\/uploads\/2023\/04\/WhatsApp-Image-2023-04-28-at-12.51.16.jpeg",767,575,false],"portraits":["https:\/\/elfederalmendoza.com.ar\/wp-content\/uploads\/2023\/04\/WhatsApp-Image-2023-04-28-at-12.51.16.jpeg",767,575,false],"thumbnail":["https:\/\/elfederalmendoza.com.ar\/wp-content\/uploads\/2023\/04\/WhatsApp-Image-2023-04-28-at-12.51.16-150x150.jpeg",150,150,true],"medium":["https:\/\/elfederalmendoza.com.ar\/wp-content\/uploads\/2023\/04\/WhatsApp-Image-2023-04-28-at-12.51.16-300x225.jpeg",300,225,true],"large":["https:\/\/elfederalmendoza.com.ar\/wp-content\/uploads\/2023\/04\/WhatsApp-Image-2023-04-28-at-12.51.16.jpeg",640,480,false],"1536x1536":["https:\/\/elfederalmendoza.com.ar\/wp-content\/uploads\/2023\/04\/WhatsApp-Image-2023-04-28-at-12.51.16.jpeg",767,575,false],"2048x2048":["https:\/\/elfederalmendoza.com.ar\/wp-content\/uploads\/2023\/04\/WhatsApp-Image-2023-04-28-at-12.51.16.jpeg",767,575,false],"ultp_layout_landscape_large":["https:\/\/elfederalmendoza.com.ar\/wp-content\/uploads\/2023\/04\/WhatsApp-Image-2023-04-28-at-12.51.16.jpeg",767,575,false],"ultp_layout_landscape":["https:\/\/elfederalmendoza.com.ar\/wp-content\/uploads\/2023\/04\/WhatsApp-Image-2023-04-28-at-12.51.16-767x570.jpeg",767,570,true],"ultp_layout_portrait":["https:\/\/elfederalmendoza.com.ar\/wp-content\/uploads\/2023\/04\/WhatsApp-Image-2023-04-28-at-12.51.16-600x575.jpeg",600,575,true],"ultp_layout_square":["https:\/\/elfederalmendoza.com.ar\/wp-content\/uploads\/2023\/04\/WhatsApp-Image-2023-04-28-at-12.51.16-600x575.jpeg",600,575,true],"rpwe-thumbnail":["https:\/\/elfederalmendoza.com.ar\/wp-content\/uploads\/2023\/04\/WhatsApp-Image-2023-04-28-at-12.51.16-45x45.jpeg",45,45,true],"advps-thumb-one":["https:\/\/elfederalmendoza.com.ar\/wp-content\/uploads\/2023\/04\/WhatsApp-Image-2023-04-28-at-12.51.16-767x420.jpeg",767,420,true]},"rttpg_author":{"display_name":"Redacci\u00f3n El Federal","author_link":"https:\/\/elfederalmendoza.com.ar\/index.php\/author\/angelflores\/"},"rttpg_comment":0,"rttpg_category":"<a href=\"https:\/\/elfederalmendoza.com.ar\/index.php\/category\/arg\/\" rel=\"category tag\">Argentina<\/a>","rttpg_excerpt":"Pese a que en su entorno le acercaron al Presidente algunos consejos para que espere un tiempo para subir al flamante b\u00f3lido celeste,&nbsp;Alberto Fern\u00e1ndez&nbsp;parece decidido a disfrutar de su adquisici\u00f3n. Le pidieron que demoren la entrega, pero el Presidente lo quiere ya. En principio, para el&nbsp;acto del 25 de mayo, cuando vaya a Tucum\u00e1n. Adem\u00e1s,&hellip;","_links":{"self":[{"href":"https:\/\/elfederalmendoza.com.ar\/index.php\/wp-json\/wp\/v2\/posts\/22346","targetHints":{"allow":["GET"]}}],"collection":[{"href":"https:\/\/elfederalmendoza.com.ar\/index.php\/wp-json\/wp\/v2\/posts"}],"about":[{"href":"https:\/\/elfederalmendoza.com.ar\/index.php\/wp-json\/wp\/v2\/types\/post"}],"author":[{"embeddable":true,"href":"https:\/\/elfederalmendoza.com.ar\/index.php\/wp-json\/wp\/v2\/users\/2"}],"replies":[{"embeddable":true,"href":"https:\/\/elfederalmendoza.com.ar\/index.php\/wp-json\/wp\/v2\/comments?post=22346"}],"version-history":[{"count":1,"href":"https:\/\/elfederalmendoza.com.ar\/index.php\/wp-json\/wp\/v2\/posts\/22346\/revisions"}],"predecessor-version":[{"id":22351,"href":"https:\/\/elfederalmendoza.com.ar\/index.php\/wp-json\/wp\/v2\/posts\/22346\/revisions\/22351"}],"wp:featuredmedia":[{"embeddable":true,"href":"https:\/\/elfederalmendoza.com.ar\/index.php\/wp-json\/wp\/v2\/media\/22350"}],"wp:attachment":[{"href":"https:\/\/elfederalmendoza.com.ar\/index.php\/wp-json\/wp\/v2\/media?parent=22346"}],"wp:term":[{"taxonomy":"category","embeddable":true,"href":"https:\/\/elfederalmendoza.com.ar\/index.php\/wp-json\/wp\/v2\/categories?post=22346"},{"taxonomy":"post_tag","embeddable":true,"href":"https:\/\/elfederalmendoza.com.ar\/index.php\/wp-json\/wp\/v2\/tags?post=22346"}],"curies":[{"name":"wp","href":"https:\/\/api.w.org\/{rel}","templated":true}]}}