{"id":22352,"date":"2023-04-28T13:19:17","date_gmt":"2023-04-28T16:19:17","guid":{"rendered":"https:\/\/elfederalmendoza.com\/?p=22352"},"modified":"2023-04-28T13:19:19","modified_gmt":"2023-04-28T16:19:19","slug":"la-justicia-mendocina-prohibio-que-sute-haga-asambleas-en-horarios-de-clases","status":"publish","type":"post","link":"https:\/\/elfederalmendoza.com.ar\/index.php\/2023\/04\/28\/la-justicia-mendocina-prohibio-que-sute-haga-asambleas-en-horarios-de-clases\/","title":{"rendered":"La justicia mendocina prohibi\u00f3 que SUTE haga asambleas en horarios de clases"},"content":{"rendered":"\n<p><strong>La Sexta C\u00e1mara del Trabajo de Mendoza rechaz\u00f3 una acci\u00f3n de amparo<\/strong>\u00a0sindical presentada por el Sindicato Unido de Trabajadores de la Educaci\u00f3n\u00a0<strong>(SUTE) contra la Direcci\u00f3n General de Escuelas,<\/strong>\u00a0en relaci\u00f3n a las restricciones que la DGE impuso\u00a0<strong>para que las asambleas sindicales en las escuelas no se hicieran durante el horario de clases.<\/strong><\/p>\n\n\n\n<p>En su fallo, los jueces destacaron que conceder la facultad de disponer libremente y sin participaci\u00f3n alguna de la DGE de los lugares escolares para la realizaci\u00f3n de las asambleas sindicales,<strong>\u00a0implicar\u00eda un grave atropello hacia los ni\u00f1os y toda la actividad escolar.<\/strong>\u00a0Adem\u00e1s, reconocieron que es la DGE la garante de la ense\u00f1anza escolar y responsable constitucionalmente de todo el sistema educativo.<\/p>\n\n\n\n<p>La sentencia destaca que&nbsp;<strong>los establecimientos escolares son de propiedad exclusiva de la Direcci\u00f3n General de Escuelas&nbsp;<\/strong>y tienen por finalidad la prestaci\u00f3n del servicio educativo p\u00fablico. Adem\u00e1s, es deber de la DGE&nbsp;<strong>asegurar que todos los ni\u00f1os de la provincia gocen libremente de su derecho a aprender<\/strong>.&nbsp;<\/p>\n\n\n\n<p>La reglamentaci\u00f3n cuestionada\u00a0<strong>busca prevenir que se entorpezca o interrumpa el dictado de clases<\/strong>\u00a0para la realizaci\u00f3n de las asambleas sindicales, sin por lo menos preavisar el horario de dichas reuniones.<\/p>\n\n\n\n<p>El Tribunal ha manifestado que debe tenerse en cuenta siempre y en forma prioritaria el inter\u00e9s superior del ni\u00f1o, y todas las decisiones que se tomen en relaci\u00f3n a un ni\u00f1o, ni\u00f1a o adolescente deben ir orientadas a su bienestar y pleno ejercicio de derechos. Los jueces reconocieron que&nbsp;<strong>cualquier medida que ponga en riesgo a los ni\u00f1os es inaceptable y debe ser rechazada.<\/strong><\/p>\n\n\n\n<p>El SUTE ha expresado su desacuerdo con la sentencia y anunci\u00f3 que\u00a0<strong>apelar\u00e1 la decisi\u00f3n.\u00a0<\/strong>El sindicato argument\u00f3 que\u00a0<strong>la sentencia es un ataque a la libertad sindical<\/strong>\u00a0y a los derechos de los trabajadores de la educaci\u00f3n. Sin embargo, los jueces dejaron claro que se ha priorizado el inter\u00e9s superior del ni\u00f1o por encima del inter\u00e9s del sindicato.<\/p>\n\n\n\n<p><em>Fuente: Memo<\/em><\/p>\n","protected":false},"excerpt":{"rendered":"<p>La Sexta C\u00e1mara del Trabajo de Mendoza rechaz\u00f3 una acci\u00f3n de amparo\u00a0sindical presentada por el Sindicato Unido de Trabajadores de la Educaci\u00f3n\u00a0(SUTE) contra la Direcci\u00f3n General de Escuelas,\u00a0en relaci\u00f3n a las restricciones que la DGE impuso\u00a0para que las asambleas sindicales en las escuelas no se hicieran durante el horario de clases. En su fallo, los<a class=\"read-more\" href=\"https:\/\/elfederalmendoza.com.ar\/index.php\/2023\/04\/28\/la-justicia-mendocina-prohibio-que-sute-haga-asambleas-en-horarios-de-clases\/\"> [&hellip;]<\/a><\/p>\n","protected":false},"author":2,"featured_media":22354,"comment_status":"open","ping_status":"open","sticky":false,"template":"","format":"standard","meta":{"footnotes":""},"categories":[1],"tags":[],"class_list":["post-22352","post","type-post","status-publish","format-standard","has-post-thumbnail","hentry","category-mza"],"rttpg_featured_image_url":{"full":["https:\/\/elfederalmendoza.com.ar\/wp-content\/uploads\/2023\/04\/WhatsApp-Image-2023-04-28-at-13.19.06.jpeg",715,441,false],"landscape":["https:\/\/elfederalmendoza.com.ar\/wp-content\/uploads\/2023\/04\/WhatsApp-Image-2023-04-28-at-13.19.06.jpeg",715,441,false],"portraits":["https:\/\/elfederalmendoza.com.ar\/wp-content\/uploads\/2023\/04\/WhatsApp-Image-2023-04-28-at-13.19.06.jpeg",715,441,false],"thumbnail":["https:\/\/elfederalmendoza.com.ar\/wp-content\/uploads\/2023\/04\/WhatsApp-Image-2023-04-28-at-13.19.06-150x150.jpeg",150,150,true],"medium":["https:\/\/elfederalmendoza.com.ar\/wp-content\/uploads\/2023\/04\/WhatsApp-Image-2023-04-28-at-13.19.06-300x185.jpeg",300,185,true],"large":["https:\/\/elfederalmendoza.com.ar\/wp-content\/uploads\/2023\/04\/WhatsApp-Image-2023-04-28-at-13.19.06.jpeg",640,395,false],"1536x1536":["https:\/\/elfederalmendoza.com.ar\/wp-content\/uploads\/2023\/04\/WhatsApp-Image-2023-04-28-at-13.19.06.jpeg",715,441,false],"2048x2048":["https:\/\/elfederalmendoza.com.ar\/wp-content\/uploads\/2023\/04\/WhatsApp-Image-2023-04-28-at-13.19.06.jpeg",715,441,false],"ultp_layout_landscape_large":["https:\/\/elfederalmendoza.com.ar\/wp-content\/uploads\/2023\/04\/WhatsApp-Image-2023-04-28-at-13.19.06.jpeg",715,441,false],"ultp_layout_landscape":["https:\/\/elfederalmendoza.com.ar\/wp-content\/uploads\/2023\/04\/WhatsApp-Image-2023-04-28-at-13.19.06.jpeg",715,441,false],"ultp_layout_portrait":["https:\/\/elfederalmendoza.com.ar\/wp-content\/uploads\/2023\/04\/WhatsApp-Image-2023-04-28-at-13.19.06-600x441.jpeg",600,441,true],"ultp_layout_square":["https:\/\/elfederalmendoza.com.ar\/wp-content\/uploads\/2023\/04\/WhatsApp-Image-2023-04-28-at-13.19.06-600x441.jpeg",600,441,true],"rpwe-thumbnail":["https:\/\/elfederalmendoza.com.ar\/wp-content\/uploads\/2023\/04\/WhatsApp-Image-2023-04-28-at-13.19.06-45x45.jpeg",45,45,true],"advps-thumb-one":["https:\/\/elfederalmendoza.com.ar\/wp-content\/uploads\/2023\/04\/WhatsApp-Image-2023-04-28-at-13.19.06-715x420.jpeg",715,420,true]},"rttpg_author":{"display_name":"Redacci\u00f3n El Federal","author_link":"https:\/\/elfederalmendoza.com.ar\/index.php\/author\/angelflores\/"},"rttpg_comment":0,"rttpg_category":"<a href=\"https:\/\/elfederalmendoza.com.ar\/index.php\/category\/mza\/\" rel=\"category tag\">Mendoza<\/a>","rttpg_excerpt":"La Sexta C\u00e1mara del Trabajo de Mendoza rechaz\u00f3 una acci\u00f3n de amparo\u00a0sindical presentada por el Sindicato Unido de Trabajadores de la Educaci\u00f3n\u00a0(SUTE) contra la Direcci\u00f3n General de Escuelas,\u00a0en relaci\u00f3n a las restricciones que la DGE impuso\u00a0para que las asambleas sindicales en las escuelas no se hicieran durante el horario de clases. En su fallo, los&hellip;","_links":{"self":[{"href":"https:\/\/elfederalmendoza.com.ar\/index.php\/wp-json\/wp\/v2\/posts\/22352","targetHints":{"allow":["GET"]}}],"collection":[{"href":"https:\/\/elfederalmendoza.com.ar\/index.php\/wp-json\/wp\/v2\/posts"}],"about":[{"href":"https:\/\/elfederalmendoza.com.ar\/index.php\/wp-json\/wp\/v2\/types\/post"}],"author":[{"embeddable":true,"href":"https:\/\/elfederalmendoza.com.ar\/index.php\/wp-json\/wp\/v2\/users\/2"}],"replies":[{"embeddable":true,"href":"https:\/\/elfederalmendoza.com.ar\/index.php\/wp-json\/wp\/v2\/comments?post=22352"}],"version-history":[{"count":1,"href":"https:\/\/elfederalmendoza.com.ar\/index.php\/wp-json\/wp\/v2\/posts\/22352\/revisions"}],"predecessor-version":[{"id":22355,"href":"https:\/\/elfederalmendoza.com.ar\/index.php\/wp-json\/wp\/v2\/posts\/22352\/revisions\/22355"}],"wp:featuredmedia":[{"embeddable":true,"href":"https:\/\/elfederalmendoza.com.ar\/index.php\/wp-json\/wp\/v2\/media\/22354"}],"wp:attachment":[{"href":"https:\/\/elfederalmendoza.com.ar\/index.php\/wp-json\/wp\/v2\/media?parent=22352"}],"wp:term":[{"taxonomy":"category","embeddable":true,"href":"https:\/\/elfederalmendoza.com.ar\/index.php\/wp-json\/wp\/v2\/categories?post=22352"},{"taxonomy":"post_tag","embeddable":true,"href":"https:\/\/elfederalmendoza.com.ar\/index.php\/wp-json\/wp\/v2\/tags?post=22352"}],"curies":[{"name":"wp","href":"https:\/\/api.w.org\/{rel}","templated":true}]}}