{"id":22356,"date":"2023-04-28T01:34:00","date_gmt":"2023-04-28T04:34:00","guid":{"rendered":"https:\/\/elfederalmendoza.com\/?p=22356"},"modified":"2023-04-28T13:37:48","modified_gmt":"2023-04-28T16:37:48","slug":"periodista-de-tn-critico-en-vivo-al-jefe-de-fronteras-por-el-cierre-del-paso-cristo-redentor-y-se-produjo-un-tenso-debate","status":"publish","type":"post","link":"https:\/\/elfederalmendoza.com.ar\/index.php\/2023\/04\/28\/periodista-de-tn-critico-en-vivo-al-jefe-de-fronteras-por-el-cierre-del-paso-cristo-redentor-y-se-produjo-un-tenso-debate\/","title":{"rendered":"Periodista de TN critic\u00f3 en vivo al jefe de fronteras por el cierre del paso Cristo Redentor y se produjo un tenso debate"},"content":{"rendered":"\n<p><mark>El cierre preventivo del paso&nbsp;<strong>Cristo Redentor<\/strong><\/mark>&nbsp;durante el fin de semana largo por la probabilidad de mal tiempo en alta monta\u00f1a gener\u00f3 la ma\u00f1ana de este viernes un fuerte<mark>&nbsp;cruce entre el meteor\u00f3logo Mat\u00edas Bertolotti y Justo Jos\u00e9 B\u00e1scolo, jefe del Centro de Fronteras&nbsp;<\/mark>y coordinador del corredor internacional.<\/p>\n\n\n\n<p>El especialista, que se desempe\u00f1a en\u00a0<em>TN,\u00a0<\/em><mark>advirti\u00f3 sobre la importancia de confiar en el Servicio Meteor\u00f3logo Nacional y no en interpretaciones de mapas<\/mark>, para evitar errores en la toma de decisiones, al referirse al cierre del paso fronterizo.<\/p>\n\n\n\n<p><em>\u201cConforme lo acordado por ambos Coordinadores Generales y a los fines de una mejor programaci\u00f3n de su viaje, comunicamos a ustedes, que en virtud de la informaci\u00f3n comparada, arrojada por los distintos servicios meteorol\u00f3gicos, que dan cuenta de una gran inestabilidad (nevadas) en la alta monta\u00f1a, a partir de las 19.00 horas (Argentina) del d\u00eda viernes 28 del corriente, se proceder\u00e1 al cierre preventivo del Paso Internacional, para todo tipo de veh\u00edculos, con interrupci\u00f3n de circulaci\u00f3n en las localidades de Uspallata (ARG) y Guardia Vieja (CH) respectivamente\u201d<\/em>, comunicaron las autoridades el jueves.<\/p>\n\n\n\n<figure class=\"wp-block-embed is-type-video is-provider-youtube wp-block-embed-youtube wp-embed-aspect-16-9 wp-has-aspect-ratio\"><div class=\"wp-block-embed__wrapper\">\n<iframe loading=\"lazy\" title=\"Cruce de Justo Jos\u00e9 Bascolo y Matias Bertolotti\" width=\"640\" height=\"360\" src=\"https:\/\/www.youtube.com\/embed\/Kr3j7S1LH2Q?feature=oembed\" frameborder=\"0\" allow=\"accelerometer; autoplay; clipboard-write; encrypted-media; gyroscope; picture-in-picture; web-share\" referrerpolicy=\"strict-origin-when-cross-origin\" allowfullscreen><\/iframe>\n<\/div><\/figure>\n\n\n\n<p><\/p>\n\n\n\n<p>Todo comenz\u00f3 cuando\u00a0<mark>Bertolotti le consult\u00f3 a B\u00e1scolo sobre la fuente de informaci\u00f3n para tomar la determinaci\u00f3n de cerrar el corredor internacional\u00a0<\/mark>durante el fin de semana largo.<\/p>\n\n\n\n<p>\u201c\u00bfCu\u00e1l es la informaci\u00f3n que manejan justamente para definir esta situaci\u00f3n que usted me est\u00e1 mencionando? Porque, por un lado, usted me menciona que va a caer mucha cantidad de llave. Yo me fijo en los diferentes modelos y no veo m\u00e1s de 9 cent\u00edmetros para ma\u00f1ana a la tarde.\u00a0<mark>El Servicio Meteorol\u00f3gico ni siquiera elev\u00f3 alerta amarilla al lugar del paso. S\u00ed, al centro sur de Mendoza, en la cordillera.<\/mark>\u00a0Entonces, qu\u00e9 umbrales manejen ustedes por los cuales definen el cierre del paso fronterizo\u201d, cuestion\u00f3 el meteor\u00f3logo, quien precis\u00f3 que hab\u00eda hablado con especialistas del organismo nacional encargado de emitir los pron\u00f3sticos y las alertas.<\/p>\n\n\n\n<p>Y arremeti\u00f3 contra el jefe de fronteras: \u201c<em>Entonces, le consulto, \u00bfustedes tienen meteor\u00f3logos propios para definir una situaci\u00f3n as\u00ed? Porque la informaci\u00f3n oficial no est\u00e1 dando lugar a lo que usted est\u00e1 informando<\/em>\u201d.<\/p>\n\n\n\n<p>\u201c<mark>Bueno, a ver, hay distintos servicios meteorol\u00f3gicos<\/mark>\u201d, contest\u00f3 r\u00e1pidamente B\u00e1scolo y Bertolotti lo cruz\u00f3: \u201cNo, hay uno solo\u201d.<\/p>\n\n\n\n<p>Luego, el jefe de fronteras explic\u00f3 que se basan en varios sistemas y que de 3 a 5 cent\u00edmetros de nieve previstos, ya complican la transitabilidad.&nbsp;<\/p>\n\n\n\n<p><em>\u201cAh\u00ed est\u00e1, eso es lo que quer\u00eda saber. Por eso le preguntaba por los umbrales\u201d,<\/em>&nbsp;se\u00f1al\u00f3.&nbsp;<\/p>\n\n\n\n<p>Finalmente y tras el cierre de un di\u00e1logo acalorado, el comunicador concluy\u00f3: \u201c<em>Estas cosas las tienen que definir meteor\u00f3logos. Hay un solo Servicio Meteorol\u00f3gico Nacional en Argentina y un solo Servicio Meteorol\u00f3gico Nacional de Chile. Ninguno de los dos coinciden con esta informaci\u00f3n. No es leer un Windy o leer una computadora\u2026 El pron\u00f3stico oficial y la decisi\u00f3n final de cerrar tendr\u00eda que pasar por un meteor\u00f3logo, no por un interpretador de un mapita. Porque as\u00ed, despu\u00e9s, se hacen las cosas mal<\/em>\u201d.<\/p>\n\n\n\n<p><em>Fuente: El Sol<\/em><\/p>\n","protected":false},"excerpt":{"rendered":"<p>El cierre preventivo del paso&nbsp;Cristo Redentor&nbsp;durante el fin de semana largo por la probabilidad de mal tiempo en alta monta\u00f1a gener\u00f3 la ma\u00f1ana de este viernes un fuerte&nbsp;cruce entre el meteor\u00f3logo Mat\u00edas Bertolotti y Justo Jos\u00e9 B\u00e1scolo, jefe del Centro de Fronteras&nbsp;y coordinador del corredor internacional. El especialista, que se desempe\u00f1a en\u00a0TN,\u00a0advirti\u00f3 sobre la importancia<a class=\"read-more\" href=\"https:\/\/elfederalmendoza.com.ar\/index.php\/2023\/04\/28\/periodista-de-tn-critico-en-vivo-al-jefe-de-fronteras-por-el-cierre-del-paso-cristo-redentor-y-se-produjo-un-tenso-debate\/\"> [&hellip;]<\/a><\/p>\n","protected":false},"author":2,"featured_media":22357,"comment_status":"open","ping_status":"open","sticky":false,"template":"","format":"standard","meta":{"footnotes":""},"categories":[1],"tags":[],"class_list":["post-22356","post","type-post","status-publish","format-standard","has-post-thumbnail","hentry","category-mza"],"rttpg_featured_image_url":{"full":["https:\/\/elfederalmendoza.com.ar\/wp-content\/uploads\/2023\/04\/Matias-bertolotti.webp",1006,534,false],"landscape":["https:\/\/elfederalmendoza.com.ar\/wp-content\/uploads\/2023\/04\/Matias-bertolotti.webp",1006,534,false],"portraits":["https:\/\/elfederalmendoza.com.ar\/wp-content\/uploads\/2023\/04\/Matias-bertolotti.webp",1006,534,false],"thumbnail":["https:\/\/elfederalmendoza.com.ar\/wp-content\/uploads\/2023\/04\/Matias-bertolotti-150x150.webp",150,150,true],"medium":["https:\/\/elfederalmendoza.com.ar\/wp-content\/uploads\/2023\/04\/Matias-bertolotti-300x159.webp",300,159,true],"large":["https:\/\/elfederalmendoza.com.ar\/wp-content\/uploads\/2023\/04\/Matias-bertolotti.webp",640,340,false],"1536x1536":["https:\/\/elfederalmendoza.com.ar\/wp-content\/uploads\/2023\/04\/Matias-bertolotti.webp",1006,534,false],"2048x2048":["https:\/\/elfederalmendoza.com.ar\/wp-content\/uploads\/2023\/04\/Matias-bertolotti.webp",1006,534,false],"ultp_layout_landscape_large":["https:\/\/elfederalmendoza.com.ar\/wp-content\/uploads\/2023\/04\/Matias-bertolotti.webp",1006,534,false],"ultp_layout_landscape":["https:\/\/elfederalmendoza.com.ar\/wp-content\/uploads\/2023\/04\/Matias-bertolotti-870x534.webp",870,534,true],"ultp_layout_portrait":["https:\/\/elfederalmendoza.com.ar\/wp-content\/uploads\/2023\/04\/Matias-bertolotti-600x534.webp",600,534,true],"ultp_layout_square":["https:\/\/elfederalmendoza.com.ar\/wp-content\/uploads\/2023\/04\/Matias-bertolotti-600x534.webp",600,534,true],"rpwe-thumbnail":["https:\/\/elfederalmendoza.com.ar\/wp-content\/uploads\/2023\/04\/Matias-bertolotti-45x45.webp",45,45,true],"advps-thumb-one":["https:\/\/elfederalmendoza.com.ar\/wp-content\/uploads\/2023\/04\/Matias-bertolotti-1006x420.webp",1006,420,true]},"rttpg_author":{"display_name":"Redacci\u00f3n El Federal","author_link":"https:\/\/elfederalmendoza.com.ar\/index.php\/author\/angelflores\/"},"rttpg_comment":0,"rttpg_category":"<a href=\"https:\/\/elfederalmendoza.com.ar\/index.php\/category\/mza\/\" rel=\"category tag\">Mendoza<\/a>","rttpg_excerpt":"El cierre preventivo del paso&nbsp;Cristo Redentor&nbsp;durante el fin de semana largo por la probabilidad de mal tiempo en alta monta\u00f1a gener\u00f3 la ma\u00f1ana de este viernes un fuerte&nbsp;cruce entre el meteor\u00f3logo Mat\u00edas Bertolotti y Justo Jos\u00e9 B\u00e1scolo, jefe del Centro de Fronteras&nbsp;y coordinador del corredor internacional. El especialista, que se desempe\u00f1a en\u00a0TN,\u00a0advirti\u00f3 sobre la importancia&hellip;","_links":{"self":[{"href":"https:\/\/elfederalmendoza.com.ar\/index.php\/wp-json\/wp\/v2\/posts\/22356","targetHints":{"allow":["GET"]}}],"collection":[{"href":"https:\/\/elfederalmendoza.com.ar\/index.php\/wp-json\/wp\/v2\/posts"}],"about":[{"href":"https:\/\/elfederalmendoza.com.ar\/index.php\/wp-json\/wp\/v2\/types\/post"}],"author":[{"embeddable":true,"href":"https:\/\/elfederalmendoza.com.ar\/index.php\/wp-json\/wp\/v2\/users\/2"}],"replies":[{"embeddable":true,"href":"https:\/\/elfederalmendoza.com.ar\/index.php\/wp-json\/wp\/v2\/comments?post=22356"}],"version-history":[{"count":1,"href":"https:\/\/elfederalmendoza.com.ar\/index.php\/wp-json\/wp\/v2\/posts\/22356\/revisions"}],"predecessor-version":[{"id":22358,"href":"https:\/\/elfederalmendoza.com.ar\/index.php\/wp-json\/wp\/v2\/posts\/22356\/revisions\/22358"}],"wp:featuredmedia":[{"embeddable":true,"href":"https:\/\/elfederalmendoza.com.ar\/index.php\/wp-json\/wp\/v2\/media\/22357"}],"wp:attachment":[{"href":"https:\/\/elfederalmendoza.com.ar\/index.php\/wp-json\/wp\/v2\/media?parent=22356"}],"wp:term":[{"taxonomy":"category","embeddable":true,"href":"https:\/\/elfederalmendoza.com.ar\/index.php\/wp-json\/wp\/v2\/categories?post=22356"},{"taxonomy":"post_tag","embeddable":true,"href":"https:\/\/elfederalmendoza.com.ar\/index.php\/wp-json\/wp\/v2\/tags?post=22356"}],"curies":[{"name":"wp","href":"https:\/\/api.w.org\/{rel}","templated":true}]}}