{"id":22361,"date":"2023-04-28T19:21:42","date_gmt":"2023-04-28T22:21:42","guid":{"rendered":"https:\/\/elfederalmendoza.com\/?p=22361"},"modified":"2023-04-28T19:21:43","modified_gmt":"2023-04-28T22:21:43","slug":"el-juez-de-la-causa-a-cacho-garay-le-llamo-la-atencion-cuando-el-humorista-dijo-que-es-casado-en-segundas-nauseas","status":"publish","type":"post","link":"https:\/\/elfederalmendoza.com.ar\/index.php\/2023\/04\/28\/el-juez-de-la-causa-a-cacho-garay-le-llamo-la-atencion-cuando-el-humorista-dijo-que-es-casado-en-segundas-nauseas\/","title":{"rendered":"El juez de la causa a Cacho Garay le llam\u00f3 la atenci\u00f3n cuando el humorista dijo que es \u00abcasado en segundas n\u00e1useas\u00bb"},"content":{"rendered":"\n<p><strong>Juan Cacho Garay<\/strong>\u00a0(68) continuar\u00e1 arrestado en el domicilio de su hermana, ubicado en Maip\u00fa. Este viernes, un juez aval\u00f3 las principales pruebas de la causa que se lleva en su contra por violencia de g\u00e9nero y le dio un espaldarazo a la acusaci\u00f3n que sostiene el fiscal.<\/p>\n\n\n\n<p>El juez <strong>Juan Manuel Pina<\/strong> lider\u00f3 la audiencia judicial donde el fiscal Daniel Carniello\u00a0<strong>solicit\u00f3 la prisi\u00f3n preventiva<\/strong>\u00a0del sospechoso, al mismo tiempo que el abogado defensor Daniel Romero reclam\u00f3 la liberaci\u00f3n y la nulidad de dos pruebas claves en la causa.<\/p>\n\n\n\n<p><strong>El magistrado debi\u00f3 llamarle la atenci\u00f3n a Cacho Garay\u00a0<\/strong>en el comienzo de la audiencia porque cuando le pregunt\u00f3 su estado civil contest\u00f3 \u00abcasado en segundas n\u00e1useas\u00bb (en vez de nupcias).<\/p>\n\n\n\n<p>Adem\u00e1s del testimonio de la denunciante Ver\u00f3nica Mac\u00edas,&nbsp;<strong>el expediente cuenta con un informe psicol\u00f3gico que determin\u00f3 que la bailarina est\u00e1 en situaci\u00f3n de riesgo por violencia de g\u00e9nero y tambi\u00e9n un examen m\u00e9dico que detect\u00f3 lesiones compatibles a un abuso sexual.&nbsp;<\/strong>Para la defensa, estas evidencias son nulas ya que no les permitieron poner un perito de parte para controlarlas.<\/p>\n\n\n\n<p>Sin embargo, el juez Pina aval\u00f3 la legalidad de esos informes y, por ende, consider\u00f3 que<strong>\u00a0hay pruebas suficientes a esta altura de la investigaci\u00f3n para sostener la detenci\u00f3n de Cacho Garay.<\/strong>\u00a0De todas formas, mantuvo la modalidad domiciliaria que ya hab\u00eda ordenado el fiscal Carniello. El humorista podr\u00e1 apelar para que un juez revise la medida en segunda instancia e insistir con su libertad.<\/p>\n\n\n\n<figure class=\"wp-block-image size-large\"><img loading=\"lazy\" decoding=\"async\" width=\"1024\" height=\"637\" src=\"https:\/\/elfederalmendoza.com\/wp-content\/uploads\/2023\/04\/cacho-garay-nauseas-1024x637.jpg\" alt=\"\" class=\"wp-image-22362\" srcset=\"https:\/\/elfederalmendoza.com.ar\/wp-content\/uploads\/2023\/04\/cacho-garay-nauseas-1024x637.jpg 1024w, https:\/\/elfederalmendoza.com.ar\/wp-content\/uploads\/2023\/04\/cacho-garay-nauseas-300x187.jpg 300w, https:\/\/elfederalmendoza.com.ar\/wp-content\/uploads\/2023\/04\/cacho-garay-nauseas-768x478.jpg 768w, https:\/\/elfederalmendoza.com.ar\/wp-content\/uploads\/2023\/04\/cacho-garay-nauseas.jpg 1034w\" sizes=\"auto, (max-width: 1024px) 100vw, 1024px\" \/><\/figure>\n\n\n\n<h2 class=\"wp-block-heading\">La denuncia de violencia de g\u00e9nero contra Cacho Garay<\/h2>\n\n\n\n<p>En los primeros d\u00edas de abril trascendi\u00f3 una denuncia por violencia de g\u00e9nero que Ver\u00f3nica Mac\u00edas hizo contra su esposo,&nbsp;<em>Cacho<\/em>&nbsp;Garay. La mujer explic\u00f3 que el 5 de abril mantuvo una discusi\u00f3n con Cacho Garay en el domicilio donde conviv\u00edan en Luj\u00e1n de Cuyo. La situaci\u00f3n se fue elevando de tono hasta que&nbsp;<strong>el acusado tom\u00f3 un arma de fuego, le apunt\u00f3 a la cabeza y le advirti\u00f3 \u00abte voy a matar\u00bb.<\/strong><\/p>\n\n\n\n<p>Una semana despu\u00e9s se realiz\u00f3 un allanamiento en el domicilio donde el humorista fue detenido y&nbsp;<strong>se secuestraron cuatro armas de fuego de colecci\u00f3n, de las cuales dos estaban aptas para el disparo.&nbsp;<\/strong>Sin embargo, estuvo menos de 24 horas preso ya que recupero la libertad.<\/p>\n\n\n\n<p>La bailarina ampli\u00f3 su testimonio y&nbsp;<strong>habl\u00f3 de reiterados abusos sexuales y de haber sido privada de su libertad por parte de Cacho Garay.&nbsp;<\/strong>La Fiscal\u00eda de Violencia de G\u00e9nero agrav\u00f3 la imputaci\u00f3n y orden\u00f3 la detenci\u00f3n domiciliaria del sospechoso.<\/p>\n\n\n\n<p><strong>El humorista est\u00e1 acusado de amenazas agravadas, tenencia ilegal de arma de fuego de uso civil, abuso sexual con acceso carnal y privaci\u00f3n de la libertad agravada. Arriesga una potencial condena de 6 a 26 a\u00f1os de c\u00e1rcel.<\/strong><\/p>\n","protected":false},"excerpt":{"rendered":"<p>Juan Cacho Garay\u00a0(68) continuar\u00e1 arrestado en el domicilio de su hermana, ubicado en Maip\u00fa. Este viernes, un juez aval\u00f3 las principales pruebas de la causa que se lleva en su contra por violencia de g\u00e9nero y le dio un espaldarazo a la acusaci\u00f3n que sostiene el fiscal. El juez Juan Manuel Pina lider\u00f3 la audiencia<a class=\"read-more\" href=\"https:\/\/elfederalmendoza.com.ar\/index.php\/2023\/04\/28\/el-juez-de-la-causa-a-cacho-garay-le-llamo-la-atencion-cuando-el-humorista-dijo-que-es-casado-en-segundas-nauseas\/\"> [&hellip;]<\/a><\/p>\n","protected":false},"author":2,"featured_media":22363,"comment_status":"open","ping_status":"open","sticky":false,"template":"","format":"standard","meta":{"footnotes":""},"categories":[1],"tags":[],"class_list":["post-22361","post","type-post","status-publish","format-standard","has-post-thumbnail","hentry","category-mza"],"rttpg_featured_image_url":{"full":["https:\/\/elfederalmendoza.com.ar\/wp-content\/uploads\/2023\/04\/cacho-garay-audiencia.jpg",1194,645,false],"landscape":["https:\/\/elfederalmendoza.com.ar\/wp-content\/uploads\/2023\/04\/cacho-garay-audiencia.jpg",1194,645,false],"portraits":["https:\/\/elfederalmendoza.com.ar\/wp-content\/uploads\/2023\/04\/cacho-garay-audiencia.jpg",1194,645,false],"thumbnail":["https:\/\/elfederalmendoza.com.ar\/wp-content\/uploads\/2023\/04\/cacho-garay-audiencia-150x150.jpg",150,150,true],"medium":["https:\/\/elfederalmendoza.com.ar\/wp-content\/uploads\/2023\/04\/cacho-garay-audiencia-300x162.jpg",300,162,true],"large":["https:\/\/elfederalmendoza.com.ar\/wp-content\/uploads\/2023\/04\/cacho-garay-audiencia-1024x553.jpg",640,346,true],"1536x1536":["https:\/\/elfederalmendoza.com.ar\/wp-content\/uploads\/2023\/04\/cacho-garay-audiencia.jpg",1194,645,false],"2048x2048":["https:\/\/elfederalmendoza.com.ar\/wp-content\/uploads\/2023\/04\/cacho-garay-audiencia.jpg",1194,645,false],"ultp_layout_landscape_large":["https:\/\/elfederalmendoza.com.ar\/wp-content\/uploads\/2023\/04\/cacho-garay-audiencia.jpg",1194,645,false],"ultp_layout_landscape":["https:\/\/elfederalmendoza.com.ar\/wp-content\/uploads\/2023\/04\/cacho-garay-audiencia-870x570.jpg",870,570,true],"ultp_layout_portrait":["https:\/\/elfederalmendoza.com.ar\/wp-content\/uploads\/2023\/04\/cacho-garay-audiencia-600x645.jpg",600,645,true],"ultp_layout_square":["https:\/\/elfederalmendoza.com.ar\/wp-content\/uploads\/2023\/04\/cacho-garay-audiencia-600x600.jpg",600,600,true],"rpwe-thumbnail":["https:\/\/elfederalmendoza.com.ar\/wp-content\/uploads\/2023\/04\/cacho-garay-audiencia-45x45.jpg",45,45,true],"advps-thumb-one":["https:\/\/elfederalmendoza.com.ar\/wp-content\/uploads\/2023\/04\/cacho-garay-audiencia-1194x420.jpg",1194,420,true]},"rttpg_author":{"display_name":"Redacci\u00f3n El Federal","author_link":"https:\/\/elfederalmendoza.com.ar\/index.php\/author\/angelflores\/"},"rttpg_comment":0,"rttpg_category":"<a href=\"https:\/\/elfederalmendoza.com.ar\/index.php\/category\/mza\/\" rel=\"category tag\">Mendoza<\/a>","rttpg_excerpt":"Juan Cacho Garay\u00a0(68) continuar\u00e1 arrestado en el domicilio de su hermana, ubicado en Maip\u00fa. Este viernes, un juez aval\u00f3 las principales pruebas de la causa que se lleva en su contra por violencia de g\u00e9nero y le dio un espaldarazo a la acusaci\u00f3n que sostiene el fiscal. El juez Juan Manuel Pina lider\u00f3 la audiencia&hellip;","_links":{"self":[{"href":"https:\/\/elfederalmendoza.com.ar\/index.php\/wp-json\/wp\/v2\/posts\/22361","targetHints":{"allow":["GET"]}}],"collection":[{"href":"https:\/\/elfederalmendoza.com.ar\/index.php\/wp-json\/wp\/v2\/posts"}],"about":[{"href":"https:\/\/elfederalmendoza.com.ar\/index.php\/wp-json\/wp\/v2\/types\/post"}],"author":[{"embeddable":true,"href":"https:\/\/elfederalmendoza.com.ar\/index.php\/wp-json\/wp\/v2\/users\/2"}],"replies":[{"embeddable":true,"href":"https:\/\/elfederalmendoza.com.ar\/index.php\/wp-json\/wp\/v2\/comments?post=22361"}],"version-history":[{"count":1,"href":"https:\/\/elfederalmendoza.com.ar\/index.php\/wp-json\/wp\/v2\/posts\/22361\/revisions"}],"predecessor-version":[{"id":22364,"href":"https:\/\/elfederalmendoza.com.ar\/index.php\/wp-json\/wp\/v2\/posts\/22361\/revisions\/22364"}],"wp:featuredmedia":[{"embeddable":true,"href":"https:\/\/elfederalmendoza.com.ar\/index.php\/wp-json\/wp\/v2\/media\/22363"}],"wp:attachment":[{"href":"https:\/\/elfederalmendoza.com.ar\/index.php\/wp-json\/wp\/v2\/media?parent=22361"}],"wp:term":[{"taxonomy":"category","embeddable":true,"href":"https:\/\/elfederalmendoza.com.ar\/index.php\/wp-json\/wp\/v2\/categories?post=22361"},{"taxonomy":"post_tag","embeddable":true,"href":"https:\/\/elfederalmendoza.com.ar\/index.php\/wp-json\/wp\/v2\/tags?post=22361"}],"curies":[{"name":"wp","href":"https:\/\/api.w.org\/{rel}","templated":true}]}}