{"id":22366,"date":"2023-04-29T09:38:16","date_gmt":"2023-04-29T12:38:16","guid":{"rendered":"https:\/\/elfederalmendoza.com\/?p=22366"},"modified":"2023-04-29T09:38:16","modified_gmt":"2023-04-29T12:38:16","slug":"pedidos-ya-80-mil-por-semana-trabajo-en-negro-y-el-miedo-a-morir-en-la-calle","status":"publish","type":"post","link":"https:\/\/elfederalmendoza.com.ar\/index.php\/2023\/04\/29\/pedidos-ya-80-mil-por-semana-trabajo-en-negro-y-el-miedo-a-morir-en-la-calle\/","title":{"rendered":"Pedidos Ya: $80 mil por semana, trabajo en negro y el miedo a morir en la calle"},"content":{"rendered":"\n<p>El contexto de la&nbsp;<strong>pandemia 2020<\/strong>&nbsp; aceler\u00f3 el proceso de digitalizaci\u00f3n en todas las \u00e1reas de la econom\u00eda, incluido como era de esperar, el \u00e1mbito del trabajo. Esto oblig\u00f3 a las empresas a la adopci\u00f3n de todas aquellas medidas necesarias para realizar \u201cexperimentos\u201d de trabajo en casa o<em>&nbsp;home office.<\/em>&nbsp;Y como no se pod\u00eda circular libremente por las calles para evitar el contacto y un posible contagio, hubo un auge enorme de las<strong>&nbsp;plataformas digitales de delivery<\/strong>.&nbsp; Sin embargo, como todo cambio repentino que abre la posibilidad de nuevas formas de trabajo, tambi\u00e9n coexisten con ellas los vac\u00edos legales y las irregularidades.<\/p>\n\n\n\n<p>En el caso de los&nbsp;<strong>deliveries<\/strong>&nbsp;enfrentan el dilema de ganar hasta 80 mil pesos por semana, pero precarizados y con el temor constante a morir atropellados.&nbsp;<\/p>\n\n\n\n<p>En Mendoza,&nbsp;<strong>Juan Manuel L\u00f3pez Bernues (30) falleci\u00f3 en un accidente en Luj\u00e1n el 21 de abril de 2020; Emiliano Concina (31) perdi\u00f3 la vida en un choque en agosto de 2021; Brian Ibarra (24) corri\u00f3 la misma desgracia en Chacras de Coria en 2020; Hugo Jaime (54) muri\u00f3 de la misma manera en 2019 en Godoy Cruz. El caso m\u00e1s reciente fue el de&nbsp;Jeniree Beatr\u00edz Silva (33), que fue atropellada y falleci\u00f3 en el acto en Dorrego el 23 de abril de este a\u00f1o.<\/strong><\/p>\n\n\n\n<p>El panorama habilit\u00f3&nbsp;transformaciones tecnol\u00f3gicas en el mundo laboral que aceleraron los cambios en las relaciones y v\u00ednculos de trabajo. \u201cEste complejo escenario nos sit\u00faa ante el desaf\u00edo de modificar, adaptar y\/o reformar los marcos institucionales y adecuar los institutos laborales para que el cambio tecnol\u00f3gico contribuya al bienestar de los trabajadores y no se constituya en un retroceso en materia de derechos\u201d, argumenta un&nbsp;proyecto de ley presentado en la Legislatura de la provincia de Buenos Aires&nbsp;que quiere registrar a los trabajadores de Pedidos Ya, Rapi y todas las app de reparto.<\/p>\n\n\n\n<p>Su autor es&nbsp;Omar Plaini, secretario general del Sindicato de Canillitas y senador provincial por La Plata. \u201cEl proyecto es solamente un registro provincial \u00fanico y obligatorio de repartidores, y me parece imprescindible. Hoy las empresas no reconocen los derechos de sus trabajadores\u201d, argument\u00f3 a en declaraciones a&nbsp;<em>Radio Urbana<\/em>.<\/p>\n\n\n\n<figure class=\"wp-block-image is-resized\"><img loading=\"lazy\" decoding=\"async\" src=\"https:\/\/www.mendozapost.com\/files\/image\/228\/228878\/5d7d0437680c7_570_376!.jpg?s=2c625312e1bd05900806a09ae0c1ba16&amp;d=1638789586\" alt=\"\" width=\"962\" height=\"635\"\/><figcaption class=\"wp-element-caption\">El crecimiento de los repartidores durante la pandemia fue constante.<\/figcaption><\/figure>\n\n\n\n<p>El legislador indica que el registro para repartidores de aplicaciones servir\u00e1 ya que \u201clos trabajadores tienen los derechos pero las empresas no los cumplen\u201d.<\/p>\n\n\n\n<h2 class=\"wp-block-heading\"><strong>El caso en Mendoza<\/strong><\/h2>\n\n\n\n<p>Iv\u00e1n lleva m\u00e1s de dos a\u00f1os trabajando en Pedidos Ya y confes\u00f3 que a pesar de no haber visto en detalle el proyecto de ley, le parace bien.&nbsp;<\/p>\n\n\n\n<figure class=\"wp-block-image\"><img decoding=\"async\" src=\"https:\/\/www.mendozapost.com\/files\/image\/476\/476443\/64483076bb0b9_570_715!.png?s=f5b44b2b672b3cdd14f25ffda98adba6&amp;d=1682452603\" alt=\"\"\/><figcaption class=\"wp-element-caption\">El proyecto lo present\u00f3 el bloque de senadores de la Provincia de Buenos Aires.<\/figcaption><\/figure>\n\n\n\n<p>\u201cSer\u00eda una buena idea pero dudo que la empresa lo quiera, es media arisca con los aumentos de sueldo, me imagino con ponernos en blanco. Pero si es Ley, bienvenida sea\u201d, se\u00f1al\u00f3 al&nbsp;<strong><em><a href=\"https:\/\/www.mendozapost.com\/\" target=\"_blank\" rel=\"noreferrer noopener\">POST<\/a>&nbsp;<\/em><\/strong>el repartidor.<\/p>\n\n\n\n<p>Hoy en d\u00eda, un trabajador puede llegar a ganar $80.000 pesos a la semana dependiendo los horarios de conexi\u00f3n -quiere decir que est\u00e1 disponible- y seg\u00fan la necesidad de los clientes.<\/p>\n\n\n\n<p>El proyecto de ley habilitar\u00eda el registro y el acceso a \u00e9ste, \u201ca petici\u00f3n de parte para los trabajadores\/as y Organizaciones Sindicales. Asimismo, podr\u00e1n requerir informaci\u00f3n del mismo, tanto los organismos provinciales, municipales y\/o judiciales u otros que a m\u00e9rito del Ministerio de Trabajo lo justifique. El acceso a este registro, se har\u00e1 respetando los derechos de privacidad de los datos y\/o informaci\u00f3n all\u00ed consignada\u201d.<\/p>\n\n\n\n<p>Por lo tanto, permitir\u00eda que se sindicalicen, algo que hoy no sucede. Pero eso, \u00bfes bueno o malo? \u201cDepende, seg\u00fan que tipo de sindicato\u201d, opin\u00f3 Iv\u00e1n.<\/p>\n\n\n\n<p>Nicol\u00e1s Ram\u00edrez, en representaci\u00f3n de los repartidores, coment\u00f3 al&nbsp;<strong><em>POST<\/em><\/strong>&nbsp;que adem\u00e1s de los accidentes de tr\u00e1nsito e inseguridad los controles viales se \u201censa\u00f1an\u201d con ellos. \u201cNos persiguen, nos paran hasta tres veces por d\u00eda. Tenemos un determinado tiempo para entregar el pedido. La empresa no se hace cargo de nada, no tiene oficina ac\u00e1 y no responde\u201d, se\u00f1al\u00f3 Nicol\u00e1s.&nbsp;&nbsp;<\/p>\n\n\n\n<figure class=\"wp-block-image is-resized\"><img loading=\"lazy\" decoding=\"async\" src=\"https:\/\/www.mendozapost.com\/files\/image\/476\/476471\/644843a1e8c3d_570_316!.jpg?s=03f79b4c6c00515feb96b485c7dd955c&amp;d=1682457509\" alt=\"\" width=\"960\" height=\"532\"\/><figcaption class=\"wp-element-caption\">Nicol\u00e1s Ram\u00edrez pidi\u00f3 justicia por los compa\u00f1eros fallecidos.<\/figcaption><\/figure>\n\n\n\n<h2 class=\"wp-block-heading\"><strong>Inseguridad<\/strong><\/h2>\n\n\n\n<p>El martes 25 de abril en la Legislatura de Mendoza hubo un reclamo para pedir m\u00e1s seguridad para los repartidores. \u201cPasa que somos los primeros en tener inseguridad. Nos roban y nadie hace nada, ni la empresa. Salvo el seguro, chocamos y la empresa se lava las manos. Un celular, plata nuestra, la moto. Los \u00fanicos que perdemos somos nosotros, como siempre\u201d, coment\u00f3 Iv\u00e1n.<\/p>\n\n\n\n<p>\u201cNo nos respetan tampoco en el tr\u00e1fico, aunque ojo, tambi\u00e9n he visto varios repartidores que manejan como se les da la gana\u201d, agreg\u00f3.<\/p>\n\n\n\n<figure class=\"wp-block-image is-resized\"><img loading=\"lazy\" decoding=\"async\" src=\"https:\/\/www.mendozapost.com\/files\/image\/476\/476451\/644832bd4d983_570_428!.png?s=f22385ed422b6ea29025c93a15f9b501&amp;d=1682453185\" alt=\"\" width=\"957\" height=\"719\"\/><figcaption class=\"wp-element-caption\">Omar Plaini, secretario general de Canillitas y senador provincial por La Plata, es el creador del proyecto. Foto: Gentileza Mundo Gremial<\/figcaption><\/figure>\n\n\n\n<h2 class=\"wp-block-heading\"><strong>Multas millonarias para Rappi y PedidosYa<\/strong><\/h2>\n\n\n\n<p>El Ministerio de Producci\u00f3n, Ciencia e Innovaci\u00f3n Tecnol\u00f3gica bonaerense, imput\u00f3 a las empresas&nbsp;<strong>Rappi&nbsp;<\/strong>y&nbsp;<strong>PedidosYa&nbsp;<\/strong>por el cobro de cargos adicionales compulsivos en violaci\u00f3n a la Ley Nacional de Defensa del Consumidor.<\/p>\n\n\n\n<p>\u201cUn relevamiento de la Direcci\u00f3n Provincial de Defensa de los Derechos de las y los Consumidores y Usuarios, dependiente de la cartera productiva provincial, constat\u00f3 que ambas empresas, mediante sus plataformas digitales, adem\u00e1s del gasto por env\u00edo cobran un cargo extra denominado&nbsp;<strong>tarifa por servicio<\/strong>&nbsp;que se tratar\u00eda a priori de un&nbsp;<strong>costo<\/strong>&nbsp;adicional empresario que se traslada a los consumidores y se adiciona a todos los cargos ya abonados por un mismo servicio\u201d, se\u00f1al\u00f3 el Gobierno de Buenos Aires.<\/p>\n\n\n\n<p>La multa es porque las empresas no brindan informaci\u00f3n detallada y precisa respecto a&nbsp;<strong>cu\u00e1l es el motivo ni la composici\u00f3n de esa tarifa por servicio&nbsp;<\/strong>y obligan a usuarios y usuarias a pagarlo para finalizar la compra, ya que no permiten rechazar el cargo. \u201cDe esta forma, ese cobro adicional resultar\u00eda una pr\u00e1ctica abusiva por parte de las empresas, que aumenta el precio de los productos y servicios y traslada, a consumidores y usuarios, costos y gastos empresarios, propios de la actividad, que deben estar a cargo de las respectivas plataformas\u201d, indican.<\/p>\n\n\n\n<p>Ahora, las empresas tienen 5 d\u00edas h\u00e1biles para presentar su descargo.<\/p>\n\n\n\n<figure class=\"wp-block-image is-resized\"><img loading=\"lazy\" decoding=\"async\" src=\"https:\/\/www.mendozapost.com\/files\/image\/476\/476475\/644847e3b61b8_570_316!.jpg?s=92aa94b3ff5f41e14747c59278f820a4&amp;d=1682458599\" alt=\"\" width=\"957\" height=\"531\"\/><\/figure>\n\n\n\n<h2 class=\"wp-block-heading\"><strong>Qu\u00e9 dicen las empresas<\/strong><\/h2>\n\n\n\n<p>Seg\u00fan Sergio Siciliano, diputado del PRO de Buenos Aires y autor de un proyecto alternativo, en declaraciones a Infobae, se\u00f1al\u00f3 que las empresas Rappi y Pedidos YA ya anunciaron que, de aprobarse esta ley, \u201cabandonar\u00edan sus operaciones en la provincia de Buenos Aires, lo que afectar\u00eda a m\u00e1s de 25.000 trabajadores que hace delivery a trav\u00e9s de estas plataformas\u201d.<\/p>\n\n\n\n<h2 class=\"wp-block-heading\"><strong>Qu\u00e9 dice Pedidos Ya<\/strong><\/h2>\n\n\n\n<p>El Post hizo reiterados intentos por conseguir la palabra de ejecutivos de la franquicia en nuestra provincia. Si bien cuentan con una oficina en un edificio de coworking en calle Emilio Civit, no hubo nadie dispuesto a opinar, ni del proyecto de regulaci\u00f3n ni del reclamo de los trabajadores. A trav\u00e9s de su equipo de prensa manifestaron a este medio que no tienen ning\u00fan comentario que hacer al respecto.<\/p>\n\n\n\n<h2 class=\"wp-block-heading\"><strong>El proyecto de ley de Plaini<\/strong><\/h2>\n\n\n\n<iframe loading=\"lazy\" src=\"\/\/www.slideshare.net\/slideshow\/embed_code\/key\/gtaF7xoV2huq7S\" width=\"668\" height=\"714\" frameborder=\"0\" marginwidth=\"0\" marginheight=\"0\" scrolling=\"no\" style=\"border:1px solid #CCC; border-width:1px; margin-bottom:5px; max-width: 100%;\" allowfullscreen> <\/iframe> <div style=\"margin-bottom:5px\"> <strong> <a href=\"\/\/www.slideshare.net\/FedeLemos3\/proyecto-de-leypdf\" title=\"Proyecto de ley.pdf\" target=\"_blank\" rel=\"noopener\">Proyecto de ley.pdf<\/a> <\/strong> from <strong><a href=\"\/\/www.slideshare.net\/FedeLemos3\" target=\"_blank\" rel=\"noopener\">FedeLemos3<\/a><\/strong> <\/div>\n\n\n\n<p>Por Federico Lemos<\/p>\n\n\n\n<p>Mendoza Post<\/p>\n","protected":false},"excerpt":{"rendered":"<p>El contexto de la&nbsp;pandemia 2020&nbsp; aceler\u00f3 el proceso de digitalizaci\u00f3n en todas las \u00e1reas de la econom\u00eda, incluido como era de esperar, el \u00e1mbito del trabajo. Esto oblig\u00f3 a las empresas a la adopci\u00f3n de todas aquellas medidas necesarias para realizar \u201cexperimentos\u201d de trabajo en casa o&nbsp;home office.&nbsp;Y como no se pod\u00eda circular libremente por<a class=\"read-more\" href=\"https:\/\/elfederalmendoza.com.ar\/index.php\/2023\/04\/29\/pedidos-ya-80-mil-por-semana-trabajo-en-negro-y-el-miedo-a-morir-en-la-calle\/\"> [&hellip;]<\/a><\/p>\n","protected":false},"author":2,"featured_media":22367,"comment_status":"open","ping_status":"open","sticky":false,"template":"","format":"standard","meta":{"footnotes":""},"categories":[1],"tags":[],"class_list":["post-22366","post","type-post","status-publish","format-standard","has-post-thumbnail","hentry","category-mza"],"rttpg_featured_image_url":{"full":["https:\/\/elfederalmendoza.com.ar\/wp-content\/uploads\/2023\/04\/pedidos-ya.jpg",1007,526,false],"landscape":["https:\/\/elfederalmendoza.com.ar\/wp-content\/uploads\/2023\/04\/pedidos-ya.jpg",1007,526,false],"portraits":["https:\/\/elfederalmendoza.com.ar\/wp-content\/uploads\/2023\/04\/pedidos-ya.jpg",1007,526,false],"thumbnail":["https:\/\/elfederalmendoza.com.ar\/wp-content\/uploads\/2023\/04\/pedidos-ya-150x150.jpg",150,150,true],"medium":["https:\/\/elfederalmendoza.com.ar\/wp-content\/uploads\/2023\/04\/pedidos-ya-300x157.jpg",300,157,true],"large":["https:\/\/elfederalmendoza.com.ar\/wp-content\/uploads\/2023\/04\/pedidos-ya.jpg",640,334,false],"1536x1536":["https:\/\/elfederalmendoza.com.ar\/wp-content\/uploads\/2023\/04\/pedidos-ya.jpg",1007,526,false],"2048x2048":["https:\/\/elfederalmendoza.com.ar\/wp-content\/uploads\/2023\/04\/pedidos-ya.jpg",1007,526,false],"ultp_layout_landscape_large":["https:\/\/elfederalmendoza.com.ar\/wp-content\/uploads\/2023\/04\/pedidos-ya.jpg",1007,526,false],"ultp_layout_landscape":["https:\/\/elfederalmendoza.com.ar\/wp-content\/uploads\/2023\/04\/pedidos-ya-870x526.jpg",870,526,true],"ultp_layout_portrait":["https:\/\/elfederalmendoza.com.ar\/wp-content\/uploads\/2023\/04\/pedidos-ya-600x526.jpg",600,526,true],"ultp_layout_square":["https:\/\/elfederalmendoza.com.ar\/wp-content\/uploads\/2023\/04\/pedidos-ya-600x526.jpg",600,526,true],"rpwe-thumbnail":["https:\/\/elfederalmendoza.com.ar\/wp-content\/uploads\/2023\/04\/pedidos-ya-45x45.jpg",45,45,true],"advps-thumb-one":["https:\/\/elfederalmendoza.com.ar\/wp-content\/uploads\/2023\/04\/pedidos-ya-1007x420.jpg",1007,420,true]},"rttpg_author":{"display_name":"Redacci\u00f3n El Federal","author_link":"https:\/\/elfederalmendoza.com.ar\/index.php\/author\/angelflores\/"},"rttpg_comment":0,"rttpg_category":"<a href=\"https:\/\/elfederalmendoza.com.ar\/index.php\/category\/mza\/\" rel=\"category tag\">Mendoza<\/a>","rttpg_excerpt":"El contexto de la&nbsp;pandemia 2020&nbsp; aceler\u00f3 el proceso de digitalizaci\u00f3n en todas las \u00e1reas de la econom\u00eda, incluido como era de esperar, el \u00e1mbito del trabajo. Esto oblig\u00f3 a las empresas a la adopci\u00f3n de todas aquellas medidas necesarias para realizar \u201cexperimentos\u201d de trabajo en casa o&nbsp;home office.&nbsp;Y como no se pod\u00eda circular libremente por&hellip;","_links":{"self":[{"href":"https:\/\/elfederalmendoza.com.ar\/index.php\/wp-json\/wp\/v2\/posts\/22366","targetHints":{"allow":["GET"]}}],"collection":[{"href":"https:\/\/elfederalmendoza.com.ar\/index.php\/wp-json\/wp\/v2\/posts"}],"about":[{"href":"https:\/\/elfederalmendoza.com.ar\/index.php\/wp-json\/wp\/v2\/types\/post"}],"author":[{"embeddable":true,"href":"https:\/\/elfederalmendoza.com.ar\/index.php\/wp-json\/wp\/v2\/users\/2"}],"replies":[{"embeddable":true,"href":"https:\/\/elfederalmendoza.com.ar\/index.php\/wp-json\/wp\/v2\/comments?post=22366"}],"version-history":[{"count":1,"href":"https:\/\/elfederalmendoza.com.ar\/index.php\/wp-json\/wp\/v2\/posts\/22366\/revisions"}],"predecessor-version":[{"id":22368,"href":"https:\/\/elfederalmendoza.com.ar\/index.php\/wp-json\/wp\/v2\/posts\/22366\/revisions\/22368"}],"wp:featuredmedia":[{"embeddable":true,"href":"https:\/\/elfederalmendoza.com.ar\/index.php\/wp-json\/wp\/v2\/media\/22367"}],"wp:attachment":[{"href":"https:\/\/elfederalmendoza.com.ar\/index.php\/wp-json\/wp\/v2\/media?parent=22366"}],"wp:term":[{"taxonomy":"category","embeddable":true,"href":"https:\/\/elfederalmendoza.com.ar\/index.php\/wp-json\/wp\/v2\/categories?post=22366"},{"taxonomy":"post_tag","embeddable":true,"href":"https:\/\/elfederalmendoza.com.ar\/index.php\/wp-json\/wp\/v2\/tags?post=22366"}],"curies":[{"name":"wp","href":"https:\/\/api.w.org\/{rel}","templated":true}]}}