{"id":22370,"date":"2023-04-29T18:31:30","date_gmt":"2023-04-29T21:31:30","guid":{"rendered":"https:\/\/elfederalmendoza.com\/?p=22370"},"modified":"2023-04-29T18:31:55","modified_gmt":"2023-04-29T21:31:55","slug":"el-kirchnerismo-denuncio-por-malversacion-de-fondos-al-gobernador-de-mendoza","status":"publish","type":"post","link":"https:\/\/elfederalmendoza.com.ar\/index.php\/2023\/04\/29\/el-kirchnerismo-denuncio-por-malversacion-de-fondos-al-gobernador-de-mendoza\/","title":{"rendered":"El kirchnerismo denunci\u00f3 por \u201cmalversaci\u00f3n de fondos\u201d al gobernador de Mendoza"},"content":{"rendered":"\n<p><strong>Mendoza&nbsp;<\/strong>sum\u00f3 una nueva pol\u00e9mica asociada a la construcci\u00f3n del dique&nbsp;<strong>Portezuelo del Viento<\/strong>, un proyecto de megaingenier\u00eda que permitir\u00eda generar electricidad para 130.000 hogares. Esta vez no se trata de un conflicto ambiental o territorial, como los que se originaron meses atr\u00e1s por las denuncias de La Pampa sobre el impacto de la obra en el caudal del r\u00edo Colorado, sino que est\u00e1 asociado al supuesto mal uso de los fondos reservados para el proyecto.<\/p>\n\n\n\n<p>La diputada nacional por el Frente de Todos,&nbsp;<strong>Marisa Uceda<\/strong>, denunci\u00f3 ante la Justicia Federal al gobernador de Mendoza,&nbsp;<strong>Rodolfo Su\u00e1rez<\/strong>, al ministro de Econom\u00eda de esa provincia,&nbsp;<strong>Enrique Vaqui\u00e9<\/strong>&nbsp;y al presidente de la Empresa Mendocina de Energ\u00eda (Emesa),&nbsp;<strong>Pablo Magistocchi<\/strong>, por supuesta malversaci\u00f3n de fondos.<\/p>\n\n\n\n<p>En su cuenta de Twitter, la legisladora apunt\u00f3 contra Su\u00e1rez por un \u201csupuesto delito de incumplimiento de los deberes de funcionario p\u00fablico y malversaci\u00f3n de fondos\u201d, en referencia a los recursos destinados a la construcci\u00f3n del dique.<\/p>\n\n\n\n<figure class=\"wp-block-image\"><img decoding=\"async\" src=\"https:\/\/cloudfront-us-east-1.images.arcpublishing.com\/infobae\/JME54TPV4FAH5C3BQLULUNJO5M.jpg\" alt=\"infobae\"\/><\/figure>\n\n\n\n<p>\u201cA trav\u00e9s de una denuncia an\u00f3nima, he tomado conocimiento de desv\u00edos de dinero correspondientes a los fondos destinados a Portezuelo del Viento y\/u otras obras de aprovechamiento h\u00eddrico. En esta se apunta al Presidente de Emesa como supuesto responsable de autorizar transferencias millonarias en d\u00f3lares a 3 agentes de bolsa desde la cuenta del Fideicomiso para la Ejecuci\u00f3n de la Obra Aprovechamiento H\u00eddrico Multiprop\u00f3sito Portezuelo del Viento\u201d, agreg\u00f3 la diputada por la misma red social.<\/p>\n\n\n\n<p>\u201cLo que agrava esta situaci\u00f3n es que 2 de estos 3 agentes de bolsa<strong>&nbsp;(Max capital, Tpcg valores y PP Inversiones)<\/strong>&nbsp;son parte de los denunciados por el ministro de Econom\u00eda,&nbsp;<strong>Sergio Massa<\/strong>, como responsables de la corrida cambiaria que hemos presenciado los \u00faltimos d\u00edas en nuestro pa\u00eds\u201d, agreg\u00f3.<\/p>\n\n\n\n<p>Uceda record\u00f3 adem\u00e1s que el contrato firmado entre el Gobierno Nacional y el Gobierno de Mendoza estableci\u00f3 que el destino de los fondos es exclusivo para Portezuelo o para otras obras h\u00eddricas. \u201cEs fundamental conocer qu\u00e9 est\u00e1 pasando con los fondos de Portezuelo el Viento que est\u00e1n contenidos en dicho fideicomiso y cu\u00e1l es el destino que han tenido las transferencias, sobre todo si se destinan a la especulaci\u00f3n financiera\u201d, cerr\u00f3 la referente del Frente de Todos.<\/p>\n\n\n\n<h2 class=\"wp-block-heading\">La defensa del Gobierno<\/h2>\n\n\n\n<p>La respuesta del Gobierno y de referentes de Cambia Mendoza no tard\u00f3 en llegar. Uno de los primeros en hablar fue el ministro de Hacienda de esa provincia,<strong>&nbsp;Victor Fayad<\/strong>, quien reconoci\u00f3 ante los medios que el Estado provincia invirti\u00f3 una parte de los fondos, pero aclar\u00f3 que se trata solo de un 2% del total (unos USD 20 millones) y asegur\u00f3 que el dinero sigue estando disponible para su uso original.<\/p>\n\n\n\n<p>En di\u00e1logo con&nbsp;<strong>Infobae<\/strong>, Fayad se\u00f1al\u00f3 que las tasas de inter\u00e9s por los dep\u00f3sitos en d\u00f3lares en Argentina son nulos, mientras que otras inversiones libres de riesgo permiten rendimientos superiores al 4 por ciento. \u201cIncumplimiento de deberes ser\u00eda no hacer lo que estamos haciendo. Adem\u00e1s, sin el laudo contra Portezuelo del Viento por parte de&nbsp;<strong>Alberto Fern\u00e1ndez<\/strong>, hoy estar\u00edamos destinando esos fondos a una obra fundamental para los mendocinos\u201d, apunt\u00f3.<\/p>\n\n\n\n<p><img loading=\"lazy\" decoding=\"async\" alt=\"Portezuelo del Viento triplicar\u00eda la energ\u00eda generada por el dique Potrerillos, la \u00faltima gran represa construida en Mendoza.\" height=\"1080\" width=\"1920\" class=\"\" src=\"https:\/\/cloudfront-us-east-1.images.arcpublishing.com\/infobae\/SAO6KSEFW5EIFDK4YL5PIHJPUU.jpg\" srcset=\"https:\/\/www.infobae.com\/new-resizer\/dTO1sp90hg20CLt27i7x9std7VU=\/420x236\/filters:format(webp):quality(85)\/cloudfront-us-east-1.images.arcpublishing.com\/infobae\/SAO6KSEFW5EIFDK4YL5PIHJPUU.jpg 420w,https:\/\/www.infobae.com\/new-resizer\/L0SjGs91bJN9F1BmBOzbSs8O0IU=\/768x432\/filters:format(webp):quality(85)\/cloudfront-us-east-1.images.arcpublishing.com\/infobae\/SAO6KSEFW5EIFDK4YL5PIHJPUU.jpg 768w,https:\/\/www.infobae.com\/new-resizer\/eAvt9h610wXONZ3gNjg-VqEBKrs=\/992x558\/filters:format(webp):quality(85)\/cloudfront-us-east-1.images.arcpublishing.com\/infobae\/SAO6KSEFW5EIFDK4YL5PIHJPUU.jpg 992w,https:\/\/www.infobae.com\/new-resizer\/-8yIAovUCcmH0eq0DMIlsaL036U=\/1200x675\/filters:format(webp):quality(85)\/cloudfront-us-east-1.images.arcpublishing.com\/infobae\/SAO6KSEFW5EIFDK4YL5PIHJPUU.jpg 1200w,https:\/\/www.infobae.com\/new-resizer\/TSZJgeXY_n0ooloj7akLsvRIVc4=\/1440x810\/filters:format(webp):quality(85)\/cloudfront-us-east-1.images.arcpublishing.com\/infobae\/SAO6KSEFW5EIFDK4YL5PIHJPUU.jpg 1440w\">Portezuelo del Viento triplicar\u00eda la energ\u00eda generada por el dique Potrerillos, la \u00faltima gran represa construida en Mendoza.<\/p>\n\n\n\n<p>\u201cEl rol de los funcionarios de Mendoza es proteger los fondos de la inflaci\u00f3n y de la inseguridad jur\u00eddica que genera el Gobierno Nacional. Tanto es as\u00ed, que la mayor\u00eda de las provincias ordenadas est\u00e1n protegiendo sus ahorros de la misma manera. Es un acto de Administraci\u00f3n de recursos para protegerlos, no de disposici\u00f3n. As\u00ed se asegura que los fondos estar\u00e1n disponibles cuando sean necesarios\u201d, insisti\u00f3 Fayad.<\/p>\n\n\n\n<p>En referencia a las declaraciones de Uceda, el funcionario provincial acus\u00f3 que la informaci\u00f3n que recibi\u00f3 la diputada \u201cno fue una denuncia an\u00f3nima\u201d, sino de \u201cfuncionarios de La C\u00e1mpora violando el secreto bancario\u201d.<\/p>\n\n\n\n<h2 class=\"wp-block-heading\">El proyecto que no fue<\/h2>\n\n\n\n<p>La construcci\u00f3n de Portezuelo del Viento estuvo cargada de pol\u00e9mica desde el inicio. Fue en 2006 cuando el entonces gobernador de Mendoza,&nbsp;<strong>Julio Cobos<\/strong>, y el ex presidente,&nbsp;<strong>N\u00e9stor Kirchner<\/strong>, firmaron un acuerdo extrajudicial para la construcci\u00f3n de la presa, en compensaci\u00f3n por los perjuicios ocasionados a Mendoza por la promoci\u00f3n industrial, que beneficiaba a las vecinas provincias de la regi\u00f3n cuyana en detrimento de la econom\u00eda mendocina.<\/p>\n\n\n\n<p>A\u00f1os m\u00e1s tarde, en junio de 2019, el entonces gobernador&nbsp;<strong>Alfredo Cornejo<\/strong>&nbsp;firm\u00f3 con el ministro de Hacienda de la Naci\u00f3n,<strong>&nbsp;Nicol\u00e1s Dujovne<\/strong>&nbsp;y el ministro del Interior,&nbsp;<strong>Rogelio Frigerio<\/strong>, un acuerdo para la ejecuci\u00f3n del proyecto y la entrega a la provincia de letras intransferibles por un valor de 1.023,4 millones de d\u00f3lares.<\/p>\n\n\n\n<p><img loading=\"lazy\" decoding=\"async\" alt=\"El junio de 2019 el ex ministro de Hacienda, Nicol\u00e1s Dujovne, y el entonces gobernador de Mendoza, Alfredo Cornejo, firmaron el acuerdo para la transferencia de los fondos.\" height=\"1080\" width=\"1920\" class=\"\" src=\"https:\/\/cloudfront-us-east-1.images.arcpublishing.com\/infobae\/6R6GMJJGMJHWHPTLPUAQTNND5E.jpg\" srcset=\"https:\/\/www.infobae.com\/new-resizer\/mEtr1WeY1-gRhPmve-fR8i-urdg=\/420x236\/filters:format(webp):quality(85)\/cloudfront-us-east-1.images.arcpublishing.com\/infobae\/6R6GMJJGMJHWHPTLPUAQTNND5E.jpg 420w,https:\/\/www.infobae.com\/new-resizer\/L_fshsZGTuRwFcGRPZl0kinXSwk=\/768x432\/filters:format(webp):quality(85)\/cloudfront-us-east-1.images.arcpublishing.com\/infobae\/6R6GMJJGMJHWHPTLPUAQTNND5E.jpg 768w,https:\/\/www.infobae.com\/new-resizer\/axt0rQWX6kIDae6IvsoWWSYVB4g=\/992x558\/filters:format(webp):quality(85)\/cloudfront-us-east-1.images.arcpublishing.com\/infobae\/6R6GMJJGMJHWHPTLPUAQTNND5E.jpg 992w,https:\/\/www.infobae.com\/new-resizer\/NQtSI3gpA2etEhn6YIuy2Q6CVW8=\/1200x675\/filters:format(webp):quality(85)\/cloudfront-us-east-1.images.arcpublishing.com\/infobae\/6R6GMJJGMJHWHPTLPUAQTNND5E.jpg 1200w,https:\/\/www.infobae.com\/new-resizer\/91jlyhvXj6AVQgvtMSLw_pvsA0Q=\/1440x810\/filters:format(webp):quality(85)\/cloudfront-us-east-1.images.arcpublishing.com\/infobae\/6R6GMJJGMJHWHPTLPUAQTNND5E.jpg 1440w\">El junio de 2019 el ex ministro de Hacienda, Nicol\u00e1s Dujovne, y el entonces gobernador de Mendoza, Alfredo Cornejo, firmaron el acuerdo para la transferencia de los fondos.<\/p>\n\n\n\n<p>El pago no fue inmediato, sino que se dividi\u00f3 en cuotas trimestrales hasta octubre de 2024, por lo que se comprometi\u00f3 al cumplimiento del acuerdo a la Administraci\u00f3n siguiente, lo que en manos de&nbsp;<strong>Alberto Fern\u00e1ndez<\/strong>. Hasta el momento la Naci\u00f3n transfiri\u00f3 casi la mitad del presupuesto total, aunque no hay ning\u00fan indicio claro de que la obra pueda ejecutarse, pese a que el Gobierno de Mendoza ya llam\u00f3 a licitaci\u00f3n para la construcci\u00f3n del dique.<\/p>\n\n\n\n<p>El problema es el conflicto que se origin\u00f3 con&nbsp;<strong>La Pampa, Buenos Aires, R\u00edo Negro y Neuqu\u00e9n&nbsp;<\/strong>en el seno del Comit\u00e9 Interjurisdiccional del R\u00edo Colorado (Coirco) por el uso del agua de ese r\u00edo. Los gobiernos de esas provincias pidieron a la Naci\u00f3n que frenara las obras, acusando a Mendoza de actuar contra la soberan\u00eda h\u00eddrica de esas jurisdicciones.<\/p>\n\n\n\n<p>En diciembre de 2022 el presidente<strong>&nbsp;Alberto Fern\u00e1ndez&nbsp;<\/strong>dict\u00f3 un Laudo por Portezuelo y ratific\u00f3 la necesidad de un&nbsp;<strong>Estudio de Impacto Ambiental Integral<\/strong>, por lo que el proyecto se fren\u00f3 completamente, al menos hasta que se destrabe el conflicto.<\/p>\n\n\n\n<p>Esa situaci\u00f3n condujo a que los fondos para Portezuelo quedaran frenados, en manos del Gobierno de Mendoza (con desembolsos a\u00fan pendientes), pero inutilizables. Han circulado en la provincia diferentes propuestas alternativas a Portezuelo, como la construcci\u00f3n de obras m\u00e1s peque\u00f1as de aprovechamiento h\u00eddrico en todo el territorio provincial, pero por el momento no han habido definiciones.<\/p>\n\n\n\n<p>Eso s\u00ed, la cuesti\u00f3n de los fondos es ahora objeto de una denuncia envuelta en supuestas especulaciones cambiarias y posibles especulaciones electorales.<\/p>\n\n\n\n<p>Infobae<\/p>\n","protected":false},"excerpt":{"rendered":"<p>Mendoza&nbsp;sum\u00f3 una nueva pol\u00e9mica asociada a la construcci\u00f3n del dique&nbsp;Portezuelo del Viento, un proyecto de megaingenier\u00eda que permitir\u00eda generar electricidad para 130.000 hogares. Esta vez no se trata de un conflicto ambiental o territorial, como los que se originaron meses atr\u00e1s por las denuncias de La Pampa sobre el impacto de la obra en el<a class=\"read-more\" href=\"https:\/\/elfederalmendoza.com.ar\/index.php\/2023\/04\/29\/el-kirchnerismo-denuncio-por-malversacion-de-fondos-al-gobernador-de-mendoza\/\"> [&hellip;]<\/a><\/p>\n","protected":false},"author":2,"featured_media":22371,"comment_status":"open","ping_status":"open","sticky":false,"template":"","format":"standard","meta":{"footnotes":""},"categories":[1],"tags":[],"class_list":["post-22370","post","type-post","status-publish","format-standard","has-post-thumbnail","hentry","category-mza"],"rttpg_featured_image_url":{"full":["https:\/\/elfederalmendoza.com.ar\/wp-content\/uploads\/2023\/04\/suarez-denunciado.jpg",1300,730,false],"landscape":["https:\/\/elfederalmendoza.com.ar\/wp-content\/uploads\/2023\/04\/suarez-denunciado.jpg",1300,730,false],"portraits":["https:\/\/elfederalmendoza.com.ar\/wp-content\/uploads\/2023\/04\/suarez-denunciado.jpg",1300,730,false],"thumbnail":["https:\/\/elfederalmendoza.com.ar\/wp-content\/uploads\/2023\/04\/suarez-denunciado-150x150.jpg",150,150,true],"medium":["https:\/\/elfederalmendoza.com.ar\/wp-content\/uploads\/2023\/04\/suarez-denunciado-300x168.jpg",300,168,true],"large":["https:\/\/elfederalmendoza.com.ar\/wp-content\/uploads\/2023\/04\/suarez-denunciado-1024x575.jpg",640,359,true],"1536x1536":["https:\/\/elfederalmendoza.com.ar\/wp-content\/uploads\/2023\/04\/suarez-denunciado.jpg",1300,730,false],"2048x2048":["https:\/\/elfederalmendoza.com.ar\/wp-content\/uploads\/2023\/04\/suarez-denunciado.jpg",1300,730,false],"ultp_layout_landscape_large":["https:\/\/elfederalmendoza.com.ar\/wp-content\/uploads\/2023\/04\/suarez-denunciado-1200x730.jpg",1200,730,true],"ultp_layout_landscape":["https:\/\/elfederalmendoza.com.ar\/wp-content\/uploads\/2023\/04\/suarez-denunciado-870x570.jpg",870,570,true],"ultp_layout_portrait":["https:\/\/elfederalmendoza.com.ar\/wp-content\/uploads\/2023\/04\/suarez-denunciado-600x730.jpg",600,730,true],"ultp_layout_square":["https:\/\/elfederalmendoza.com.ar\/wp-content\/uploads\/2023\/04\/suarez-denunciado-600x600.jpg",600,600,true],"rpwe-thumbnail":["https:\/\/elfederalmendoza.com.ar\/wp-content\/uploads\/2023\/04\/suarez-denunciado-45x45.jpg",45,45,true],"advps-thumb-one":["https:\/\/elfederalmendoza.com.ar\/wp-content\/uploads\/2023\/04\/suarez-denunciado-1200x420.jpg",1200,420,true]},"rttpg_author":{"display_name":"Redacci\u00f3n El Federal","author_link":"https:\/\/elfederalmendoza.com.ar\/index.php\/author\/angelflores\/"},"rttpg_comment":0,"rttpg_category":"<a href=\"https:\/\/elfederalmendoza.com.ar\/index.php\/category\/mza\/\" rel=\"category tag\">Mendoza<\/a>","rttpg_excerpt":"Mendoza&nbsp;sum\u00f3 una nueva pol\u00e9mica asociada a la construcci\u00f3n del dique&nbsp;Portezuelo del Viento, un proyecto de megaingenier\u00eda que permitir\u00eda generar electricidad para 130.000 hogares. Esta vez no se trata de un conflicto ambiental o territorial, como los que se originaron meses atr\u00e1s por las denuncias de La Pampa sobre el impacto de la obra en el&hellip;","_links":{"self":[{"href":"https:\/\/elfederalmendoza.com.ar\/index.php\/wp-json\/wp\/v2\/posts\/22370","targetHints":{"allow":["GET"]}}],"collection":[{"href":"https:\/\/elfederalmendoza.com.ar\/index.php\/wp-json\/wp\/v2\/posts"}],"about":[{"href":"https:\/\/elfederalmendoza.com.ar\/index.php\/wp-json\/wp\/v2\/types\/post"}],"author":[{"embeddable":true,"href":"https:\/\/elfederalmendoza.com.ar\/index.php\/wp-json\/wp\/v2\/users\/2"}],"replies":[{"embeddable":true,"href":"https:\/\/elfederalmendoza.com.ar\/index.php\/wp-json\/wp\/v2\/comments?post=22370"}],"version-history":[{"count":1,"href":"https:\/\/elfederalmendoza.com.ar\/index.php\/wp-json\/wp\/v2\/posts\/22370\/revisions"}],"predecessor-version":[{"id":22372,"href":"https:\/\/elfederalmendoza.com.ar\/index.php\/wp-json\/wp\/v2\/posts\/22370\/revisions\/22372"}],"wp:featuredmedia":[{"embeddable":true,"href":"https:\/\/elfederalmendoza.com.ar\/index.php\/wp-json\/wp\/v2\/media\/22371"}],"wp:attachment":[{"href":"https:\/\/elfederalmendoza.com.ar\/index.php\/wp-json\/wp\/v2\/media?parent=22370"}],"wp:term":[{"taxonomy":"category","embeddable":true,"href":"https:\/\/elfederalmendoza.com.ar\/index.php\/wp-json\/wp\/v2\/categories?post=22370"},{"taxonomy":"post_tag","embeddable":true,"href":"https:\/\/elfederalmendoza.com.ar\/index.php\/wp-json\/wp\/v2\/tags?post=22370"}],"curies":[{"name":"wp","href":"https:\/\/api.w.org\/{rel}","templated":true}]}}