{"id":22373,"date":"2023-04-30T10:25:56","date_gmt":"2023-04-30T13:25:56","guid":{"rendered":"https:\/\/elfederalmendoza.com\/?p=22373"},"modified":"2023-04-30T10:25:57","modified_gmt":"2023-04-30T13:25:57","slug":"jorge-rial-fue-internado-en-colombia-tras-un-cuadro-cardiaco-complejo","status":"publish","type":"post","link":"https:\/\/elfederalmendoza.com.ar\/index.php\/2023\/04\/30\/jorge-rial-fue-internado-en-colombia-tras-un-cuadro-cardiaco-complejo\/","title":{"rendered":"Jorge Rial fue internado en Colombia tras \u00abun cuadro card\u00edaco complejo\u00bb\u00a0"},"content":{"rendered":"\n<p>El periodista&nbsp;<strong>Jorge Rial fue internado de urgencia<\/strong>&nbsp;en la ciudad colombiana de Bogot\u00e1 tras sufrir&nbsp;<strong>\u00abun cuadro card\u00edaco complejo\u00bb<\/strong>. Su estado de salud es \u00abestable\u00bb, inform\u00f3 este domingo su m\u00e9dico personal Guillermo Capuya.<\/p>\n\n\n\n<p>\u00abJorge tuvo un cuadro card\u00edaco complejo que&nbsp;<strong>se pudo resolver en Hemodinamia y<\/strong>&nbsp;<strong>ahora se encuentra estable<\/strong>\u00ab, comunic\u00f3&nbsp;Capuya sobre la situaci\u00f3n que atraviesa el conductor radial y televisivo en Colombia, a donde viaj\u00f3 el mi\u00e9rcoles pasado para disfrutar unos d\u00edas de vacaciones.<\/p>\n\n\n\n<p>\u00abEl que tiene contacto directamente con el m\u00e9dico de la UCI, o sea Unidad Coronaria, Terapia Intensiva, soy yo, que habl\u00e9 con los m\u00e9dicos mientras estaban haciendo el procedimiento y antes. Y&nbsp;<strong>Jorge se comunic\u00f3 conmigo antes de hacer el procedimiento para que yo est\u00e9 al tanto<\/strong>\u00ab, a\u00f1adi\u00f3.<\/p>\n\n\n\n<p>Rial est\u00e1 internado en la Cl\u00ednica del Country en la localidad de Chapinero. \u00abEst\u00e1 en el mejor lugar, tiene cobertura y asistencia, y est\u00e1 muy bien tratado\u00bb, remarc\u00f3 Capuya.<\/p>\n\n\n\n<p>La hija del conductor,<strong>&nbsp;Morena Rial<\/strong>, public\u00f3 en su cuenta de Instagram: \u201cComo es de p\u00fablico conocimiento mi padre sufri\u00f3 un episodio card\u00edaco y se encuentra internado.&nbsp;<strong>Les pido discreci\u00f3n sobre el tema. Con mi hermana estamos viajando hacia Colombia.<\/strong>&nbsp;Agradecemos su preocupaci\u00f3n\u201d.<\/p>\n\n\n\n<h2 class=\"wp-block-heading\">Los antecedentes card\u00edacos de Rial<\/h2>\n\n\n\n<p>Rial, que actualmente conduce dos programas diarios de su ciclo Argenzuela &#8211;por la ma\u00f1ana en<em>&nbsp;Radio 10<\/em>&nbsp;y por la tarde en&nbsp;<em>C5N<\/em>&#8211;, posee<strong>&nbsp;antecedentes card\u00edacos<\/strong>. En julio 2010, sufri\u00f3 un cuadro de hipertensi\u00f3n y fue intervenido quir\u00fargicamente: le colocaron un stent para apuntalar la pared de una de sus arterias.&nbsp;<\/p>\n\n\n\n<p>En 2014, le colocaron un segundo dispositivo similar. En octubre de 2020, se ausent\u00f3 de \u201cIntrusos en el Espect\u00e1culo\u201d por recomendaci\u00f3n m\u00e9dica y evaluaron implantarle un marcapasos y practicarle un cateterismo, pero finalmente solo le recomendaron reposo hasta que se compensara.<\/p>\n","protected":false},"excerpt":{"rendered":"<p>El periodista&nbsp;Jorge Rial fue internado de urgencia&nbsp;en la ciudad colombiana de Bogot\u00e1 tras sufrir&nbsp;\u00abun cuadro card\u00edaco complejo\u00bb. Su estado de salud es \u00abestable\u00bb, inform\u00f3 este domingo su m\u00e9dico personal Guillermo Capuya. \u00abJorge tuvo un cuadro card\u00edaco complejo que&nbsp;se pudo resolver en Hemodinamia y&nbsp;ahora se encuentra estable\u00ab, comunic\u00f3&nbsp;Capuya sobre la situaci\u00f3n que atraviesa el conductor radial<a class=\"read-more\" href=\"https:\/\/elfederalmendoza.com.ar\/index.php\/2023\/04\/30\/jorge-rial-fue-internado-en-colombia-tras-un-cuadro-cardiaco-complejo\/\"> [&hellip;]<\/a><\/p>\n","protected":false},"author":2,"featured_media":22374,"comment_status":"open","ping_status":"open","sticky":false,"template":"","format":"standard","meta":{"footnotes":""},"categories":[5618],"tags":[],"class_list":["post-22373","post","type-post","status-publish","format-standard","has-post-thumbnail","hentry","category-arg"],"rttpg_featured_image_url":{"full":["https:\/\/elfederalmendoza.com.ar\/wp-content\/uploads\/2023\/04\/jorge-rial1.jpg",960,640,false],"landscape":["https:\/\/elfederalmendoza.com.ar\/wp-content\/uploads\/2023\/04\/jorge-rial1.jpg",960,640,false],"portraits":["https:\/\/elfederalmendoza.com.ar\/wp-content\/uploads\/2023\/04\/jorge-rial1.jpg",960,640,false],"thumbnail":["https:\/\/elfederalmendoza.com.ar\/wp-content\/uploads\/2023\/04\/jorge-rial1-150x150.jpg",150,150,true],"medium":["https:\/\/elfederalmendoza.com.ar\/wp-content\/uploads\/2023\/04\/jorge-rial1-300x200.jpg",300,200,true],"large":["https:\/\/elfederalmendoza.com.ar\/wp-content\/uploads\/2023\/04\/jorge-rial1.jpg",640,427,false],"1536x1536":["https:\/\/elfederalmendoza.com.ar\/wp-content\/uploads\/2023\/04\/jorge-rial1.jpg",960,640,false],"2048x2048":["https:\/\/elfederalmendoza.com.ar\/wp-content\/uploads\/2023\/04\/jorge-rial1.jpg",960,640,false],"ultp_layout_landscape_large":["https:\/\/elfederalmendoza.com.ar\/wp-content\/uploads\/2023\/04\/jorge-rial1.jpg",960,640,false],"ultp_layout_landscape":["https:\/\/elfederalmendoza.com.ar\/wp-content\/uploads\/2023\/04\/jorge-rial1-870x570.jpg",870,570,true],"ultp_layout_portrait":["https:\/\/elfederalmendoza.com.ar\/wp-content\/uploads\/2023\/04\/jorge-rial1-600x640.jpg",600,640,true],"ultp_layout_square":["https:\/\/elfederalmendoza.com.ar\/wp-content\/uploads\/2023\/04\/jorge-rial1-600x600.jpg",600,600,true],"rpwe-thumbnail":["https:\/\/elfederalmendoza.com.ar\/wp-content\/uploads\/2023\/04\/jorge-rial1-45x45.jpg",45,45,true],"advps-thumb-one":["https:\/\/elfederalmendoza.com.ar\/wp-content\/uploads\/2023\/04\/jorge-rial1-960x420.jpg",960,420,true]},"rttpg_author":{"display_name":"Redacci\u00f3n El Federal","author_link":"https:\/\/elfederalmendoza.com.ar\/index.php\/author\/angelflores\/"},"rttpg_comment":0,"rttpg_category":"<a href=\"https:\/\/elfederalmendoza.com.ar\/index.php\/category\/arg\/\" rel=\"category tag\">Argentina<\/a>","rttpg_excerpt":"El periodista&nbsp;Jorge Rial fue internado de urgencia&nbsp;en la ciudad colombiana de Bogot\u00e1 tras sufrir&nbsp;\u00abun cuadro card\u00edaco complejo\u00bb. Su estado de salud es \u00abestable\u00bb, inform\u00f3 este domingo su m\u00e9dico personal Guillermo Capuya. \u00abJorge tuvo un cuadro card\u00edaco complejo que&nbsp;se pudo resolver en Hemodinamia y&nbsp;ahora se encuentra estable\u00ab, comunic\u00f3&nbsp;Capuya sobre la situaci\u00f3n que atraviesa el conductor radial&hellip;","_links":{"self":[{"href":"https:\/\/elfederalmendoza.com.ar\/index.php\/wp-json\/wp\/v2\/posts\/22373","targetHints":{"allow":["GET"]}}],"collection":[{"href":"https:\/\/elfederalmendoza.com.ar\/index.php\/wp-json\/wp\/v2\/posts"}],"about":[{"href":"https:\/\/elfederalmendoza.com.ar\/index.php\/wp-json\/wp\/v2\/types\/post"}],"author":[{"embeddable":true,"href":"https:\/\/elfederalmendoza.com.ar\/index.php\/wp-json\/wp\/v2\/users\/2"}],"replies":[{"embeddable":true,"href":"https:\/\/elfederalmendoza.com.ar\/index.php\/wp-json\/wp\/v2\/comments?post=22373"}],"version-history":[{"count":1,"href":"https:\/\/elfederalmendoza.com.ar\/index.php\/wp-json\/wp\/v2\/posts\/22373\/revisions"}],"predecessor-version":[{"id":22375,"href":"https:\/\/elfederalmendoza.com.ar\/index.php\/wp-json\/wp\/v2\/posts\/22373\/revisions\/22375"}],"wp:featuredmedia":[{"embeddable":true,"href":"https:\/\/elfederalmendoza.com.ar\/index.php\/wp-json\/wp\/v2\/media\/22374"}],"wp:attachment":[{"href":"https:\/\/elfederalmendoza.com.ar\/index.php\/wp-json\/wp\/v2\/media?parent=22373"}],"wp:term":[{"taxonomy":"category","embeddable":true,"href":"https:\/\/elfederalmendoza.com.ar\/index.php\/wp-json\/wp\/v2\/categories?post=22373"},{"taxonomy":"post_tag","embeddable":true,"href":"https:\/\/elfederalmendoza.com.ar\/index.php\/wp-json\/wp\/v2\/tags?post=22373"}],"curies":[{"name":"wp","href":"https:\/\/api.w.org\/{rel}","templated":true}]}}