{"id":22376,"date":"2023-04-30T10:55:39","date_gmt":"2023-04-30T13:55:39","guid":{"rendered":"https:\/\/elfederalmendoza.com\/?p=22376"},"modified":"2023-04-30T10:55:39","modified_gmt":"2023-04-30T13:55:39","slug":"con-el-debut-de-la-boleta-unica-se-vota-en-siete-departamentos-de-mendoza","status":"publish","type":"post","link":"https:\/\/elfederalmendoza.com.ar\/index.php\/2023\/04\/30\/con-el-debut-de-la-boleta-unica-se-vota-en-siete-departamentos-de-mendoza\/","title":{"rendered":"Con el debut de la boleta \u00fanica, se vota en siete departamentos de Mendoza"},"content":{"rendered":"\n<p>Este domingo se realizar\u00e1n las Primarias Abiertas, Simult\u00e1neas y Obligatorias (PASO 2023) para estas\u00a0<strong>elecciones 2023<\/strong>\u00a0en siete departamentos de la provincia, y debutar\u00e1 formalmente el sistema de boleta \u00fanica papel.<\/p>\n\n\n\n<p>Los comicios ser\u00e1n en\u00a0<strong>Lavalle, La Paz, Santa Rosa, Maip\u00fa, Tunuy\u00e1n, San Carlos y San Rafael<\/strong>\u00a0y se definir\u00e1 qui\u00e9nes ser\u00e1n candidatos\/as en el acto electoral del 3 de septiembre.<\/p>\n\n\n\n<p><strong>Los cargos que se eligen son los de siete intendencias y la mitad de las y los integrantes de cada uno de los concejos deliberantes<\/strong>, es decir, seis o cinco seg\u00fan la comuna.<\/p>\n\n\n\n<figure class=\"wp-block-image is-resized\"><img loading=\"lazy\" decoding=\"async\" src=\"https:\/\/media.sitioandino.com.ar\/p\/fb75693d7c20ba1ffb8ee87699752421\/adjuntos\/335\/imagenes\/000\/623\/0000623661\/790x0\/smart\/boleta-unicajpg.jpg\" alt=\"Se estrena la boleta \u00fanica en estas elecciones 2023.\" width=\"953\" height=\"636\"\/><\/figure>\n\n\n\n<p>Se estrena la boleta \u00fanica en estas elecciones 2023.<\/p>\n\n\n\n<p>Foto: Yemel Fil<\/p>\n\n\n\n<p>Para poder competir en esa fecha,<strong>&nbsp;los frentes o partidos pol\u00edticos deber\u00e1n superar el umbral de 3% de votos<\/strong>&nbsp;y, adem\u00e1s, ganar la interna -si es que la hubiere-.<\/p>\n\n\n\n<p>Aprobada en 2022, ser\u00e1 el inicio de la utilizaci\u00f3n de la<strong>&nbsp;boleta \u00fanica<\/strong>&nbsp;papel. Esta nueva herramienta elimina las boletas partidarias o \u00abs\u00e1bana\u00bb e incluye en una misma hoja toda la opci\u00f3n electoral. Durante las \u00faltimas semanas se realizaron capacitaciones para conocer c\u00f3mo funciona y, este domingo, habr\u00e1 instructivos en las escuelas.<\/p>\n\n\n\n<p><strong>Para poder sufragar se deber\u00e1 asistir con DNI de 8 a 18 en el colegio asignado: pod\u00e9s revisar el\u00a0<a href=\"https:\/\/padron20230430.mendoza.gov.ar\/eleccion230430padron\/hpad0001\" target=\"_blank\" rel=\"noreferrer noopener\">padr\u00f3n electoral para estas elecciones en el este link<\/a>.<\/strong><\/p>\n","protected":false},"excerpt":{"rendered":"<p>Este domingo se realizar\u00e1n las Primarias Abiertas, Simult\u00e1neas y Obligatorias (PASO 2023) para estas\u00a0elecciones 2023\u00a0en siete departamentos de la provincia, y debutar\u00e1 formalmente el sistema de boleta \u00fanica papel. Los comicios ser\u00e1n en\u00a0Lavalle, La Paz, Santa Rosa, Maip\u00fa, Tunuy\u00e1n, San Carlos y San Rafael\u00a0y se definir\u00e1 qui\u00e9nes ser\u00e1n candidatos\/as en el acto electoral del 3<a class=\"read-more\" href=\"https:\/\/elfederalmendoza.com.ar\/index.php\/2023\/04\/30\/con-el-debut-de-la-boleta-unica-se-vota-en-siete-departamentos-de-mendoza\/\"> [&hellip;]<\/a><\/p>\n","protected":false},"author":2,"featured_media":22377,"comment_status":"open","ping_status":"open","sticky":false,"template":"","format":"standard","meta":{"footnotes":""},"categories":[1],"tags":[],"class_list":["post-22376","post","type-post","status-publish","format-standard","has-post-thumbnail","hentry","category-mza"],"rttpg_featured_image_url":{"full":["https:\/\/elfederalmendoza.com.ar\/wp-content\/uploads\/2023\/04\/paso-mendoza.jpg",847,566,false],"landscape":["https:\/\/elfederalmendoza.com.ar\/wp-content\/uploads\/2023\/04\/paso-mendoza.jpg",847,566,false],"portraits":["https:\/\/elfederalmendoza.com.ar\/wp-content\/uploads\/2023\/04\/paso-mendoza.jpg",847,566,false],"thumbnail":["https:\/\/elfederalmendoza.com.ar\/wp-content\/uploads\/2023\/04\/paso-mendoza-150x150.jpg",150,150,true],"medium":["https:\/\/elfederalmendoza.com.ar\/wp-content\/uploads\/2023\/04\/paso-mendoza-300x200.jpg",300,200,true],"large":["https:\/\/elfederalmendoza.com.ar\/wp-content\/uploads\/2023\/04\/paso-mendoza.jpg",640,428,false],"1536x1536":["https:\/\/elfederalmendoza.com.ar\/wp-content\/uploads\/2023\/04\/paso-mendoza.jpg",847,566,false],"2048x2048":["https:\/\/elfederalmendoza.com.ar\/wp-content\/uploads\/2023\/04\/paso-mendoza.jpg",847,566,false],"ultp_layout_landscape_large":["https:\/\/elfederalmendoza.com.ar\/wp-content\/uploads\/2023\/04\/paso-mendoza.jpg",847,566,false],"ultp_layout_landscape":["https:\/\/elfederalmendoza.com.ar\/wp-content\/uploads\/2023\/04\/paso-mendoza.jpg",847,566,false],"ultp_layout_portrait":["https:\/\/elfederalmendoza.com.ar\/wp-content\/uploads\/2023\/04\/paso-mendoza-600x566.jpg",600,566,true],"ultp_layout_square":["https:\/\/elfederalmendoza.com.ar\/wp-content\/uploads\/2023\/04\/paso-mendoza-600x566.jpg",600,566,true],"rpwe-thumbnail":["https:\/\/elfederalmendoza.com.ar\/wp-content\/uploads\/2023\/04\/paso-mendoza-45x45.jpg",45,45,true],"advps-thumb-one":["https:\/\/elfederalmendoza.com.ar\/wp-content\/uploads\/2023\/04\/paso-mendoza-847x420.jpg",847,420,true]},"rttpg_author":{"display_name":"Redacci\u00f3n El Federal","author_link":"https:\/\/elfederalmendoza.com.ar\/index.php\/author\/angelflores\/"},"rttpg_comment":0,"rttpg_category":"<a href=\"https:\/\/elfederalmendoza.com.ar\/index.php\/category\/mza\/\" rel=\"category tag\">Mendoza<\/a>","rttpg_excerpt":"Este domingo se realizar\u00e1n las Primarias Abiertas, Simult\u00e1neas y Obligatorias (PASO 2023) para estas\u00a0elecciones 2023\u00a0en siete departamentos de la provincia, y debutar\u00e1 formalmente el sistema de boleta \u00fanica papel. Los comicios ser\u00e1n en\u00a0Lavalle, La Paz, Santa Rosa, Maip\u00fa, Tunuy\u00e1n, San Carlos y San Rafael\u00a0y se definir\u00e1 qui\u00e9nes ser\u00e1n candidatos\/as en el acto electoral del 3&hellip;","_links":{"self":[{"href":"https:\/\/elfederalmendoza.com.ar\/index.php\/wp-json\/wp\/v2\/posts\/22376","targetHints":{"allow":["GET"]}}],"collection":[{"href":"https:\/\/elfederalmendoza.com.ar\/index.php\/wp-json\/wp\/v2\/posts"}],"about":[{"href":"https:\/\/elfederalmendoza.com.ar\/index.php\/wp-json\/wp\/v2\/types\/post"}],"author":[{"embeddable":true,"href":"https:\/\/elfederalmendoza.com.ar\/index.php\/wp-json\/wp\/v2\/users\/2"}],"replies":[{"embeddable":true,"href":"https:\/\/elfederalmendoza.com.ar\/index.php\/wp-json\/wp\/v2\/comments?post=22376"}],"version-history":[{"count":1,"href":"https:\/\/elfederalmendoza.com.ar\/index.php\/wp-json\/wp\/v2\/posts\/22376\/revisions"}],"predecessor-version":[{"id":22378,"href":"https:\/\/elfederalmendoza.com.ar\/index.php\/wp-json\/wp\/v2\/posts\/22376\/revisions\/22378"}],"wp:featuredmedia":[{"embeddable":true,"href":"https:\/\/elfederalmendoza.com.ar\/index.php\/wp-json\/wp\/v2\/media\/22377"}],"wp:attachment":[{"href":"https:\/\/elfederalmendoza.com.ar\/index.php\/wp-json\/wp\/v2\/media?parent=22376"}],"wp:term":[{"taxonomy":"category","embeddable":true,"href":"https:\/\/elfederalmendoza.com.ar\/index.php\/wp-json\/wp\/v2\/categories?post=22376"},{"taxonomy":"post_tag","embeddable":true,"href":"https:\/\/elfederalmendoza.com.ar\/index.php\/wp-json\/wp\/v2\/tags?post=22376"}],"curies":[{"name":"wp","href":"https:\/\/api.w.org\/{rel}","templated":true}]}}