{"id":22379,"date":"2023-04-30T06:14:00","date_gmt":"2023-04-30T09:14:00","guid":{"rendered":"https:\/\/elfederalmendoza.com\/?p=22379"},"modified":"2023-04-30T11:17:07","modified_gmt":"2023-04-30T14:17:07","slug":"una-ex-gran-hermano-revelo-que-tiene-que-pagar-2-millones-de-pesos-a-telefe-porque-quiere-ir-al-bailando-de-tinelli","status":"publish","type":"post","link":"https:\/\/elfederalmendoza.com.ar\/index.php\/2023\/04\/30\/una-ex-gran-hermano-revelo-que-tiene-que-pagar-2-millones-de-pesos-a-telefe-porque-quiere-ir-al-bailando-de-tinelli\/","title":{"rendered":"Una ex Gran Hermano revel\u00f3 que tiene que pagar 2 millones de pesos a TELEFE porque quiere ir al bailando de Tinelli"},"content":{"rendered":"\n<p>El viernes por la noche,&nbsp;<strong>Coti<\/strong>&nbsp;de&nbsp;<strong>Gran Hermano<\/strong>&nbsp;le dio una nota a LAM y los fan\u00e1ticos de las redes sociales comenzaron a pedir por su incorporaci\u00f3n al programa de&nbsp;<strong>Am\u00e9rica<\/strong>. Sin embargo, ella aclar\u00f3 cu\u00e1nto deber\u00eda pagarle a la producci\u00f3n de Telefe para desvincularse.<\/p>\n\n\n\n<p>\u201cTengo que abonar una multa de 2 millones de pesos\u201d, revel\u00f3&nbsp;<strong>Coti Romero<\/strong>&nbsp;en di\u00e1logo con \u00c1ngel de Brito y las Angelitas, en LAM, quienes quedaron completamente sorprendidos por la desorbitante cifra.<\/p>\n\n\n\n<p>Sobre esto, la ex Gran Hermano cont\u00f3 que la productora Kuarzo le acerc\u00f3 varias propuestas laborales, que no la terminaron de convencer. <strong>\u201cYo quiero ir al Bailando 2023 y ser Angelita\u201d<\/strong>, confes\u00f3&nbsp;<strong>Coti<\/strong>.<\/p>\n\n\n\n<figure class=\"wp-block-embed is-type-video is-provider-youtube wp-block-embed-youtube wp-embed-aspect-16-9 wp-has-aspect-ratio\"><div class=\"wp-block-embed__wrapper\">\n<iframe loading=\"lazy\" title=\"\ud83d\udd25 Coti Romero, la m\u00e1s picante del reality: &quot;Quiero ser angelita y estar en el Bailando 2023&quot;\" width=\"640\" height=\"360\" src=\"https:\/\/www.youtube.com\/embed\/6uqdrP7XtAg?feature=oembed\" frameborder=\"0\" allow=\"accelerometer; autoplay; clipboard-write; encrypted-media; gyroscope; picture-in-picture; web-share\" referrerpolicy=\"strict-origin-when-cross-origin\" allowfullscreen><\/iframe>\n<\/div><\/figure>\n\n\n\n<p>Al parecer, el deseo de la correntina deber\u00e1 esperar para hacerse realidad, dado que, por la alt\u00edsima suma de dinero que tiene que desenvolver para liberarse de Telefe, es le hace imposible llegar a<strong>&nbsp;Am\u00e9rica<\/strong>.<\/p>\n\n\n\n<p>Hasta el momento, el \u00fanico confirmado en el Bailando por un Sue\u00f1o, que comenzar\u00e1 en la segunda mitad del a\u00f1o, es Tom\u00e1s Holder, quien fuera el primer eliminado de la \u00faltima edici\u00f3n de&nbsp;<strong>Gran Hermano<\/strong>.<\/p>\n\n\n\n<p>Otros ex participantes del reality de la casa m\u00e1s famosa cuyos nombres est\u00e1n dando vueltas desde hace algunas semanas son los de Alfa y Julieta Poggio, aunque por ahora no hay ninguna confirmaci\u00f3n.<\/p>\n\n\n\n<figure class=\"wp-block-image is-resized\"><img loading=\"lazy\" decoding=\"async\" src=\"https:\/\/www.mdzol.com\/u\/fotografias\/m\/2023\/4\/29\/f768x1-1403274_1403401_123.jpg\" alt=\"Coti Romero, de Gran Hermano.\" width=\"955\" height=\"1176\"\/><figcaption class=\"wp-element-caption\">COTI ROMERO QUIERE DESPRENDERSE DE GRAN HERMANO Y MARCHARSE A AM\u00c9RICA. FOTO: @COTYROMMERO.<\/figcaption><\/figure>\n\n\n\n<p><br>En cuanto a&nbsp;<strong>Coti<\/strong>, recibi\u00f3 el fuerte apoyo de los usuarios de las redes sociales para llegar a&nbsp;<strong>Am\u00e9rica<\/strong>, en especial a LAM. Incluso, \u00c1ngel de Brito, el conductor del programa, retuite\u00f3 muchos de esos mensajes.<br><br><strong>Coti<\/strong>&nbsp;sali\u00f3 de la casa de&nbsp;<strong>Gran Hermano<\/strong>&nbsp;producto de un alto rechazo del p\u00fablico, dado que, por sus estrategias, su imagen se fue desgastando. Sin embargo, afuera logr\u00f3 construir una fuerte popularidad.<\/p>\n","protected":false},"excerpt":{"rendered":"<p>El viernes por la noche,&nbsp;Coti&nbsp;de&nbsp;Gran Hermano&nbsp;le dio una nota a LAM y los fan\u00e1ticos de las redes sociales comenzaron a pedir por su incorporaci\u00f3n al programa de&nbsp;Am\u00e9rica. Sin embargo, ella aclar\u00f3 cu\u00e1nto deber\u00eda pagarle a la producci\u00f3n de Telefe para desvincularse. \u201cTengo que abonar una multa de 2 millones de pesos\u201d, revel\u00f3&nbsp;Coti Romero&nbsp;en di\u00e1logo con<a class=\"read-more\" href=\"https:\/\/elfederalmendoza.com.ar\/index.php\/2023\/04\/30\/una-ex-gran-hermano-revelo-que-tiene-que-pagar-2-millones-de-pesos-a-telefe-porque-quiere-ir-al-bailando-de-tinelli\/\"> [&hellip;]<\/a><\/p>\n","protected":false},"author":2,"featured_media":22382,"comment_status":"open","ping_status":"open","sticky":false,"template":"","format":"standard","meta":{"footnotes":""},"categories":[5618],"tags":[],"class_list":["post-22379","post","type-post","status-publish","format-standard","has-post-thumbnail","hentry","category-arg"],"rttpg_featured_image_url":{"full":["https:\/\/elfederalmendoza.com.ar\/wp-content\/uploads\/2023\/04\/gh-minas1.jpg",935,497,false],"landscape":["https:\/\/elfederalmendoza.com.ar\/wp-content\/uploads\/2023\/04\/gh-minas1.jpg",935,497,false],"portraits":["https:\/\/elfederalmendoza.com.ar\/wp-content\/uploads\/2023\/04\/gh-minas1.jpg",935,497,false],"thumbnail":["https:\/\/elfederalmendoza.com.ar\/wp-content\/uploads\/2023\/04\/gh-minas1-150x150.jpg",150,150,true],"medium":["https:\/\/elfederalmendoza.com.ar\/wp-content\/uploads\/2023\/04\/gh-minas1-300x159.jpg",300,159,true],"large":["https:\/\/elfederalmendoza.com.ar\/wp-content\/uploads\/2023\/04\/gh-minas1.jpg",640,340,false],"1536x1536":["https:\/\/elfederalmendoza.com.ar\/wp-content\/uploads\/2023\/04\/gh-minas1.jpg",935,497,false],"2048x2048":["https:\/\/elfederalmendoza.com.ar\/wp-content\/uploads\/2023\/04\/gh-minas1.jpg",935,497,false],"ultp_layout_landscape_large":["https:\/\/elfederalmendoza.com.ar\/wp-content\/uploads\/2023\/04\/gh-minas1.jpg",935,497,false],"ultp_layout_landscape":["https:\/\/elfederalmendoza.com.ar\/wp-content\/uploads\/2023\/04\/gh-minas1-870x497.jpg",870,497,true],"ultp_layout_portrait":["https:\/\/elfederalmendoza.com.ar\/wp-content\/uploads\/2023\/04\/gh-minas1-600x497.jpg",600,497,true],"ultp_layout_square":["https:\/\/elfederalmendoza.com.ar\/wp-content\/uploads\/2023\/04\/gh-minas1-600x497.jpg",600,497,true],"rpwe-thumbnail":["https:\/\/elfederalmendoza.com.ar\/wp-content\/uploads\/2023\/04\/gh-minas1-45x45.jpg",45,45,true],"advps-thumb-one":["https:\/\/elfederalmendoza.com.ar\/wp-content\/uploads\/2023\/04\/gh-minas1-935x420.jpg",935,420,true]},"rttpg_author":{"display_name":"Redacci\u00f3n El Federal","author_link":"https:\/\/elfederalmendoza.com.ar\/index.php\/author\/angelflores\/"},"rttpg_comment":0,"rttpg_category":"<a href=\"https:\/\/elfederalmendoza.com.ar\/index.php\/category\/arg\/\" rel=\"category tag\">Argentina<\/a>","rttpg_excerpt":"El viernes por la noche,&nbsp;Coti&nbsp;de&nbsp;Gran Hermano&nbsp;le dio una nota a LAM y los fan\u00e1ticos de las redes sociales comenzaron a pedir por su incorporaci\u00f3n al programa de&nbsp;Am\u00e9rica. Sin embargo, ella aclar\u00f3 cu\u00e1nto deber\u00eda pagarle a la producci\u00f3n de Telefe para desvincularse. \u201cTengo que abonar una multa de 2 millones de pesos\u201d, revel\u00f3&nbsp;Coti Romero&nbsp;en di\u00e1logo con&hellip;","_links":{"self":[{"href":"https:\/\/elfederalmendoza.com.ar\/index.php\/wp-json\/wp\/v2\/posts\/22379","targetHints":{"allow":["GET"]}}],"collection":[{"href":"https:\/\/elfederalmendoza.com.ar\/index.php\/wp-json\/wp\/v2\/posts"}],"about":[{"href":"https:\/\/elfederalmendoza.com.ar\/index.php\/wp-json\/wp\/v2\/types\/post"}],"author":[{"embeddable":true,"href":"https:\/\/elfederalmendoza.com.ar\/index.php\/wp-json\/wp\/v2\/users\/2"}],"replies":[{"embeddable":true,"href":"https:\/\/elfederalmendoza.com.ar\/index.php\/wp-json\/wp\/v2\/comments?post=22379"}],"version-history":[{"count":2,"href":"https:\/\/elfederalmendoza.com.ar\/index.php\/wp-json\/wp\/v2\/posts\/22379\/revisions"}],"predecessor-version":[{"id":22383,"href":"https:\/\/elfederalmendoza.com.ar\/index.php\/wp-json\/wp\/v2\/posts\/22379\/revisions\/22383"}],"wp:featuredmedia":[{"embeddable":true,"href":"https:\/\/elfederalmendoza.com.ar\/index.php\/wp-json\/wp\/v2\/media\/22382"}],"wp:attachment":[{"href":"https:\/\/elfederalmendoza.com.ar\/index.php\/wp-json\/wp\/v2\/media?parent=22379"}],"wp:term":[{"taxonomy":"category","embeddable":true,"href":"https:\/\/elfederalmendoza.com.ar\/index.php\/wp-json\/wp\/v2\/categories?post=22379"},{"taxonomy":"post_tag","embeddable":true,"href":"https:\/\/elfederalmendoza.com.ar\/index.php\/wp-json\/wp\/v2\/tags?post=22379"}],"curies":[{"name":"wp","href":"https:\/\/api.w.org\/{rel}","templated":true}]}}